{"id":100,"date":"2015-10-12T06:37:32","date_gmt":"2015-10-12T06:37:32","guid":{"rendered":"http:\/\/oanastanciulescu.ro\/?p=100"},"modified":"2015-10-12T06:43:29","modified_gmt":"2015-10-12T06:43:29","slug":"s-o-s-mostenirea-lui-bratianu-praduita","status":"publish","type":"post","link":"https:\/\/oanastanciulescu.ro\/index.php\/2015\/10\/12\/s-o-s-mostenirea-lui-bratianu-praduita\/","title":{"rendered":"S.O.S. MO\u0218TENIREA lui Br\u0103tianu, PR\u0102DUIT\u0102"},"content":{"rendered":"<p>Cum mergi pe strada Biserica Amzei, pu\u021bin mai sus de Ambasada Fran\u021bei, ascuns\u0103 oarecum de privirile trec\u0103torilor gr\u0103bi\u021bi, se dezv\u0103luie A\u0219ez\u0103mintele Br\u0103tianu. Din prima secund\u0103 dup\u0103 ce dai ochii de cl\u0103direa alt\u0103dat\u0103 superb\u0103 r\u0103m\u00e2i mut. Abia dac\u0103 mai po\u021bi articula un cuv\u00e2nt. Iar g\u00e2ndul care \u00ee\u021bi \u00eencol\u021be\u0219te pe loc este ce pedeaps\u0103 merit\u0103 to\u021bi tic\u0103lo\u0219ii, to\u021bi impostorii care au ajuns \u00een fruntea \u021b\u0103rii \u0219i au devalizat-o, au l\u0103sat-o \u00een paragin\u0103.<br \/>\nTot acest sentiment te domin\u0103 p\u00e2n\u0103 pleci. Pentru to\u021bi ho\u021bii care au furat f\u0103r\u0103 s\u0103 fac\u0103 nimic pentru \u021bara asta s\u0103 spunem un singur lucru despre Ionel Br\u0103tianu \u2013 de cinci ori prim ministru, a fost printre cei mai mari oameni de stat pe care i-a avut vreodat\u0103 Rom\u00e2nia, Iat\u0103 cum arat\u0103 ast\u0103zi A\u0219ez\u0103mintele Br\u0103tianu, cum au fost l\u0103sate s\u0103 ajung\u0103.<\/p>\n<p><a href=\"https:\/\/oanastanciulescu.ro\/wp-content\/uploads\/2015\/10\/Fotografie-0003.jpg\"><img decoding=\"async\" loading=\"lazy\" class=\"alignleft size-thumbnail wp-image-101\" src=\"https:\/\/oanastanciulescu.ro\/wp-content\/uploads\/2015\/10\/Fotografie-0003-150x150.jpg\" alt=\"Fotografie-0003\" width=\"150\" height=\"150\" srcset=\"https:\/\/oanastanciulescu.ro\/wp-content\/uploads\/2015\/10\/Fotografie-0003-150x150.jpg 150w, https:\/\/oanastanciulescu.ro\/wp-content\/uploads\/2015\/10\/Fotografie-0003-160x160.jpg 160w, https:\/\/oanastanciulescu.ro\/wp-content\/uploads\/2015\/10\/Fotografie-0003-320x320.jpg 320w\" sizes=\"(max-width: 150px) 100vw, 150px\" \/><\/a><\/p>\n<p>&nbsp;<\/p>\n<p>&nbsp;<\/p>\n<p>&nbsp;<\/p>\n<p><a href=\"https:\/\/oanastanciulescu.ro\/wp-content\/uploads\/2015\/10\/Fotografie-0013.jpg\"><img decoding=\"async\" loading=\"lazy\" class=\"alignleft size-thumbnail wp-image-102\" src=\"https:\/\/oanastanciulescu.ro\/wp-content\/uploads\/2015\/10\/Fotografie-0013-150x150.jpg\" alt=\"Fotografie-0013\" width=\"150\" height=\"150\" srcset=\"https:\/\/oanastanciulescu.ro\/wp-content\/uploads\/2015\/10\/Fotografie-0013-150x150.jpg 150w, https:\/\/oanastanciulescu.ro\/wp-content\/uploads\/2015\/10\/Fotografie-0013-160x160.jpg 160w, https:\/\/oanastanciulescu.ro\/wp-content\/uploads\/2015\/10\/Fotografie-0013-320x320.jpg 320w\" sizes=\"(max-width: 150px) 100vw, 150px\" \/><\/a><\/p>\n<p>Tencuial\u0103 c\u0103zut\u0103, m\u0103cinat\u0103, deteriorarea cl\u0103dirii este avansat\u0103 \u0219i nimeni nu pare impresionat.<\/p>\n<p>&nbsp;<\/p>\n<p>&nbsp;<\/p>\n<p>&nbsp;<\/p>\n<p><a href=\"https:\/\/oanastanciulescu.ro\/wp-content\/uploads\/2015\/10\/WP_20151009_041.jpg\"><img decoding=\"async\" loading=\"lazy\" class=\"alignleft size-thumbnail wp-image-104\" src=\"https:\/\/oanastanciulescu.ro\/wp-content\/uploads\/2015\/10\/WP_20151009_041-150x150.jpg\" alt=\"WP_20151009_041\" width=\"150\" height=\"150\" srcset=\"https:\/\/oanastanciulescu.ro\/wp-content\/uploads\/2015\/10\/WP_20151009_041-150x150.jpg 150w, https:\/\/oanastanciulescu.ro\/wp-content\/uploads\/2015\/10\/WP_20151009_041-160x160.jpg 160w, https:\/\/oanastanciulescu.ro\/wp-content\/uploads\/2015\/10\/WP_20151009_041-320x320.jpg 320w\" sizes=\"(max-width: 150px) 100vw, 150px\" \/><\/a><\/p>\n<p>&nbsp;<\/p>\n<p>&nbsp;<\/p>\n<p>&nbsp;<\/p>\n<p>&nbsp;<\/p>\n<p><a href=\"https:\/\/oanastanciulescu.ro\/wp-content\/uploads\/2015\/10\/WP_20151009_010.jpg\"><img decoding=\"async\" loading=\"lazy\" class=\"alignleft size-thumbnail wp-image-105\" src=\"https:\/\/oanastanciulescu.ro\/wp-content\/uploads\/2015\/10\/WP_20151009_010-150x150.jpg\" alt=\"WP_20151009_010\" width=\"150\" height=\"150\" srcset=\"https:\/\/oanastanciulescu.ro\/wp-content\/uploads\/2015\/10\/WP_20151009_010-150x150.jpg 150w, https:\/\/oanastanciulescu.ro\/wp-content\/uploads\/2015\/10\/WP_20151009_010-160x160.jpg 160w, https:\/\/oanastanciulescu.ro\/wp-content\/uploads\/2015\/10\/WP_20151009_010-320x320.jpg 320w\" sizes=\"(max-width: 150px) 100vw, 150px\" \/><\/a>Azi sunt libera, m\u00e2ine mor \u00eemplinit\u0103, a scris cineva pe zidul exterior al cl\u0103dirii. Oare? \u00eentreb \u0219i eu, ca \u0219i alt cet\u0103\u021bean care a g\u0103sit de cuviin\u021b\u0103 s\u0103-i r\u0103spund\u0103 \u00een scris.<\/p>\n<p>&nbsp;<\/p>\n<p>&nbsp;<\/p>\n<p><a href=\"https:\/\/oanastanciulescu.ro\/wp-content\/uploads\/2015\/10\/WP_20151009_045.jpg\"><img decoding=\"async\" loading=\"lazy\" class=\"alignleft size-thumbnail wp-image-106\" src=\"https:\/\/oanastanciulescu.ro\/wp-content\/uploads\/2015\/10\/WP_20151009_045-150x150.jpg\" alt=\"WP_20151009_045\" width=\"150\" height=\"150\" srcset=\"https:\/\/oanastanciulescu.ro\/wp-content\/uploads\/2015\/10\/WP_20151009_045-150x150.jpg 150w, https:\/\/oanastanciulescu.ro\/wp-content\/uploads\/2015\/10\/WP_20151009_045-160x160.jpg 160w, https:\/\/oanastanciulescu.ro\/wp-content\/uploads\/2015\/10\/WP_20151009_045-320x320.jpg 320w\" sizes=\"(max-width: 150px) 100vw, 150px\" \/><\/a>O ma\u0219in\u0103 veche, care nu mai e func\u021bional\u0103 este abandonat\u0103 chiar la fereastra biroului \u00een care a lucrat Ionel Br\u0103tianu.<\/p>\n<p>&nbsp;<\/p>\n<p>&nbsp;<\/p>\n<p>&nbsp;<\/p>\n<p><a href=\"https:\/\/oanastanciulescu.ro\/wp-content\/uploads\/2015\/10\/WP_20151009_033.jpg\"><img decoding=\"async\" loading=\"lazy\" class=\"alignleft size-thumbnail wp-image-107\" src=\"https:\/\/oanastanciulescu.ro\/wp-content\/uploads\/2015\/10\/WP_20151009_033-150x150.jpg\" alt=\"WP_20151009_033\" width=\"150\" height=\"150\" srcset=\"https:\/\/oanastanciulescu.ro\/wp-content\/uploads\/2015\/10\/WP_20151009_033-150x150.jpg 150w, https:\/\/oanastanciulescu.ro\/wp-content\/uploads\/2015\/10\/WP_20151009_033-160x160.jpg 160w, https:\/\/oanastanciulescu.ro\/wp-content\/uploads\/2015\/10\/WP_20151009_033-320x320.jpg 320w\" sizes=\"(max-width: 150px) 100vw, 150px\" \/><\/a><\/p>\n<p>&nbsp;<\/p>\n<p>&nbsp;<\/p>\n<p>&nbsp;<\/p>\n<p>&nbsp;<\/p>\n<p><a href=\"https:\/\/oanastanciulescu.ro\/wp-content\/uploads\/2015\/10\/Fotografie-0006.jpg\"><img decoding=\"async\" loading=\"lazy\" class=\"alignleft size-thumbnail wp-image-108\" src=\"https:\/\/oanastanciulescu.ro\/wp-content\/uploads\/2015\/10\/Fotografie-0006-150x150.jpg\" alt=\"Fotografie-0006\" width=\"150\" height=\"150\" srcset=\"https:\/\/oanastanciulescu.ro\/wp-content\/uploads\/2015\/10\/Fotografie-0006-150x150.jpg 150w, https:\/\/oanastanciulescu.ro\/wp-content\/uploads\/2015\/10\/Fotografie-0006-160x160.jpg 160w, https:\/\/oanastanciulescu.ro\/wp-content\/uploads\/2015\/10\/Fotografie-0006-320x320.jpg 320w\" sizes=\"(max-width: 150px) 100vw, 150px\" \/><\/a><\/p>\n<p>&nbsp;<\/p>\n<p>&nbsp;<\/p>\n<p>&nbsp;<\/p>\n<p><a href=\"https:\/\/oanastanciulescu.ro\/wp-content\/uploads\/2015\/10\/WP_20151009_044.jpg\"><img decoding=\"async\" loading=\"lazy\" class=\"alignleft size-thumbnail wp-image-110\" src=\"https:\/\/oanastanciulescu.ro\/wp-content\/uploads\/2015\/10\/WP_20151009_044-150x150.jpg\" alt=\"WP_20151009_044\" width=\"150\" height=\"150\" srcset=\"https:\/\/oanastanciulescu.ro\/wp-content\/uploads\/2015\/10\/WP_20151009_044-150x150.jpg 150w, https:\/\/oanastanciulescu.ro\/wp-content\/uploads\/2015\/10\/WP_20151009_044-160x160.jpg 160w, https:\/\/oanastanciulescu.ro\/wp-content\/uploads\/2015\/10\/WP_20151009_044-320x320.jpg 320w\" sizes=\"(max-width: 150px) 100vw, 150px\" \/><\/a><\/p>\n<p>&nbsp;<\/p>\n<p>&nbsp;<\/p>\n<p>&nbsp;<\/p>\n<p>&nbsp;<\/p>\n<p>&nbsp;<\/p>\n<p>Cine trebuie s\u0103 pl\u0103teasc\u0103? Cum ar trebui s\u0103 pl\u0103teasc\u0103? A\u0219tept sugestii.<\/p>\n<p>Ave\u021bi de unde s\u0103 alege\u021bi &#8211; zeci de mini\u0219tri de Cultur\u0103, de \u0219efi pe la Academia Rom\u00e2n\u0103, prim\u0103ria Capitalei, guvern, Administra\u021bia preziden\u021bial\u0103, liberali, &#8230;<\/p>\n<p>Dac\u0103 A\u0219ez\u0103mintele Br\u0103tianu erau \u00een Bulgaria, probabil erau \u00een stare bun\u0103 \u0219i mergeam s\u0103 le vizit\u0103m. Dar pentru c\u0103 sunt \u00een Rom\u00e2nia, nu ne intereseaz\u0103 trecutul, istoria noastr\u0103, r\u0103d\u0103cinile, str\u0103mo\u0219ii&#8230;.Nimic.<\/p>\n<p>PS \u00cen cur\u00e2nd imagini din interior!!!<\/p>\n","protected":false},"excerpt":{"rendered":"<p>Cum mergi pe strada Biserica Amzei, pu\u021bin mai sus de Ambasada Fran\u021bei, ascuns\u0103 oarecum de privirile trec\u0103torilor gr\u0103bi\u021bi, se dezv\u0103luie A\u0219ez\u0103mintele Br\u0103tianu. Din prima secund\u0103 dup\u0103 ce dai ochii de cl\u0103direa alt\u0103dat\u0103 superb\u0103 r\u0103m\u00e2i&#46;&#46;&#46;<\/p>\n","protected":false},"author":2,"featured_media":111,"comment_status":"open","ping_status":"open","sticky":false,"template":"","format":"standard","meta":[],"categories":[2],"tags":[51,52,54,55,56,53],"_links":{"self":[{"href":"https:\/\/oanastanciulescu.ro\/index.php\/wp-json\/wp\/v2\/posts\/100"}],"collection":[{"href":"https:\/\/oanastanciulescu.ro\/index.php\/wp-json\/wp\/v2\/posts"}],"about":[{"href":"https:\/\/oanastanciulescu.ro\/index.php\/wp-json\/wp\/v2\/types\/post"}],"author":[{"embeddable":true,"href":"https:\/\/oanastanciulescu.ro\/index.php\/wp-json\/wp\/v2\/users\/2"}],"replies":[{"embeddable":true,"href":"https:\/\/oanastanciulescu.ro\/index.php\/wp-json\/wp\/v2\/comments?post=100"}],"version-history":[{"count":4,"href":"https:\/\/oanastanciulescu.ro\/index.php\/wp-json\/wp\/v2\/posts\/100\/revisions"}],"predecessor-version":[{"id":115,"href":"https:\/\/oanastanciulescu.ro\/index.php\/wp-json\/wp\/v2\/posts\/100\/revisions\/115"}],"wp:featuredmedia":[{"embeddable":true,"href":"https:\/\/oanastanciulescu.ro\/index.php\/wp-json\/wp\/v2\/media\/111"}],"wp:attachment":[{"href":"https:\/\/oanastanciulescu.ro\/index.php\/wp-json\/wp\/v2\/media?parent=100"}],"wp:term":[{"taxonomy":"category","embeddable":true,"href":"https:\/\/oanastanciulescu.ro\/index.php\/wp-json\/wp\/v2\/categories?post=100"},{"taxonomy":"post_tag","embeddable":true,"href":"https:\/\/oanastanciulescu.ro\/index.php\/wp-json\/wp\/v2\/tags?post=100"}],"curies":[{"name":"wp","href":"https:\/\/api.w.org\/{rel}","templated":true}]}}