{"id":119,"date":"2015-10-13T11:19:06","date_gmt":"2015-10-13T11:19:06","guid":{"rendered":"http:\/\/oanastanciulescu.ro\/?p=119"},"modified":"2015-10-13T11:19:06","modified_gmt":"2015-10-13T11:19:06","slug":"iata-cum-arata-biroul-lui-ionel-bratianu","status":"publish","type":"post","link":"https:\/\/oanastanciulescu.ro\/index.php\/2015\/10\/13\/iata-cum-arata-biroul-lui-ionel-bratianu\/","title":{"rendered":"Iat\u0103 cum arat\u0103 biroul lui Ionel Br\u0103tianu"},"content":{"rendered":"<p>Pentru to\u021bi impostorii din politica rom\u00e2neasc\u0103, care peste 2 ani vor s\u0103rb\u0103tori \u00eemplinirea a 100 de ani de la Unire &#8211; a\u0219a arat\u0103 biroul lui Ionel Br\u0103tianu, al c\u0103rui mare merit este contribu\u021bia decisiv\u0103 la realizarea Marii uniri din 1918 \u0219i la crearea Rom\u00e2niei moderne. A\u0219a \u0219i-a \u00eenscris numele definitiv \u00een istoria \u021b\u0103rii.<\/p>\n<p>\u00cen orice \u021bar\u0103 din lumea aceasta, inclusiv \u00een Bulgaria, biroul celui care a f\u0103cut, al\u0103turi de Rege, Unirea \u021b\u0103rii, ar fi fost loc de pelerinaj\u00a0 pentru elevi, studen\u021bi, rom\u00e2ni, str\u0103ini. Noi? O RU\u0218INE!!<\/p>\n<p>&nbsp;<\/p>\n<p><a href=\"https:\/\/oanastanciulescu.ro\/wp-content\/uploads\/2015\/10\/Fotografie-0023.jpg\"><img decoding=\"async\" loading=\"lazy\" class=\"alignleft size-thumbnail wp-image-121\" src=\"https:\/\/oanastanciulescu.ro\/wp-content\/uploads\/2015\/10\/Fotografie-0023-150x150.jpg\" alt=\"Fotografie-0023\" width=\"150\" height=\"150\" srcset=\"https:\/\/oanastanciulescu.ro\/wp-content\/uploads\/2015\/10\/Fotografie-0023-150x150.jpg 150w, https:\/\/oanastanciulescu.ro\/wp-content\/uploads\/2015\/10\/Fotografie-0023-160x160.jpg 160w, https:\/\/oanastanciulescu.ro\/wp-content\/uploads\/2015\/10\/Fotografie-0023-320x320.jpg 320w\" sizes=\"(max-width: 150px) 100vw, 150px\" \/><\/a><\/p>\n<p>&nbsp;<\/p>\n<p>&nbsp;<\/p>\n<p>&nbsp;<\/p>\n<p>&nbsp;<\/p>\n","protected":false},"excerpt":{"rendered":"<p>Pentru to\u021bi impostorii din politica rom\u00e2neasc\u0103, care peste 2 ani vor s\u0103rb\u0103tori \u00eemplinirea a 100 de ani de la Unire &#8211; a\u0219a arat\u0103 biroul lui Ionel Br\u0103tianu, al c\u0103rui mare merit este contribu\u021bia decisiv\u0103&#46;&#46;&#46;<\/p>\n","protected":false},"author":2,"featured_media":120,"comment_status":"open","ping_status":"open","sticky":false,"template":"","format":"standard","meta":[],"categories":[2],"tags":[61,13],"_links":{"self":[{"href":"https:\/\/oanastanciulescu.ro\/index.php\/wp-json\/wp\/v2\/posts\/119"}],"collection":[{"href":"https:\/\/oanastanciulescu.ro\/index.php\/wp-json\/wp\/v2\/posts"}],"about":[{"href":"https:\/\/oanastanciulescu.ro\/index.php\/wp-json\/wp\/v2\/types\/post"}],"author":[{"embeddable":true,"href":"https:\/\/oanastanciulescu.ro\/index.php\/wp-json\/wp\/v2\/users\/2"}],"replies":[{"embeddable":true,"href":"https:\/\/oanastanciulescu.ro\/index.php\/wp-json\/wp\/v2\/comments?post=119"}],"version-history":[{"count":1,"href":"https:\/\/oanastanciulescu.ro\/index.php\/wp-json\/wp\/v2\/posts\/119\/revisions"}],"predecessor-version":[{"id":122,"href":"https:\/\/oanastanciulescu.ro\/index.php\/wp-json\/wp\/v2\/posts\/119\/revisions\/122"}],"wp:featuredmedia":[{"embeddable":true,"href":"https:\/\/oanastanciulescu.ro\/index.php\/wp-json\/wp\/v2\/media\/120"}],"wp:attachment":[{"href":"https:\/\/oanastanciulescu.ro\/index.php\/wp-json\/wp\/v2\/media?parent=119"}],"wp:term":[{"taxonomy":"category","embeddable":true,"href":"https:\/\/oanastanciulescu.ro\/index.php\/wp-json\/wp\/v2\/categories?post=119"},{"taxonomy":"post_tag","embeddable":true,"href":"https:\/\/oanastanciulescu.ro\/index.php\/wp-json\/wp\/v2\/tags?post=119"}],"curies":[{"name":"wp","href":"https:\/\/api.w.org\/{rel}","templated":true}]}}