{"id":123,"date":"2015-10-13T19:29:25","date_gmt":"2015-10-13T19:29:25","guid":{"rendered":"http:\/\/oanastanciulescu.ro\/?p=123"},"modified":"2015-10-13T19:50:56","modified_gmt":"2015-10-13T19:50:56","slug":"oreste-prietenul-maidanezilor","status":"publish","type":"post","link":"https:\/\/oanastanciulescu.ro\/index.php\/2015\/10\/13\/oreste-prietenul-maidanezilor\/","title":{"rendered":"Oreste, prietenul maidanezilor"},"content":{"rendered":"<p>Tr\u0103im \u00een \u021bara javrelor care omoar\u0103 c\u00e2ini, spunea Oreste atunci c\u00e2nd era sinucidere curat\u0103 s\u0103 te opui la TV m\u0103celului cerut de unii mari jurnali\u0219ti.<\/p>\n<p>Iat\u0103 cum l-am fotografiat pe Oreste \u00een aceast\u0103 var\u0103 &#8211;\u00a0 cu doi saci de m\u00e2n<a href=\"https:\/\/oanastanciulescu.ro\/wp-content\/uploads\/2015\/10\/oreste.jpg\"><img decoding=\"async\" loading=\"lazy\" class=\"alignleft size-thumbnail wp-image-125\" src=\"https:\/\/oanastanciulescu.ro\/wp-content\/uploads\/2015\/10\/oreste-150x150.jpg\" alt=\"oreste\" width=\"150\" height=\"150\" srcset=\"https:\/\/oanastanciulescu.ro\/wp-content\/uploads\/2015\/10\/oreste-150x150.jpg 150w, https:\/\/oanastanciulescu.ro\/wp-content\/uploads\/2015\/10\/oreste-160x160.jpg 160w, https:\/\/oanastanciulescu.ro\/wp-content\/uploads\/2015\/10\/oreste-320x320.jpg 320w\" sizes=\"(max-width: 150px) 100vw, 150px\" \/><\/a>care pentru c\u00e2ini \u00een spate. Al\u0103turi de Daniel, un arhitect aparte, \u0219i el iubitor de c\u00e2ini.<\/p>\n<p>&nbsp;<\/p>\n","protected":false},"excerpt":{"rendered":"<p>Tr\u0103im \u00een \u021bara javrelor care omoar\u0103 c\u00e2ini, spunea Oreste atunci c\u00e2nd era sinucidere curat\u0103 s\u0103 te opui la TV m\u0103celului cerut de unii mari jurnali\u0219ti. Iat\u0103 cum l-am fotografiat pe Oreste \u00een aceast\u0103 var\u0103&#46;&#46;&#46;<\/p>\n","protected":false},"author":2,"featured_media":124,"comment_status":"open","ping_status":"open","sticky":false,"template":"","format":"standard","meta":[],"categories":[2],"tags":[63,64,13,62],"_links":{"self":[{"href":"https:\/\/oanastanciulescu.ro\/index.php\/wp-json\/wp\/v2\/posts\/123"}],"collection":[{"href":"https:\/\/oanastanciulescu.ro\/index.php\/wp-json\/wp\/v2\/posts"}],"about":[{"href":"https:\/\/oanastanciulescu.ro\/index.php\/wp-json\/wp\/v2\/types\/post"}],"author":[{"embeddable":true,"href":"https:\/\/oanastanciulescu.ro\/index.php\/wp-json\/wp\/v2\/users\/2"}],"replies":[{"embeddable":true,"href":"https:\/\/oanastanciulescu.ro\/index.php\/wp-json\/wp\/v2\/comments?post=123"}],"version-history":[{"count":2,"href":"https:\/\/oanastanciulescu.ro\/index.php\/wp-json\/wp\/v2\/posts\/123\/revisions"}],"predecessor-version":[{"id":127,"href":"https:\/\/oanastanciulescu.ro\/index.php\/wp-json\/wp\/v2\/posts\/123\/revisions\/127"}],"wp:featuredmedia":[{"embeddable":true,"href":"https:\/\/oanastanciulescu.ro\/index.php\/wp-json\/wp\/v2\/media\/124"}],"wp:attachment":[{"href":"https:\/\/oanastanciulescu.ro\/index.php\/wp-json\/wp\/v2\/media?parent=123"}],"wp:term":[{"taxonomy":"category","embeddable":true,"href":"https:\/\/oanastanciulescu.ro\/index.php\/wp-json\/wp\/v2\/categories?post=123"},{"taxonomy":"post_tag","embeddable":true,"href":"https:\/\/oanastanciulescu.ro\/index.php\/wp-json\/wp\/v2\/tags?post=123"}],"curies":[{"name":"wp","href":"https:\/\/api.w.org\/{rel}","templated":true}]}}