{"id":131,"date":"2015-10-16T11:13:26","date_gmt":"2015-10-16T11:13:26","guid":{"rendered":"http:\/\/oanastanciulescu.ro\/?p=131"},"modified":"2015-10-16T11:13:26","modified_gmt":"2015-10-16T11:13:26","slug":"domnule-hellvig-o-dovada","status":"publish","type":"post","link":"https:\/\/oanastanciulescu.ro\/index.php\/2015\/10\/16\/domnule-hellvig-o-dovada\/","title":{"rendered":"Domnule Hellvig, o dovad\u0103!"},"content":{"rendered":"<p>Directorul SRI, Eduard Hellvig, vrea transparen\u021b\u0103 \u0219i o colaborare mai bun\u0103 cu societatea civil\u0103, dar \u0219i recrutarea de personal din mediul academic.<br \/>\nN-a\u0219 avea niciun motiv s\u0103 nu-l cred pe domnul Hellvig.<br \/>\nDomnia sa poate \u00eens\u0103 u\u0219or s\u0103 demonstreze c\u0103 este de bun\u0103 credin\u021b\u0103 prin c\u00e2teva gesturi simple. Dincolo de vorbe, domnul Helvig, de bun\u0103 seam\u0103 c\u0103 \u0219tie, for\u021ba faptelor.<br \/>\n1. Domnul Hellvig ar putea s\u0103-I retrag\u0103, dac\u0103 s\u0103-i deconspire nu poate, pe jurnali\u0219tii afla\u021bi sub acoperire. Apoi, doi \u0219i-un sfert \u0219i SIE ar putea s\u0103-I urmeze exemplul. Dup\u0103 aceea, \u00eempreun\u0103 cu societatea civil\u0103 pe care o curteaz\u0103, s\u0103 elaboreze un proiect de lege prin care s\u0103 se interzic\u0103 racolarea jurnali\u0219tilor de c\u0103tre serviciile secrete<br \/>\n2. Domnul Hellvig ar putea s\u0103 declare c\u00e2te mandate pe siguran\u021b\u0103 na\u021bional\u0103 a solicitat SRI \u00een ultimii trei ani, c\u00e2te dintre acestea au fost pentru jurnali\u0219ti, \u0219i cine sunt ace\u0219tia, dac\u0103 dosarele au fost \u00eenchise.<br \/>\n3. Domnul Hellvig ar putea s\u0103 cear\u0103 introducerea \u00een legea de func\u021bionare o prevedere, anun\u021bat\u0103 \u00eenc\u0103 din 2007 de c\u0103tre echipa lui C\u0103lin Popescu T\u0103riceanu, privind interdic\u021bia ca SRI s\u0103 fac\u0103 afaceri prin firme conduse de oameni ai serviciului. Altfel, o s\u0103 ajungem, c\u00e2t de cur\u00e2nd, \u00een situa\u021bia \u00een care dac\u0103 nu e\u0219ti \u00eentr-un serviciu, nu c\u00e2\u0219tigi un contract economic.<br \/>\nDac\u0103 domnul Eduard Hellvig dore\u0219te cu adev\u0103rat transparentizarea serviciului pe care \u00eel conduce sunt sigur\u0103 c\u0103 va trece de la vorbe la fapte.<br \/>\nIat\u0103 vorbele:<br \/>\n&#8222;Sunt, de asemenea, adeptul ideii de mai mult\u0103 transparen\u0163\u0103, pe care o consider indispensabil\u0103 inform\u0103rii publice corecte \u015fi exercit\u0103rii controlului democratic. Nu este un proces u\u015for, dar, pentru a reu\u015fi cu adev\u0103rat desprinderea de trecut, consider necesar\u0103 permanenta raportare la valorile pe care am \u0163inut s\u0103 le evoc \u015fi care ordoneaz\u0103 o puternic\u0103 op\u0163iune democratic\u0103&#8221;, Eduard Hellvig<br \/>\n&#8222;Consider vital\u0103 crearea unui parteneriat \u00eentre comunitatea de informa\u0163ii \u015fi societatea rom\u00e2neasc\u0103. Numai prin acest parteneriat \u00eentre stat \u015fi cet\u0103\u0163eni vom reu\u015fi s\u0103 gestion\u0103m adecvat riscurile atipice cu care ne confrunt\u0103m&#8221;.<br \/>\n&#8222;o colaborare mai str\u00e2ns\u0103 cu sfera academic\u0103, precum \u015fi recrutarea de personal din aceast\u0103 zon\u0103&#8221; vor contribui la cre\u015fterea performan\u0163elor SRI.<br \/>\nPS. Nu \u0219trit dac\u0103 s\u0103 m\u0103 lini\u0219teasc\u0103 sau nelini\u0219teasc\u0103 mesajul domnului Hellvig privind recrutarea. Chiar NU sunt suficien\u021bi racola\u021bi? Mai r\u0103m\u00e2ne cineva civil \u00een Rom\u00e2nia? Acestea fiind zise, a\u0219tept\u0103m faptele.<\/p>\n","protected":false},"excerpt":{"rendered":"<p>Directorul SRI, Eduard Hellvig, vrea transparen\u021b\u0103 \u0219i o colaborare mai bun\u0103 cu societatea civil\u0103, dar \u0219i recrutarea de personal din mediul academic. N-a\u0219 avea niciun motiv s\u0103 nu-l cred pe domnul Hellvig. Domnia sa&#46;&#46;&#46;<\/p>\n","protected":false},"author":2,"featured_media":8,"comment_status":"open","ping_status":"open","sticky":false,"template":"","format":"standard","meta":[],"categories":[2],"tags":[68,69,13,11],"_links":{"self":[{"href":"https:\/\/oanastanciulescu.ro\/index.php\/wp-json\/wp\/v2\/posts\/131"}],"collection":[{"href":"https:\/\/oanastanciulescu.ro\/index.php\/wp-json\/wp\/v2\/posts"}],"about":[{"href":"https:\/\/oanastanciulescu.ro\/index.php\/wp-json\/wp\/v2\/types\/post"}],"author":[{"embeddable":true,"href":"https:\/\/oanastanciulescu.ro\/index.php\/wp-json\/wp\/v2\/users\/2"}],"replies":[{"embeddable":true,"href":"https:\/\/oanastanciulescu.ro\/index.php\/wp-json\/wp\/v2\/comments?post=131"}],"version-history":[{"count":1,"href":"https:\/\/oanastanciulescu.ro\/index.php\/wp-json\/wp\/v2\/posts\/131\/revisions"}],"predecessor-version":[{"id":132,"href":"https:\/\/oanastanciulescu.ro\/index.php\/wp-json\/wp\/v2\/posts\/131\/revisions\/132"}],"wp:featuredmedia":[{"embeddable":true,"href":"https:\/\/oanastanciulescu.ro\/index.php\/wp-json\/wp\/v2\/media\/8"}],"wp:attachment":[{"href":"https:\/\/oanastanciulescu.ro\/index.php\/wp-json\/wp\/v2\/media?parent=131"}],"wp:term":[{"taxonomy":"category","embeddable":true,"href":"https:\/\/oanastanciulescu.ro\/index.php\/wp-json\/wp\/v2\/categories?post=131"},{"taxonomy":"post_tag","embeddable":true,"href":"https:\/\/oanastanciulescu.ro\/index.php\/wp-json\/wp\/v2\/tags?post=131"}],"curies":[{"name":"wp","href":"https:\/\/api.w.org\/{rel}","templated":true}]}}