{"id":134,"date":"2015-10-21T13:18:10","date_gmt":"2015-10-21T13:18:10","guid":{"rendered":"http:\/\/oanastanciulescu.ro\/?p=134"},"modified":"2015-10-21T13:18:10","modified_gmt":"2015-10-21T13:18:10","slug":"ce-am-facut-de-mineriada","status":"publish","type":"post","link":"https:\/\/oanastanciulescu.ro\/index.php\/2015\/10\/21\/ce-am-facut-de-mineriada\/","title":{"rendered":"Ce-am f\u0103cut de mineriad\u0103"},"content":{"rendered":"<p>\u00cen prim\u0103vara lui 90, mii de manifestan\u021bi au scandat zile \u00een \u0219ir, \u00een Pia\u021ba Universit\u0103\u021bii \u2013 Jos Comunismul \u0219i Jos Securitatea.<\/p>\n<p>Dup\u0103 at\u00e2\u021bia ani, crimele comunismului r\u0103m\u00e2n nepedepsite, dar mai to\u021bi se reclam\u0103 anticomuni\u0219ti, culmea, chiar \u0219i pupilele lor.<\/p>\n<p>\u00cen ceea ce prive\u0219te Securitatea, tot de at\u00e2\u021bia ani,ea pare s\u0103 fie \u00een tot \u0219i \u00een toate. De multe ori, \u00een ultimele dou\u0103 decenii, s-a spus c\u0103 \u00een spatele unei mi\u0219c\u0103ri sindicale sau ac\u021biuni politice st\u0103 fosta Securitate.<\/p>\n<p>De pild\u0103, nici p\u00e2n\u0103 \u00een ziua de azi nu s-a aflat rolul jucat de serviciile secrete \u00een distrugerea documentelor Securit\u0103\u021bii de la Berevoie\u0219ti, filajul ziari\u0219tilor la terasa Anda \u00een cazul Iliescu-KGB, rolul lor \u00een scandaluri economico-finaciare, precum FNI, Opera\u021biunea Jimbolia \u2013 prin care a fost \u00eenc\u0103lcat embargoul cu produse petroliere petroliere impus Iugoslaviei, opera\u021biunile \u021aigareta \u2013 de contraband\u0103 cu \u021big\u0103ri, \u00een jocurile piramidale de tip Caritas sau \u00een Afacerea Tar\u0103u.<\/p>\n<p>Mai mult, \u00een societatea post-decembrist\u0103, ascultarea telefoanelor \u00a0f\u0103r\u0103 mandat nu mai pare s\u0103 mire pe nimeni, a devenit chiar un sport na\u021bional, iar \u0219antajul cu dosare nu a fost dovedit, dar exist\u0103 suspiciuni \u00een acest sens.<\/p>\n<p>\u0218i totu\u0219i, \u00een 13 iunie la Universitate se scanda Jos Securitatea. Atunci, peste 12 mii de mineri au b\u0103tut, molestat \u0219i r\u0103nit pe oricine ar\u0103ta ca un manifestant sau ca un politician din opozi\u021bie.<\/p>\n<p>Pe 13 iunie 1990, mai \u00eent\u00e2i au b\u0103tut poli\u021bi\u0219tii. La ora 4 diminea\u021ba, for\u021bele poli\u021biene\u0219ti i-au atacat \u00een for\u021b\u0103 pe grevi\u0219tii foamei, corturile au fost str\u00e2nse \u0219i distruse, fi\u0219ele medicale au disp\u0103rut, iar obiectele personale au fost confiscate.<\/p>\n<p>Grevi\u0219tii au fost agresa\u021bi, iar c\u00e2teva sute, aresta\u021bi. Ca s\u0103 nu mai r\u0103m\u00e2n\u0103 nicio urm\u0103, str\u0103zile au fost sp\u0103late cu detergen\u021bi, iar marcajele au fost ref\u0103cute. \u00cen fa\u021ba Teatrului Na\u021bional a fost dat cu clor \u0219i s-au plantat flori.<\/p>\n<p>A doua zi, pe 14 iunie, dup\u0103 apelul lui Ion Iliescu, peste 12 mii de mineri din Valea Jiului au descins \u00een Capital\u0103. Av\u00e2nd girul conducerii superioare a \u021b\u0103rii, cu b\u00e2te \u0219i ciomege, minerii au luat \u00een st\u0103p\u00e2nire Bucure\u0219tii.<\/p>\n<p>Ghizi le-au fost tot fo\u0219tii securi\u0219ti, care i-au \u00eendrumat pe la casele lui Corneiul Coposu, Ra\u021biu \u0219i C\u00eempeanu, la sediile partidelor de opozi\u021bie \u0219i ale ziari\u0219tilor.<\/p>\n<p>PS. Odat\u0103 cu redeschiderea dosarului Mineriadei din 13-15 iuni 1990, poate cineva va cere scuze bucure\u0219tenilor.<\/p>\n<p>PS1. Pe 13 iunie seara, tineri cu megafoane chemau \u00een ajutor \u00a0studen\u021bii din c\u0103minele bucure\u0219tene. Auziser\u0103 c\u0103 se va \u00eent\u00e2mpla ceva r\u0103u \u00een Pia\u021ba Universit\u0103\u021bii. Printre cei care au plecat \u00een toiul nop\u021bii am fost \u0219i eu, pe vremea aceea student\u0103. Mergeam zilnic \u00een Pia\u021b\u0103, dar \u00een ziua respectiv\u0103 plecasem mai devreme. Am stat to\u021bi c\u00e2teva ore bune, dar ne-am \u00eentors \u00een c\u0103mine \u00eenainte de a ora 4 diminea\u021ba c\u00e2nd au descins poli\u021bi\u0219tii, din simplul motiv c\u0103 pe 14 iunie aveam examen. La plecarea \u00een Pia\u021ba Universit\u0103\u021bii, mul\u021bi dintre noi ne-am f\u0103cut, mai \u00een glum\u0103, mai \u00een serios, testamentul.<\/p>\n<p>Pe 14 iunie am refuzat \u00eens\u0103 s\u0103 sus\u021bin examenul deoarece profesorul citea satisf\u0103cut ziarul Diminea\u021ba. Am plecat din examen spre Pia\u021ba Universit\u0103\u021bii s\u0103 m\u0103 \u00eent\u00e2lnesc cu sora mea \u0219i numai Dumnezeu ne-a salvat de la ciom\u0103geal\u0103. Am\u0103nunte alt\u0103 dat\u0103.<\/p>\n<p>ARTICOL PUBLICAT pe 13 iunie 2006 \u00een ziarul PREZENT<\/p>\n","protected":false},"excerpt":{"rendered":"<p>\u00cen prim\u0103vara lui 90, mii de manifestan\u021bi au scandat zile \u00een \u0219ir, \u00een Pia\u021ba Universit\u0103\u021bii \u2013 Jos Comunismul \u0219i Jos Securitatea. Dup\u0103 at\u00e2\u021bia ani, crimele comunismului r\u0103m\u00e2n nepedepsite, dar mai to\u021bi se reclam\u0103 anticomuni\u0219ti,&#46;&#46;&#46;<\/p>\n","protected":false},"author":2,"featured_media":8,"comment_status":"open","ping_status":"open","sticky":false,"template":"","format":"standard","meta":[],"categories":[2],"tags":[70,13,71],"_links":{"self":[{"href":"https:\/\/oanastanciulescu.ro\/index.php\/wp-json\/wp\/v2\/posts\/134"}],"collection":[{"href":"https:\/\/oanastanciulescu.ro\/index.php\/wp-json\/wp\/v2\/posts"}],"about":[{"href":"https:\/\/oanastanciulescu.ro\/index.php\/wp-json\/wp\/v2\/types\/post"}],"author":[{"embeddable":true,"href":"https:\/\/oanastanciulescu.ro\/index.php\/wp-json\/wp\/v2\/users\/2"}],"replies":[{"embeddable":true,"href":"https:\/\/oanastanciulescu.ro\/index.php\/wp-json\/wp\/v2\/comments?post=134"}],"version-history":[{"count":1,"href":"https:\/\/oanastanciulescu.ro\/index.php\/wp-json\/wp\/v2\/posts\/134\/revisions"}],"predecessor-version":[{"id":135,"href":"https:\/\/oanastanciulescu.ro\/index.php\/wp-json\/wp\/v2\/posts\/134\/revisions\/135"}],"wp:featuredmedia":[{"embeddable":true,"href":"https:\/\/oanastanciulescu.ro\/index.php\/wp-json\/wp\/v2\/media\/8"}],"wp:attachment":[{"href":"https:\/\/oanastanciulescu.ro\/index.php\/wp-json\/wp\/v2\/media?parent=134"}],"wp:term":[{"taxonomy":"category","embeddable":true,"href":"https:\/\/oanastanciulescu.ro\/index.php\/wp-json\/wp\/v2\/categories?post=134"},{"taxonomy":"post_tag","embeddable":true,"href":"https:\/\/oanastanciulescu.ro\/index.php\/wp-json\/wp\/v2\/tags?post=134"}],"curies":[{"name":"wp","href":"https:\/\/api.w.org\/{rel}","templated":true}]}}