{"id":160,"date":"2015-11-28T19:05:58","date_gmt":"2015-11-28T19:05:58","guid":{"rendered":"http:\/\/oanastanciulescu.ro\/?p=160"},"modified":"2015-11-28T19:22:52","modified_gmt":"2015-11-28T19:22:52","slug":"primul-steag-romanesc-pe-primaria-din-cernauti-a-fost-pus-dupa-174-de-ani-de-catre-ilie-lazar-si-nicoara-entuziasmul-romanilor-cand-au-vazut-falfaind-tricolorul-pe-primarie-a-fost-de-nedescris","status":"publish","type":"post","link":"https:\/\/oanastanciulescu.ro\/index.php\/2015\/11\/28\/primul-steag-romanesc-pe-primaria-din-cernauti-a-fost-pus-dupa-174-de-ani-de-catre-ilie-lazar-si-nicoara-entuziasmul-romanilor-cand-au-vazut-falfaind-tricolorul-pe-primarie-a-fost-de-nedescris\/","title":{"rendered":"Primul steag rom\u00e2nesc pe Prim\u0103ria din Cern\u0103u\u021bi a fost pus dup\u0103 174 de ani de c\u0103tre Ilie Laz\u0103r \u0219i Nicoar\u0103. Entuziasmul rom\u00e2nilor c\u00e2nd au v\u0103zut f\u00e2lf\u00e2ind tricolorul pe Prim\u0103rie a fost de nedescris"},"content":{"rendered":"<p>&nbsp;<\/p>\n<p><em>97 de ani de la unirea Bucovinei cu Rom\u00e2nia \u0219i a celebr\u0103rii \u00een premier\u0103 a \u201dZilei Bucovinei\u201d. Asta ar fi trebuit s\u0103 s\u0103rb\u0103toreasc\u0103 rom\u00e2nii ast\u0103zi. C\u00e2nd colo? Mai nimic! Un comunicat de pres\u0103, televiziunile mute, \u00een rest t\u0103cere.<\/em><\/p>\n<p><em>\u201eAnivers\u0103m ast\u0103zi 97 de ani de la unirea Bucovinei cu Rom\u00e2nia \u0219i, totodat\u0103, celebr\u0103m pentru prima oar\u0103 \u015fi \u201cZiua Bucovinei\u201d, s\u0103rb\u0103toare instituit\u0103 prin legea adoptat\u0103 luna trecut\u0103 de Parlamentul Rom\u00e2niei. Dup\u0103 aproape un secol \u0219i jum\u0103tate de ocupa\u021bie str\u0103in\u0103, Bucovina redevenea, la 28 noiembrie 1918\u201d, a scris pre\u0219edintele Iohannis.<\/em><\/p>\n<p><em>Pentru cei\u00a0 care vor s\u0103 cunoasc\u0103 o parte din istoria acestei \u021b\u0103ri iat\u0103 un fragment dintr-un material mai amplu, publicat de memoria.ro, despre politcienii rom\u00e2ni din perioada interbelic\u0103, \u0219i \u00een special povestea lui Ilie Laz\u0103r, cel mai t\u00e2n\u0103r semnatar al Actului Unirii de la Alba Iulia.<\/em><\/p>\n<p><strong>Fiul primului ministru, pe front<\/strong><\/p>\n<p>George Br\u0103tianu, de\u0219i era fiul primului ministru, a f\u0103cut r\u0103zboiul pe front lupt\u00e2nd la Oituz, Iuliu Maniu a organizat regimentele ardelene\u0219ti din Viena \u00een 1918, a fost printre cei mai importan\u021bi lideri ai rom\u00e2nilor ardeleni, av\u00e2nd un rol decisiv \u00een organizarea adun\u0103rii de la Alba Iulia \u0219i al unirii Transilvaniei cu Rom\u00e2nia (vezi\u00a0<a href=\"https:\/\/cristiannegrea.blogspot.com\/2010\/02\/revolutia-din-ardeal-si-garzile.html\" name=\"top\" target=\"_blank\" rel=\"noopener\">Revolu\u021bia din Ardeal \u0219i g\u0103rzile na\u021bionale rom\u00e2ne (I)<\/a>), iar exemplele pot continua la nesf\u00e2r\u0219it.<\/p>\n<div><b>Incredibila via\u021b\u0103 a unui rom\u00e2n adev\u0103rat<\/b><\/div>\n<div><\/div>\n<div>Ilie Laz\u0103r s-a n\u0103scut la Giule\u0219ti, \u00een Maramure\u0219, \u00een 1895, p\u0103rin\u021bii s\u0103i fiind descenden\u021bii unor vechi familii rom\u00e2ne\u0219ti din mica nobilime. Bunicul s\u0103u, Vasile Laz\u0103r, preot \u0219i licen\u021biat \u00een drept, fost protopop al Sighetului, descindea din \u0219apte genera\u021bii de preo\u021bi. A crescut \u00een tradi\u021biile rom\u00e2ne\u0219ti \u0219i ideile rom\u00e2nismului pe care nu le-a abandonat niciodat\u0103, \u00een ciuda persecu\u021biilor \u0219i anilor de \u00eenchisoare de mai t\u00e2rziu. Liceul \u00eel face la Sighet \u0219i Lugoj, unde intr\u0103 \u00een societatea ale\u0219ilor oameni de cultur\u0103 rom\u00e2ni din acest ora\u0219. Academia de drept o face la Sighet \u0219i la Cluj, unde este nevoit s\u0103 se transfere din cauza \u0219ovinismului profesorilor unguri, care \u00eel vedeau ca \u0219i ?agitator? pe acest t\u00e2n\u0103r care organiza serate \u0219i consf\u0103tuiri la care vorbea despre drepturile rom\u00e2nilor \u0219i distribuia bro\u0219uri editate de asocia\u021bia ASTRA. Odat\u0103 l-a c\u0103utat un curier din partea unchiului s\u0103u care l-a sf\u0103tuit s\u0103 plece din jude\u021b, deoarece urma s\u0103 fie arestat. A plecat la Lugoj pentru c\u00e2teva luni \u0219i apoi a continuat studiile la Cluj.<\/div>\n<div>\u00centre timp este \u00eenrolat \u00een armata austro-ungar\u0103, el aleg\u00e2nd regimentul 8 infanterie honvezi de la Lugoj, pentru a sta c\u00e2t mai mult \u00een acel mediu curat rom\u00e2nesc. P\u00e2n\u0103 \u0219i solda\u021bii \u0219i ofi\u021berii de rezerv\u0103 ai regimentului erau 80% rom\u00e2ni, iar propaganda continu\u0103, mai pe ascuns, mai pe fa\u021b\u0103, pentru cauza rom\u00e2neasc\u0103, \u00een special prin intermediul ceaiurilor dansante, corurilor organizate \u0219i altele, era una din principalele activit\u0103\u021bi ale lui Ilie Laz\u0103r. Ca o curiozitate, aici \u00eel va cunoa\u0219te bine \u0219i chiar \u00eel va avea \u00een subordine pe Petru Groza. Mai t\u00e2rziu, c\u00e2nd Petru Groza va conduce fi printre cei ce conduceau \u021bara, nu \u00eei va fi deloc u\u0219or lui Ilie Laz\u0103r.<\/div>\n<div><\/div>\n<div><i>R\u0103zboiul<\/i><\/div>\n<div><\/div>\n<div>Prima oar\u0103 a ajuns pe frontul gali\u021bian, fiind \u00een prima linie la 10 iunie 1916, \u00een timpul ofensivei Brusilov, chiar \u00een locul \u00een care s-a rupt frontul. Compania \u00een care era comandant de pluton a r\u0103mas cu 27 de oameni din 184, el singurul ofi\u021ber \u00een via\u021b\u0103, grav r\u0103nit la ambele picioare cu gloan\u021be dum-dum. A mai reu\u0219it s\u0103 fug\u0103 \u0219i s\u0103 se t\u00e2rasc\u0103 urm\u0103rit de cazaci vreo doi kilometri dup\u0103 care a c\u0103zut la p\u0103m\u00e2nt. Salvarea i-a venit de la prietenul s\u0103u Maxim Radovan, care \u0219i el \u00eempu\u0219cat \u00een piept, a reu\u0219it s\u0103 opreasc\u0103 o c\u0103ru\u021b\u0103 care s\u0103-l duc\u0103 \u00een spatele frontului pr\u0103bu\u0219it. Trenul cu r\u0103ni\u021bi se \u00eentorcea prin Sighet, a reu\u0219it s\u0103-\u0219i anun\u021be rudele care l-au a\u0219teptat \u00een gar\u0103 \u0219i unchiul s\u0103u, Alexandru Laz\u0103r, fost pre\u0219edinte de tribunal, \u00eenso\u021bit de doi medici militari, \u00eel iau aproape cu for\u021ba din tren \u0219i-l duc la spital, salv\u00e2ndu-i picioarele sau chiar via\u021ba, cel st\u00e2ng \u00eenvine\u021bindu-se \u0219i Ilie av\u00e2nd dureri \u00eengrozitoare. Ulterior este mutat la spitalul din Gyor, apoi prin interven\u021bia episcopului la cel din Lugoj, apoi la Szeghedin. Ulterior este trimis la regimentul s\u0103u pe perioada convalescen\u021bei. Dar \u0219i aici \u00ee\u0219i continu\u0103 activitatea de propagand\u0103 rom\u00e2neasc\u0103, astfel c\u0103 este retrimis pe front incomplet vindecat, cumva trebuia s\u0103 i se \u00eenchid\u0103 gura, ca \u0219i \u00een cazul lui Iuliu Maniu, care a fost trimis pe front ca simplu soldat.<\/div>\n<div>\u00cen cazul acestui rebel fa\u021b\u0103 de regimul austro-ungar, p\u00e2n\u0103 \u0219i a doua plecare pe front a trebuit s\u0103 fie marcat\u0103 de evenimente. \u00cen Oroshaza, (\u00een preajma intr\u0103rii Rom\u00e2niei \u00een r\u0103zboi, toate regimentele rom\u00e2ne\u0219ti fuseser\u0103 mutate \u00een Austria sau \u00een Ungaria, c\u00e2t mai departe de Ardeal) se \u021bin discursuri \u00een pia\u021ba public\u0103 de c\u0103tre conduc\u0103torii regimentului \u00een ungure\u0219te \u0219i german\u0103, ne\u00een\u021belese de cei 90% solda\u021bi rom\u00e2ni. Dup\u0103 ce compania porne\u0219te spre gar\u0103, orchestra \u00eencepe s\u0103 c\u00e2nte cearda\u0219uri ungure\u0219ti, dar sublocotenentul Ilie Laz\u0103r opre\u0219te muzic\u0103 \u0219i ordon\u0103 solda\u021bilor s\u0103 c\u00e2nte ?C\u00e2nd de acas\u0103 noi plec\u0103m?, o c\u00e2ntare ost\u0103\u0219easc\u0103 rom\u00e2neasc\u0103, pe patru voci. Comandantul companiei, sublocotenentul Buckwald Odon, le interzice solda\u021bilor s\u0103 c\u00e2nte olahul, adic\u0103 rom\u00e2ne\u0219te, \u00een limba valahilor. Ilie Laz\u0103r nu cedeaz\u0103, Buckwald \u00eel face agitator \u0219i love\u0219te pe un soldat rom\u00e2n, pe frunta\u0219ul Ilie Laz cu piciorul \u00een burt\u0103, Ilie Laz\u0103r \u00eel pune la punct, Buckwald \u00eel face tr\u0103d\u0103tor, Laz\u0103r se n\u0103puste\u0219te cu baioneta scoas\u0103 la el, al\u021bii \u00eei despart, solda\u021bii rom\u00e2ni gata s\u0103 sar\u0103 \u0219i ei. Ofi\u021berii unguri dispar, Ilie duce compania \u00een gar\u0103 \u0219i o aliniaz\u0103 pe peron, unde se \u00eencing dansuri \u0219i jocuri rom\u00e2ne\u0219ti. Un ofi\u021ber rom\u00e2n apare \u00een gar\u0103 \u0219i \u00eei spune c\u0103 \u00een ora\u0219 s-a \u00eempr\u0103\u0219tiat vestea c\u0103 ?compania Ilie Laz\u0103r s-a r\u0103sculat?. Apar ofi\u021berii unguri din garnizoan\u0103, se parlamenteaz\u0103 \u00eendelung, p\u00e2n\u0103 la urm\u0103 pleac\u0103 pe front. Pe front ajunge \u0219i la judecata Consiliului de R\u0103zboi de la Stray, pentru lovirea unui ofi\u021ber \u00een fa\u021ba solda\u021bilor. Treismuth Joseph i-a ordonat unui soldat rom\u00e2n ceva \u0219i acesta nu a \u0219tiut s\u0103-i r\u0103spund\u0103 \u00een ungure\u0219te, la care acesta l-a \u00eenjurat ceva de genul ?D-zeul vostru de valahi?, Ilie Laz\u0103r i-a cerut socoteal\u0103, acesta i-a f\u0103cut tr\u0103d\u0103tori \u0219i Laz\u0103r i-a ars o palm\u0103 solid\u0103 \u00een fa\u021ba trupei. A fost trimis cu acte \u00een regul\u0103 la judecat\u0103, s-a ap\u0103rat singur vorbind timp de trei ore, dar prime\u0219te o pedeaps\u0103 cu \u00eenchisoarea de trei luni, dar care ar urma s\u0103 fie executat\u0103 dup\u0103 r\u0103zboi. Plin de am\u0103r\u0103ciune, \u00een amintirile sale l\u0103sate ascunse pe la rude \u0219i publicate abia \u00een anul 2000, Ilie Laz\u0103r se \u00eentreab\u0103 dac\u0103 nu cumva cele trei luni de \u00eenchisoare sunt cuprinse printr-o \u00een\u021belegere dintre Petru Groza \u0219i unguri \u00een cei 17 de ani grei care i-a executat sub comuni\u0219ti.<\/div>\n<div><\/div>\n<div><i>Cern\u0103u\u021bi<\/i><\/div>\n<div><\/div>\n<div>Dup\u0103 c\u0103derea \u0219i disolu\u021bia frontului rusesc \u0219i pacea de la Brest Litovsk, Ilie Laz\u0103r face parte din trupele de men\u021binere a ordinii \u00een jude\u021bul Tulcin, regiunea Troscianetz ? Podoslki. Aici a aflat de unirea Basarabiei cu Rom\u00e2nia, tot aici, prin septembrie, a \u00eenceput s\u0103-\u0219i preg\u0103teasc\u0103 dezertarea din armata austro-ungar\u0103. Erau complet izola\u021bi, germanii ocupaser\u0103 toate punctele cheie de cale ferat\u0103. Dar Ilie Laz\u0103r nu dorea s\u0103 dezerteze singur, ci \u00eempreun\u0103 cu \u00eentreaga lui companie, care erau to\u021bi rom\u00e2ni afar\u0103 de un sergent \u0219i de croitorul companiei. \u0218i nu numai s\u0103 dezerteze, dar s\u0103 duc\u0103 compania \u0219i s\u0103 se predea cu ea armatei rom\u00e2ne, c\u00e2t mai aproape de Basarabia. A \u00eenceput preg\u0103tirea prin discu\u021bii nocturne cu grada\u021bii, apoi \u0219i cu solda\u021bii. Preg\u0103tirea a durat vreo dou\u0103 s\u0103pt\u0103m\u00e2ni, dar to\u021bi au fost de acord cu planul lui Ilie Laz\u0103r.<\/div>\n<div>C\u00e2nd a sosit momentul, la ora 12 noapte, Ilie Laz\u0103r a dat alarma la companie, apoi \u00eentr-o jum\u0103tate de or\u0103 au urcat cu to\u021bii \u00een cele trei vagoane trase de o locomotiv\u0103 care \u00eei a\u0219tepta \u00een gar\u0103. Laz\u0103r mituise cu 27 puzi de gr\u00e2u un mecanic \u0219i doi angaja\u021bi la c\u0103ile ferate ucraineni ca s\u0103-i duc\u0103 p\u00e2n\u0103 la Moghilev. Trenul s-a strecurat pe t\u0103cute din gar\u0103. Diminea\u021ba erau la Vaniarka, apoi la Smerinka, dar de acolo sunt dirija\u021bi de comandantul german al g\u0103rii spre Kiev. Laz\u0103r insist\u0103, mituie\u0219te pe unul \u0219i pe altul, \u00eei for\u021beaz\u0103 pe cei trei ucraineni care conduceau garnitura s\u0103 continue drumul, de\u0219i ei nu doreau s\u0103 mearg\u0103 mai departe, \u00een sf\u00e2r\u0219it pleac\u0103 spre Moghilev. Aici gara e plin\u0103 de g\u0103rzi civile care, v\u0103z\u00e2ndu-i pe rom\u00e2ni \u00eenarma\u021bi, \u00eencearc\u0103 s\u0103-i dezarmeze. Ilie Laz\u0103r coboar\u0103 din tren \u00eempreun\u0103 cu cinci grada\u021bi \u00eenarma\u021bi, av\u00e2nd asupra lor \u0219i grenade. \u00cei anun\u021b\u0103 c\u0103 sunt rom\u00e2ni \u0219i merg p\u00e2n\u0103 unde vor \u00eent\u00e2lni armata rom\u00e2n\u0103, iar dac\u0103 se va trage \u00een tren dup\u0103 plecarea garniturii, va opri, vor cobor\u00ee, vor \u00eenconjura ora\u0219ul \u0219i \u00eei va da foc. G\u0103rzile ucrainene cedeaz\u0103 \u0219i \u00eei las\u0103 s\u0103 plece, \u00een cur\u00e2nd vor ajunge la Noua Suli\u021b\u0103, la frontiera Bucovinei unde coboar\u0103. Solda\u021bii voteaz\u0103 \u0219i accept\u0103 propunerea lui Laz\u0103r de a merge la Cern\u0103u\u021bi, un mar\u0219 de c\u00e2teva ore, pentru c\u0103 de acolo le va fi mai u\u0219or s\u0103 se \u00eentoarc\u0103 acas\u0103 \u00een Ardeal, majoritatea solda\u021bilor fiind b\u0103n\u0103\u021beni.<\/div>\n<div>Ajung \u00een pia\u021ba din Chi\u0219in\u0103u, afl\u00e2nd c\u0103 ora\u0219ul este ocupat la periferii \u0219i caz\u0103rmi de circa \u0219apte sute de ucraineni \u00eenarma\u021bi veni\u021bi din Colomeea, Stanislau \u0219i Gniatin, \u00een ideea de a realiza Ucraina Mare p\u00e2n\u0103 la Siret. Ilie Laz\u0103r \u00ee\u0219i \u021bine compania aproape c\u00e2nd de el se apropie profesorul Sextil Pu\u0219cariu care se prezint\u0103 \u0219i le cere ajutorul p\u00e2n\u0103 la sosirea armatei rom\u00e2ne \u00eempotriva ucrainenilor care au intrat \u00een Casa Na\u021bional\u0103, au jefuit totul \u0219i pe frunta\u0219ii rom\u00e2ni vor s\u0103-i captureze \u0219i s\u0103-i duc\u0103 ostateci. Chiar \u0219i Iancu Flondor este ascuns la Mitropolie. Avioanele rom\u00e2ne\u0219ti au aruncat manifeste \u00een care spuneau c\u0103 \u00een patruzeci \u0219i opt de ore armata rom\u00e2n\u0103 va intra \u00een ora\u0219, respectiv divizia a 7-a a generalului Zadik. Ilie Laz\u0103r se pune f\u0103r\u0103 discu\u021bie la dispozi\u021bia frunta\u0219ilor rom\u00e2ni pentru a salva ora\u0219ul, de\u0219i sunt dep\u0103\u0219i\u021bi \u00een propor\u021bie de peste patru la unu. Laz\u0103r pune la punct un plan, \u00eei cere profesorului Sextil Pu\u0219cariu s\u0103-i aduc\u0103 c\u00e2\u021biva ofi\u021beri rom\u00e2ni ce s-ar g\u0103si prin ora\u0219, care s\u0103-l ajute s\u0103 deplaseze trupa pe str\u0103zile laterale \u00een grupuri mici, \u00eentr-un loc ca \u0219i o sal\u0103 mare, unde s\u0103 poat\u0103 fi organiza\u021bi \u0219i gata de interven\u021bie, urm\u00e2nd s\u0103 protejeze cl\u0103dirile centrale \u0219i pe frunta\u0219ii rom\u00e2ni ce st\u0103teau ascun\u0219i. Au sosit \u00eempreun\u0103 cu Sextil Pu\u0219cariu locotenentul Stan, domnul Nicoar\u0103, fra\u021bii Micinski \u0219i \u00eenc\u0103 c\u00e2\u021biva care au preluat grup dup\u0103 grup duc\u00e2ndu-i la locul care va fi baza lor de ac\u021biune.<\/div>\n<div>Vestea apari\u021biei rom\u00e2nilor \u00een uniforme austriece, \u00eenarma\u021bi \u0219i organiza\u021bi, s-a r\u0103sp\u00e2ndit ca fulgerul, pun\u00e2ndu-i pe ucraineni pe jar. Dar jafurile lor s-au limitat la zonele periferice, ne\u00eendr\u0103znind s\u0103 se apropie de zona central\u0103 pe care rom\u00e2nii \u00eencepeau s\u0103 o controleze. \u00cen acea noapte au \u00eenc\u0103rcat tot ce au putut, au stins luminile \u0219i au fugit \u00een noapte cu ce prad\u0103 au reu\u0219it s\u0103 ia. Dup\u0103 aceea, p\u00e2n\u0103 la sosirea armatei rom\u00e2ne, singura for\u021b\u0103 armat\u0103 care va proteja via\u021ba \u0219i avutul cet\u0103\u021benilor din Cern\u0103u\u021bi vor fi solda\u021bii din compania Ilie Laz\u0103r. \u00cenc\u0103 de a doua zi, s-a trecut la ?preluarea imperiului? \u00een Cern\u0103u\u021bi. Iancu Flondor, \u00eempreun\u0103 cu Ilie Laz\u0103r \u0219i al\u021bi ofi\u021beri rom\u00e2ni, au urcat \u00eentr-o ma\u0219in\u0103, Ilie Laz\u0103r c\u0103lare pe motor cu steagul rom\u00e2nesc \u00een m\u00e2n\u0103, \u0219i au \u00eenlocuit str\u0103inii cu rom\u00e2ni \u00een toate cl\u0103dirile oficiale, pun\u00e2nd \u0219i santinele rom\u00e2ne. Tribunalul, Poli\u021bia, Prim\u0103ria, Jandarmeria, toate au ajuns sub conducere rom\u00e2neasc\u0103. \u00cen locul generalului de jandarmi Fischer, mare asupritor de rom\u00e2ni, a \u0219i \u00eempu\u0219cat mai mul\u021bi \u00een timpul mandatului s\u0103u. \u00cen locul lui a fost pus locotenentul Dan. Fischer tremura de spaim\u0103 \u0219i \u00eei promitea baronului Iancu Flondor supunere des\u0103v\u00e2r\u0219it\u0103 \u00een limba german\u0103.<\/div>\n<div>Primul steag rom\u00e2nesc pe Prim\u0103ria din Cern\u0103u\u021bi a fost pus dup\u0103 174 de ani de c\u0103tre Ilie Laz\u0103r \u0219i Nicoar\u0103. Entuziasmul rom\u00e2nilor c\u00e2nd au v\u0103zut f\u00e2lf\u00e2ind tricolorul pe Prim\u0103rie a fost de nedescris.<\/div>\n<div>Apoi, Flondor, Laz\u0103r \u0219i cei c\u00e2\u021biva ofi\u021beri au parcurs cu ma\u0219ina cei 50-60 de kilometri spre sud, la generalul Zadik. Sunt \u00eent\u00e2mpina\u021bi de acesta \u0219i \u0219eful lui de stat major, locotenent-colonelul Rovinaru \u00eentr-o mic\u0103 gar\u0103. Laz\u0103r \u0219i Flondor \u00eei invit\u0103 s\u0103 intre c\u00e2t mai repede \u00een ora\u0219, deoarece popula\u021bia este ner\u0103bd\u0103toare \u0219i mai exist\u0103 \u00eenc\u0103 pericolul s\u0103 fie ataca\u021bi de ucraineni, dac\u0103 se vor \u00eentoarce cu for\u021be sporite \u0219i mai bine organizate. Generalul Zadik \u00eei prime\u0219te fr\u0103\u021be\u0219te, spun\u00e2ndu-le c\u0103 va intra \u00een 14 ore \u00een ora\u0219, deoarece \u00eenaintarea trebuie f\u0103cut\u0103 metodic, pentru a pre\u00eent\u00e2mpina surprizele.<\/div>\n<div>Au revenit \u00een ora\u0219, a doua zi popula\u021bia s-a str\u00e2ns s\u0103 \u00eent\u00e2mpina armata rom\u00e2n\u0103, dar regimentul 29 Dorohoi condus de colonelul Gheorghiu s-a oprit la Ceahor, o suburbie a Cerbn\u0103u\u021bilor. Abia \u00een ziua urm\u0103toare a intrat cu for\u021be masive armata rom\u00e2n\u0103 \u00een Cern\u0103u\u021bi. Ilie Laz\u0103r este invitat \u00een ma\u0219ina generalului Zadik al\u0103turi de lt-col Rovinaru. Ajun\u0219i \u00een pia\u021ba din fa\u021ba Casei Na\u021bionale, sunt \u00eent\u00e2mpina\u021bi cu urale \u0219i imnuri, cu o ploaie de flori de aproape \u00eentreaga popula\u021bie a ora\u0219ului. Generalul Zadik este luat pe sus \u00een urale \u0219i este dus \u00een interiorul arhiplin, unde a\u0219teptau intelectualii rom\u00e2ni bucovineni \u00een \u00eenalt\u0103 \u021binut\u0103. La prezidiu, Iancu Flondor \u00eel \u00eembr\u0103\u021bi\u0219eaz\u0103 pe general \u00een uralele mul\u021bimii spun\u00e2ndu-i: ?S\u0103-mi da\u021bi voie, domnule general, s\u0103 v\u0103 \u00eembr\u0103\u021bi\u0219ez ca pe un frate dulce de care am fost desp\u0103r\u021bit 174 de ani!?.<\/div>\n<div>A\u0219a a fost intrarea trupelor rom\u00e2ne \u00een Cern\u0103u\u021bi, a\u0219a s-a ridicat primul steag rom\u00e2nesc pe prim\u0103ria din Cern\u0103u\u021bi, de c\u0103tre Ilie Laz\u0103r, la fel cum mai t\u00e2rziu, un alt mare patriot rom\u00e2n, Gheorghe Ghimpu, fratele lui Mihai Ghimpu, mort \u00een mod suspect \u00eentr-un accident de circula\u021bie \u00een anul 2000, va ridica primul steag rom\u00e2nesc \u00eenlocuindu-l pe cel sovietic dup\u0103 mai bine de patruzeci de ani pe prim\u0103ria din Chi\u0219in\u0103u, la 27 aprilie 1990.<\/div>\n<div><\/div>\n<div><b>Bibliografie:\u00a0<\/b><br \/>\nIlie Laz\u0103r, Amintiri, Funda\u021bia Academia Civic\u0103, 2000<br \/>\nMihai D\u0103ncu\u0219, Gheorghe Todinc\u0103, Unirea Maramure\u0219ului cu \u021bara, Muzeul Maramure\u0219ului, 2008<br \/>\nAlexandru Filipa\u0219cu, Istoria Maramure\u0219ului, Editura Gutinul, Baia Mare\u00a0<b>\u00a0<\/b><\/div>\n<div><\/div>\n<div>Integral pe<a href=\"https:\/\/www.memoria.ro\/marturii\/perioade_istorice\/1918:_marea_unire\/un_roman_uitat,_ilie_lazar\/2184\/\" target=\"_blank\" rel=\"noopener\"> memoria.ro<\/a><\/div>\n","protected":false},"excerpt":{"rendered":"<p>&nbsp; 97 de ani de la unirea Bucovinei cu Rom\u00e2nia \u0219i a celebr\u0103rii \u00een premier\u0103 a \u201dZilei Bucovinei\u201d. Asta ar fi trebuit s\u0103 s\u0103rb\u0103toreasc\u0103 rom\u00e2nii ast\u0103zi. C\u00e2nd colo? Mai nimic! Un comunicat de pres\u0103,&#46;&#46;&#46;<\/p>\n","protected":false},"author":2,"featured_media":161,"comment_status":"open","ping_status":"open","sticky":false,"template":"","format":"standard","meta":[],"categories":[2],"tags":[86,88,85,87],"_links":{"self":[{"href":"https:\/\/oanastanciulescu.ro\/index.php\/wp-json\/wp\/v2\/posts\/160"}],"collection":[{"href":"https:\/\/oanastanciulescu.ro\/index.php\/wp-json\/wp\/v2\/posts"}],"about":[{"href":"https:\/\/oanastanciulescu.ro\/index.php\/wp-json\/wp\/v2\/types\/post"}],"author":[{"embeddable":true,"href":"https:\/\/oanastanciulescu.ro\/index.php\/wp-json\/wp\/v2\/users\/2"}],"replies":[{"embeddable":true,"href":"https:\/\/oanastanciulescu.ro\/index.php\/wp-json\/wp\/v2\/comments?post=160"}],"version-history":[{"count":4,"href":"https:\/\/oanastanciulescu.ro\/index.php\/wp-json\/wp\/v2\/posts\/160\/revisions"}],"predecessor-version":[{"id":165,"href":"https:\/\/oanastanciulescu.ro\/index.php\/wp-json\/wp\/v2\/posts\/160\/revisions\/165"}],"wp:featuredmedia":[{"embeddable":true,"href":"https:\/\/oanastanciulescu.ro\/index.php\/wp-json\/wp\/v2\/media\/161"}],"wp:attachment":[{"href":"https:\/\/oanastanciulescu.ro\/index.php\/wp-json\/wp\/v2\/media?parent=160"}],"wp:term":[{"taxonomy":"category","embeddable":true,"href":"https:\/\/oanastanciulescu.ro\/index.php\/wp-json\/wp\/v2\/categories?post=160"},{"taxonomy":"post_tag","embeddable":true,"href":"https:\/\/oanastanciulescu.ro\/index.php\/wp-json\/wp\/v2\/tags?post=160"}],"curies":[{"name":"wp","href":"https:\/\/api.w.org\/{rel}","templated":true}]}}