{"id":171,"date":"2015-12-04T18:30:37","date_gmt":"2015-12-04T18:30:37","guid":{"rendered":"http:\/\/oanastanciulescu.ro\/?p=171"},"modified":"2017-12-04T09:01:28","modified_gmt":"2017-12-04T09:01:28","slug":"aveai-sau-nu-dreptul-sa-pleci","status":"publish","type":"post","link":"https:\/\/oanastanciulescu.ro\/index.php\/2015\/12\/04\/aveai-sau-nu-dreptul-sa-pleci\/","title":{"rendered":"Aveai sau nu dreptul s\u0103 pleci?"},"content":{"rendered":"<p><strong>Aceasta este \u00eentrebarea cu care a r\u0103mas tat\u0103l lui Alex Hogea, un t\u00e2n\u0103r de 19 ani, mort \u00een urma tragediei de la Colectiv!<\/strong><br \/>\n<strong> Aveai sau nu dreptul s\u0103 pleci la un spital din str\u0103in\u0103tate se \u00eentreab\u0103 tat\u0103l cu sufletul sf\u00e2\u0219iat!<\/strong><br \/>\n<strong> \u0218i i se r\u0103spunde promt &#8211; de prin toate cotloanele, din prime time-ul televiziunilor, de pe bloguri, re\u021bele \u2013 tot felul de re\u021bele &#8211; NU.<\/strong><br \/>\n<strong> Nu aveai dreptul s\u0103 pleci pentru c\u0103 se sim\u021beau medicii din Rom\u00e2nia jigni\u021bi, ofensa\u021bi.<\/strong><br \/>\n<strong> Nu aveai voie s\u0103 pleci pentru c\u0103 anulai astfel tot ce f\u0103cuser\u0103 pentru tine.<\/strong><br \/>\n<strong> Nu aveai voie s\u0103 pleci pentru c\u0103 ei te-au f\u0103cut, tot ei au voie s\u0103 te omoare.<\/strong><br \/>\n<strong> Nu aveai voie pentru c\u0103 \u00eei loveai \u00een orgoiul lor.<\/strong><br \/>\n<strong> Nu aveai voie pentru c\u0103 infec\u021biile spitalice\u0219ti nu sunt de azi, sunt de ieri, au mai murit \u0219i al\u021bii din cauza lor. De ce s\u0103 vorbim acum despre acest lucru? Mai putem sa \u0219tept\u0103m p\u00e2n\u0103 la urm\u0103torul deces ca s\u0103 nu supere pe nimeni.<\/strong><br \/>\n<strong> Nu aveai voie pentru c\u0103 nici afar\u0103 nu este mai breaz.<\/strong><br \/>\n<strong> Nu aveai voie pentru c\u0103 au decis al\u021bii c\u0103 nu mai aveai nici o \u0219ans\u0103.<\/strong><br \/>\n<strong> Nu aveai voie pentru c\u0103 nu ai dreptul s\u0103 decizi pentru via\u021ba ta.<\/strong><br \/>\n<strong> S\u0103 l\u0103murim c\u00e2teva lucruri:<\/strong><br \/>\n<strong> 1. Atunci c\u00e2nd Ponta, B\u0103sescu, T\u0103riceanu etc s-au tratat \u00een str\u0103in\u0103tate nu s-a mai pr\u0103bu\u0219it sistemul, nu s-au mai ofensat nici medicii, nici jurnali\u0219tii. \u0218i unii \u0219i al\u021bii au spus c\u0103 e dreptul pacientului s\u0103 se trateze unde vrea. \u0218i nu era vorba despre via\u021b\u0103 \u0219i moarte.<\/strong><br \/>\n<strong> 2. Nimeni, dar nimeni nu a zis nimic r\u0103u de medici, to\u021bi au spus c\u0103 au fost eroi.<\/strong><br \/>\n<strong> 3. S\u0103 nu vezi \u0219i s\u0103 accep\u021bi c\u0103 exist\u0103 limite, e ceva de ne\u00een\u021beles. S\u0103 nu accep\u021bi c\u0103 nu ai aparatura necesar\u0103, cl\u0103direa potrivit\u0103, doar c\u0103 nu este vorba despre tine sau despre cunoscu\u021bii t\u0103i, e de ne\u00een\u021beles.<\/strong><br \/>\n<strong> 4. Dac\u0103 \u00een loc s\u0103 turn\u0103m l\u0103turi \u00een cap celor care \u00eendr\u0103znesc s\u0103 \u00eentrebe \u2013 oare nu au mai multe \u0219anse \u00een str\u0103in\u0103tate? &#8211; ne-am \u00eentreba de ce nu exist\u0103 dup\u0103 25 de ani spitale regionale care s\u0103 aib\u0103 toate dot\u0103rile posibile, unde s\u0103-\u0219i fac\u0103 meseria medicii no\u0219tri geniali, unde s\u0103 fie loc \u0219i pentru copiii cu cancer, pentru care nu exist\u0103 acum un spital, \u0219i pentru ar\u0219i \u0219i pentru \u2026\u2026<\/strong><br \/>\n<strong> 5. Sunt absolut convins\u0103 c\u0103 medicii rom\u00e2ni, care \u0219tiu limitele sistemului, ar fi primii care s-ar bucura dac\u0103 pacien\u021bii lor ar putea s\u0103 fie salva\u021bi \u00een alt\u0103 parte, dup\u0103 c\u00e2t s-au chinuit, dup\u0103 ce au f\u0103cut tot ce a depins de ei.<\/strong><br \/>\n<strong> 6. Nu medicii au fost blama\u021bi, nimeni nu ar fi \u00eendr\u0103znit a\u0219a ceva, ci infrastructura.<\/strong><br \/>\n<strong> 7. \u0218ti\u021bi c\u0103 Spitalul Clinic de Urgen\u0163\u0103 pentru Copii \u201cGrigore Alexandrescu\u201d este cel mai vechi spital pentru copii din Rom\u00e2nia \u0219i a fost dat \u00een folosin\u0163\u0103 \u00een anul 1886. \u0218i ca el TOATE spitalele din Rom\u00e2nia?<\/strong><br \/>\n<strong> 8. Nu, moartea nu e inevitabil\u0103. \u0218i da, exist\u0103 vinova\u021bi pentru decizii. \u0218i da, trebuie g\u0103si\u021bi ca s\u0103 nu se mai repete, iar apoi s\u0103 se repead\u0103 o hoard\u0103 de tic\u0103lo\u0219i s\u0103 arunce cu l\u0103turi ca s\u0103-i scape pe cei vinova\u021bi.<\/strong><br \/>\n<strong> 9. Pentru cine nu a \u00een\u021beles p\u00e2n\u0103 acum &#8211; nu scap\u0103 nimeni, nici cei care mint, manipuleaz\u0103 ordinar, sau iau decizii gre\u0219ite. La un moment dat, to\u021bi pl\u0103tesc.<\/strong><br \/>\n<strong> 10. \u0218i cum r\u0103m\u00e2ne cu funda\u021biile care au f\u0103cut presiuni s\u0103 PLECE \u00een str\u0103in\u0103tate r\u0103ni\u021bii lor, nu al\u021bii, dar r\u0103ni\u021bii lor au avut omenia s\u0103 stea la r\u00e2nd, s\u0103-I lase pe cei mai grav dec\u00e2t ei s\u0103 se urce \u00een avioane?<\/strong><br \/>\n<strong> 11. M\u0103 tot \u00eentreb ce s-a \u00eent\u00e2mplat cu noi \u00een tot<\/strong> acest timp, \u00een ce ne-am transformat, de ce ne-am transformat?<\/p>\n","protected":false},"excerpt":{"rendered":"<p>Aceasta este \u00eentrebarea cu care a r\u0103mas tat\u0103l lui Alex Hogea, un t\u00e2n\u0103r de 19 ani, mort \u00een urma tragediei de la Colectiv! Aveai sau nu dreptul s\u0103 pleci la un spital din str\u0103in\u0103tate&#46;&#46;&#46;<\/p>\n","protected":false},"author":2,"featured_media":8,"comment_status":"open","ping_status":"open","sticky":false,"template":"","format":"standard","meta":[],"categories":[2],"tags":[90,89,94,93,13,91,92],"_links":{"self":[{"href":"https:\/\/oanastanciulescu.ro\/index.php\/wp-json\/wp\/v2\/posts\/171"}],"collection":[{"href":"https:\/\/oanastanciulescu.ro\/index.php\/wp-json\/wp\/v2\/posts"}],"about":[{"href":"https:\/\/oanastanciulescu.ro\/index.php\/wp-json\/wp\/v2\/types\/post"}],"author":[{"embeddable":true,"href":"https:\/\/oanastanciulescu.ro\/index.php\/wp-json\/wp\/v2\/users\/2"}],"replies":[{"embeddable":true,"href":"https:\/\/oanastanciulescu.ro\/index.php\/wp-json\/wp\/v2\/comments?post=171"}],"version-history":[{"count":2,"href":"https:\/\/oanastanciulescu.ro\/index.php\/wp-json\/wp\/v2\/posts\/171\/revisions"}],"predecessor-version":[{"id":463,"href":"https:\/\/oanastanciulescu.ro\/index.php\/wp-json\/wp\/v2\/posts\/171\/revisions\/463"}],"wp:featuredmedia":[{"embeddable":true,"href":"https:\/\/oanastanciulescu.ro\/index.php\/wp-json\/wp\/v2\/media\/8"}],"wp:attachment":[{"href":"https:\/\/oanastanciulescu.ro\/index.php\/wp-json\/wp\/v2\/media?parent=171"}],"wp:term":[{"taxonomy":"category","embeddable":true,"href":"https:\/\/oanastanciulescu.ro\/index.php\/wp-json\/wp\/v2\/categories?post=171"},{"taxonomy":"post_tag","embeddable":true,"href":"https:\/\/oanastanciulescu.ro\/index.php\/wp-json\/wp\/v2\/tags?post=171"}],"curies":[{"name":"wp","href":"https:\/\/api.w.org\/{rel}","templated":true}]}}