{"id":211,"date":"2015-12-30T17:45:14","date_gmt":"2015-12-30T17:45:14","guid":{"rendered":"http:\/\/oanastanciulescu.ro\/?p=211"},"modified":"2016-01-02T13:03:48","modified_gmt":"2016-01-02T13:03:48","slug":"ce-inseamna-63-de-morti","status":"publish","type":"post","link":"https:\/\/oanastanciulescu.ro\/index.php\/2015\/12\/30\/ce-inseamna-63-de-morti\/","title":{"rendered":"Ce \u00eenseamn\u0103 63 de mor\u021bi"},"content":{"rendered":"<p><strong>Dou\u0103 luni c\u00e2t un deceniu. Au trecut dou\u0103 luni de la tragedia de la Colectiv, de\u0219i pare c\u0103 s-au scurs ani grei de suferin\u021b\u0103.<\/strong><\/p>\n<p><strong>Cei care au ie\u0219it \u00een strad\u0103 s\u0103-\u0219i strige durerea, dezn\u0103dejdea \u0219i nemul\u021bumirea au devenit automat victime. Au fost denigra\u021bi, critica\u021bi, pu\u0219i la zid.<\/strong><\/p>\n<p><strong>Li s-a pus eticheta de \u201etineri frumo\u0219i \u0219i liberi\u201d. Se f\u0103ceau vinova\u021bi de faptul c\u0103 nu mai doreau s\u0103 tr\u0103iasc\u0103 \u00een \u021bara \u00een care mergi la un concert rock \u0219i mori arz\u00e2nd ca o tor\u021b\u0103.<\/strong><\/p>\n<p><strong>Cei care au avut ghinionul s\u0103 mai fie \u0219i cunoscu\u021bi, ca Tudor Chiril\u0103 sau Adi Despot, au atras cea mai mare ur\u0103 \u0219i cele mai multe manipul\u0103ri. Doar nu puteau ni\u0219te ageamii care nu se las\u0103 cump\u0103ra\u021bi \u0219i manipula\u021bi s\u0103 ocupe o ni\u0219\u0103 imporant\u0103 \u2013 cea a oamenilor credibili.<\/strong><\/p>\n<p><strong>Cine sunt \u201ca\u0219tia\u201d s\u0103-\u0219i dea cu p\u0103rerea, s\u0103 scrie, s\u0103 vorbeasc\u0103 despre ce e \u00een neregul\u0103 \u00een Rom\u00e2nia?<\/strong><\/p>\n<p><strong>O asemenea abera\u021bie nu mai auzisem de mult.<\/strong><\/p>\n<p><strong>\u201eDescoperirea s\u00e2mburelui de lumin\u0103 din cel\u0103lalt\u201d, ca s-o citez pe Ana Blandiana, i-a speriat pe cei care vor s\u0103 nu se schimbe nimic, care au pactizat \u2013\u00a0 de bun\u0103 voie sau nu &#8211; cu lumea putred\u0103.<\/strong><br \/>\n<strong> Cei care s-au temut o noapte, o zi, dou\u0103 (cam c\u00e2t au avut nevoie s\u0103 confi\u0219te revolta) s-au repliat. Politicienii \u0219i-au m\u0103rit beneficiile, \u0219i-au aranjat b\u0103tr\u00e2ne\u021bile \u0219i \u0219i-au preg\u0103tit vacan\u021bele.<\/strong><\/p>\n<p><strong>\u201cCei care au puterea nu o folosesc azi pentru a-\u0219i schingiui adversarii \u0219i nici m\u0103car nu-\u0219i aleg victimele dintre adversari. Victimele lor sunt, pur \u0219i simplu, ceilal\u021bi, cei care nu \u0219tiu s\u0103 mint\u0103, s\u0103 se aranjeze, s\u0103 se descurce ca ei, cei ca nu \u0219tiu s\u0103 devalizeze b\u0103nci, s\u0103 falimenteze \u00eentreprinderile de stat pentru a le privatiza, s\u0103 comercializeze diplomr, s\u0103 fac\u0103 trafic de acte notariale \u0219i hot\u0103r\u00e2ri judec\u0103tore\u0219ti. Victimele lor sunt RESTUL LUMII, de manipularea c\u0103reia depinde \u00eens\u0103\u0219i intensitatea \u0219i durata propriei puteri\u201d, Ana Blandiana.<\/strong><\/p>\n<p><strong>Suntem o na\u021biune marcat\u0103 de aceast\u0103 ultim\u0103 tragedie, a\u0219a cum suntem marca\u021bi de Mineriade \u0219i de Revolu\u021bie. Nu putem s\u0103 mergem mai departe ca \u0219i c\u00e2nd nu s-ar fi \u00eent\u00e2mplat nimic.<\/strong><\/p>\n<p><strong>\u0218i, totu\u0219i, 63 de tineri mor\u021bi, degeaba? Mai devreme sau mai t\u00e2rziu, cei care refuz\u0103 azi s\u0103 \u00een\u021beleag\u0103, o s\u0103 \u00een\u021beleag\u0103.<\/strong><\/p>\n<p><strong><a href=\"https:\/\/oanastanciulescu.ro\/wp-content\/uploads\/2015\/12\/colectiv-coruptia.jpg\"><img decoding=\"async\" loading=\"lazy\" class=\"alignleft size-thumbnail wp-image-213\" src=\"https:\/\/oanastanciulescu.ro\/wp-content\/uploads\/2015\/12\/colectiv-coruptia-150x150.jpg\" alt=\"colectiv coruptia\" width=\"150\" height=\"150\" srcset=\"https:\/\/oanastanciulescu.ro\/wp-content\/uploads\/2015\/12\/colectiv-coruptia-150x150.jpg 150w, https:\/\/oanastanciulescu.ro\/wp-content\/uploads\/2015\/12\/colectiv-coruptia-160x160.jpg 160w, https:\/\/oanastanciulescu.ro\/wp-content\/uploads\/2015\/12\/colectiv-coruptia-320x320.jpg 320w\" sizes=\"(max-width: 150px) 100vw, 150px\" \/><\/a><\/strong><\/p>\n","protected":false},"excerpt":{"rendered":"<p>Dou\u0103 luni c\u00e2t un deceniu. Au trecut dou\u0103 luni de la tragedia de la Colectiv, de\u0219i pare c\u0103 s-au scurs ani grei de suferin\u021b\u0103. Cei care au ie\u0219it \u00een strad\u0103 s\u0103-\u0219i strige durerea, dezn\u0103dejdea&#46;&#46;&#46;<\/p>\n","protected":false},"author":2,"featured_media":212,"comment_status":"open","ping_status":"open","sticky":false,"template":"","format":"standard","meta":[],"categories":[2],"tags":[113,112,89,111,110],"_links":{"self":[{"href":"https:\/\/oanastanciulescu.ro\/index.php\/wp-json\/wp\/v2\/posts\/211"}],"collection":[{"href":"https:\/\/oanastanciulescu.ro\/index.php\/wp-json\/wp\/v2\/posts"}],"about":[{"href":"https:\/\/oanastanciulescu.ro\/index.php\/wp-json\/wp\/v2\/types\/post"}],"author":[{"embeddable":true,"href":"https:\/\/oanastanciulescu.ro\/index.php\/wp-json\/wp\/v2\/users\/2"}],"replies":[{"embeddable":true,"href":"https:\/\/oanastanciulescu.ro\/index.php\/wp-json\/wp\/v2\/comments?post=211"}],"version-history":[{"count":2,"href":"https:\/\/oanastanciulescu.ro\/index.php\/wp-json\/wp\/v2\/posts\/211\/revisions"}],"predecessor-version":[{"id":234,"href":"https:\/\/oanastanciulescu.ro\/index.php\/wp-json\/wp\/v2\/posts\/211\/revisions\/234"}],"wp:featuredmedia":[{"embeddable":true,"href":"https:\/\/oanastanciulescu.ro\/index.php\/wp-json\/wp\/v2\/media\/212"}],"wp:attachment":[{"href":"https:\/\/oanastanciulescu.ro\/index.php\/wp-json\/wp\/v2\/media?parent=211"}],"wp:term":[{"taxonomy":"category","embeddable":true,"href":"https:\/\/oanastanciulescu.ro\/index.php\/wp-json\/wp\/v2\/categories?post=211"},{"taxonomy":"post_tag","embeddable":true,"href":"https:\/\/oanastanciulescu.ro\/index.php\/wp-json\/wp\/v2\/tags?post=211"}],"curies":[{"name":"wp","href":"https:\/\/api.w.org\/{rel}","templated":true}]}}