{"id":237,"date":"2016-01-02T14:57:00","date_gmt":"2016-01-02T14:57:00","guid":{"rendered":"http:\/\/oanastanciulescu.ro\/?p=237"},"modified":"2016-01-02T15:05:53","modified_gmt":"2016-01-02T15:05:53","slug":"237","status":"publish","type":"post","link":"https:\/\/oanastanciulescu.ro\/index.php\/2016\/01\/02\/237\/","title":{"rendered":"Ce lege a f\u0103cut un deputat din Parlamentul Rom\u00e2nie la o lun\u0103 dup\u0103 ce a sc\u0103pat de CONTROLUL JUDICIAR, \u00een Ajunul Cr\u0103ciunului. Cum vrea s\u0103 pun\u0103 Rom\u00e2nia pe butuci"},"content":{"rendered":"<p>&nbsp;<\/p>\n<p>&nbsp;<\/p>\n<p><strong>\u00a0<\/strong><\/p>\n<p style=\"text-align: left;\"><strong>Misiunea unui parlamentar PSD, proprietar de p\u0103duri, \u00een acest mandat legislativ, pare s\u0103 fie distrugerea p\u0103durilor din Rom\u00e2nia, \u00een interesul de\u021bin\u0103torilor de p\u0103duri \u0219i al \u2026 schiorilor, sportul preferat al domniei sale. Cum altfel a\u021bi cataloga faptul c\u0103 domnul C\u0103t\u0103lin R\u0103dulescu, deputat PSD &#8211; proprietar de p\u0103dure, revine pentru a doua oar\u0103 cu o ini\u021biativ\u0103 legislativ\u0103 care distruge p\u0103durile pentru spa-uri, restaurante, cabane, p\u00e2rtii de ski \u0219i c\u00e2rciumi. <\/strong><\/p>\n<p style=\"text-align: left;\"><strong>Nu \u0219tim dac\u0103 \u00eenc\u0103p\u0103\u021b\u00e2narea cu care revine pe acest subiect este dat\u0103 de propriul interes, pe care evident \u00eel neag\u0103, sau miza este mult mai mare. Insisten\u021ba acestuia ridic\u0103 \u00eens\u0103 mari semne de \u00eentrebare.<br \/>\n<\/strong><\/p>\n<p style=\"text-align: left;\"><strong>R\u0103dulescu sus\u021bine c\u0103 deoarece p\u0103durile nu pot fi t\u0103iate, turismul \u00een Rom\u00e2nia este la p\u0103m\u00e2nt, motiv pentru care domnul deputat este nevoit s\u0103 schieze \u00een Austria, la fel cum o face \u0219i \u00een aceast\u0103 iarn\u0103. Domnul deputat spune c\u0103 ar vrea s\u0103 schieze \u00een Rom\u00e2nia, dar nu \u00een sta\u021biunile consacrate, ci \u00een altele noi pe care le dore\u0219te domnia sa.<\/strong><\/p>\n<p style=\"text-align: left;\"><strong>Doar n-o s\u0103 schieze la Sinaia, Poian\u0103, R\u00e2nca, Straja etc, nici m\u0103car pe p\u00e2rtiile noi contruite de Elena Udrea. El vrea altele, iar p\u00e2n\u0103 nu ne vine mintea la cap, ne anun\u021b\u0103 cu triste\u021be c\u0103 \u00ee\u0219i las\u0103 banii \u00een alt\u0103 \u021bar\u0103, dup\u0103 cum le-a declarat jurnali\u0219tilor de la Digi24.<\/strong><\/p>\n<p style=\"text-align: left;\"><strong>Am spus \u00eenc\u0103p\u0103\u021b\u00e2nare cu care domnul deputat se bate pentru distrugerea p\u0103durilor pentru c\u0103 acela\u0219i parlamentar &#8211; proprietar de p\u0103duri PSD &#8211; a depus un proiect de modificare a legii \u0219i anul trecut, \u00een 2015, cu c\u00e2teva zile \u00eenainte de Cr\u0103ciun, dar \u0219i \u00een anul 2014. <\/strong><\/p>\n<p style=\"text-align: left;\"><strong>Coinciden\u021b\u0103 sau nu, dl deputat R\u0103dulescu a sc\u0103pat de controlul judiciar, cerut de procurorii DNA \u0219i decis de instan\u021b\u0103, \u00een noiembrie, cu doar o lun\u0103 \u00eenainte de depunerea modific\u0103rilor la Codul Silvic.<\/strong><\/p>\n<p style=\"text-align: left;\"><strong>Cel pu\u021bin moral, parlamentarul PSD este \u00eentr-un conflict clar, dac\u0103 nu \u0219i \u00eentr-un un posibil conflict de interese.<\/strong><\/p>\n<p style=\"text-align: left;\"><strong>Cine este parlamentarul care vrea s\u0103 distrug\u0103 p\u0103durile <\/strong><\/p>\n<p style=\"text-align: left;\"><strong>Deputatul PSD C\u0103t\u0103lin R\u0103dulescu este, potrivit declara\u021biei sale de avere, norocosul proprietar a jum\u0103tate din terenurile de mai jos.<\/strong><\/p>\n<blockquote>\n<p style=\"text-align: left;\"><strong>Jude\u021bul Arge\u0219, teren p\u0103dure extravilan \u2013 4.916 mp<\/strong><br \/>\n<strong>Jude\u021bul Arges, teren p\u0103dure extravilan \u2013 20.555 mp<\/strong><br \/>\n<strong>Jude\u021bul Arge\u0219, teren extraviran \u2013 97.500 mp<\/strong><br \/>\n<strong>Jude\u021bul Arge\u0219, teren extravilan &#8211; 10.750 mp<\/strong><br \/>\n<strong>Jude\u021bul Arge\u0219, teren extravilan &#8211; 7.000 mp<\/strong><br \/>\n<strong>Pite\u0219ti , teren intravilan \u2013 15.000 mp<\/strong><br \/>\n<strong>Pite\u0219ti, teren intravilan \u2013 350 mp<\/strong><br \/>\n<strong>Pite\u0219ti, intravilan &#8211; 3713 mp<\/strong><br \/>\n<strong>Snagov , extravilan &#8211; 3000 mp, din care \u00een jur de 1800 sunt expropia\u021bi\u2026statului.<\/strong><\/p>\n<\/blockquote>\n<p style=\"text-align: left;\"><strong>Despre plasamentele \u0219i creditele domniei sale o s\u0103 vorbim alt\u0103 dat\u0103 pentru c\u0103 este, la prima vedere, un subiect extrem de interesant, cel pu\u021bin pentru aleg\u0103torii din colegiul domniei sale.<\/strong><br \/>\n<strong>Mai trebuie spus c\u0103 deputatul PSD are \u0219i ceva probleme cu justi\u021bia.<\/strong><br \/>\n<strong>\u00cen 2014, procurorii DNA au f\u0103cut perchezi\u0163ii la locuin\u0163a din Pite\u015fti a deputatului PSD C\u0103t\u0103lin R\u0103dulescu \u015fi la o firm\u0103 de construc\u0163ii la care acesta este ac\u0163ionar majoritar. <\/strong><\/p>\n<blockquote>\n<p style=\"text-align: left;\"><strong>\u0218i tot atunci, potrivit unui comunicat al DNA, procurorii au dispus punerea \u00een mi\u015fcare a ac\u0163iunii penale \u015fi luarea m\u0103surii controlului judiciar fa\u0163\u0103 de Marian- C\u0103t\u0103lin R\u0103dulescu, deputat \u00een Camera Deputa\u0163ilor, \u00een cauz\u0103 rezult\u00e2nd suspiciunea rezonabil\u0103 c\u0103 acesta a s\u0103v\u00e2r\u015fit infrac\u0163iunile concurente de: \u2013 efectuarea de opera\u0163iuni financiare ca acte de comer\u0163 incompatibile cu func\u0163ia<\/strong><br \/>\n<strong>\u2013 dare de mit\u0103 \u00een form\u0103 continuat\u0103<\/strong><\/p>\n<p style=\"text-align: left;\"><strong>\u00cen ordonan\u0163a de dispunere a controlului judiciar, procurorii au re\u0163inut urm\u0103toarea stare de fapt:<\/strong><br \/>\n<strong>\u00cen perioada ianuarie 2013 \u2013 februarie 2014,Marian- C\u0103t\u0103lin R\u0103dulescu, concomitent cu ocuparea func\u0163iei de deputat \u00een Parlamentul Rom\u00e2niei \u2013 Camera Deputa\u0163ilor, s-a ocupat de administrarea \u015fi controlul societ\u0103\u0163ii SC Concordia Con. Strade S.R.L., efectu\u00e2nd \u00een acest sens opera\u0163iuni financiare ca acte de comer\u0163 incompatibile cu func\u0163ia. Firma deputatului PSD C\u0103t\u0103lin R\u0103dulescu are contracte cu statul de aproximativ 11,4 milioane de euro! Cele mai mari sunt cu CNANDR \u015fi Prim\u0103ria Sectorului 5 .<\/strong><\/p>\n<\/blockquote>\n<p style=\"text-align: left;\"><strong>\u00cen noiembrie 2015, deputatul PSD a fost scos de sub control judiciar.<\/strong><\/p>\n<p style=\"text-align: left;\"><strong>Ce propune acum deputatul acuzat de DNA<\/strong><\/p>\n<p style=\"text-align: left;\"><strong>Mai mul\u0163i deputa\u0163i, printre care \u0219i domnia sa, propun a doua oar\u0103 \u00een decurs de doi ani, modificarea codului silvic astfel \u00eenc\u00e2t to\u0163i proprietarii de p\u0103duri s\u0103 poat\u0103 t\u0103ia jum\u0103tate din suprafa\u0163a pe care o de\u0163in, dac\u0103 vor s\u0103 ridice hoteluri \u015fi complexuri turistice. Singura condi\u0163ie e s\u0103 \u00eemp\u0103dureasc\u0103, \u00een alt\u0103 parte, o suprafa\u0163\u0103 similar\u0103. <\/strong><br \/>\n<strong>\u00cen plus, vor s\u0103 se poat\u0103 trece \u0219i toate p\u0103durile din extravilan \u00een intravilan. A\u0219adar, se \u00eencearc\u0103 \u015fi modificarea articolului care interzicea categoric trecerea p\u0103durilor din extravilan \u00een intravilan. <\/strong><\/p>\n<blockquote>\n<p style=\"text-align: left;\"><strong>Cei 11 deputati \u0219i senatori, care au ini\u021biat aceste modific\u0103ri sunt:<\/strong><br \/>\n<strong> Petrescu Petre<\/strong><\/p>\n<p><strong>deputati &#8211; PSD: Andea Petru, B\u00eers\u0103\u015fteanu Floric\u0103, C\u0103prar Dorel-Gheorghe, Fonta Nu\u0163u, Popeang\u0103 Vasile, R\u0103dulescu C\u0103t\u0103lin-Marian, S\u0103voiu Ionu\u0163-Cristian, Stanciu Anghel, Stan Ion, T\u0103taru Florin-Cristian<\/strong><\/p><\/blockquote>\n<p><strong>Organiza\u0163iile de mediu consider\u0103 proiectul de lege un adev\u0103rat dezastru pentru fondul forestier din \u0163ara noastr\u0103.<\/strong><br \/>\n<strong>Legea urmeaz\u0103 s\u0103 intre \u00een dezbaterea Senatului la \u00eenceputul lunii februarie.<\/strong><\/p>\n","protected":false},"excerpt":{"rendered":"<p>&nbsp; &nbsp; \u00a0 Misiunea unui parlamentar PSD, proprietar de p\u0103duri, \u00een acest mandat legislativ, pare s\u0103 fie distrugerea p\u0103durilor din Rom\u00e2nia, \u00een interesul de\u021bin\u0103torilor de p\u0103duri \u0219i al \u2026 schiorilor, sportul preferat al domniei&#46;&#46;&#46;<\/p>\n","protected":false},"author":2,"featured_media":238,"comment_status":"open","ping_status":"open","sticky":false,"template":"","format":"standard","meta":[],"categories":[2],"tags":[127,126,124,129,125,128,130,131],"_links":{"self":[{"href":"https:\/\/oanastanciulescu.ro\/index.php\/wp-json\/wp\/v2\/posts\/237"}],"collection":[{"href":"https:\/\/oanastanciulescu.ro\/index.php\/wp-json\/wp\/v2\/posts"}],"about":[{"href":"https:\/\/oanastanciulescu.ro\/index.php\/wp-json\/wp\/v2\/types\/post"}],"author":[{"embeddable":true,"href":"https:\/\/oanastanciulescu.ro\/index.php\/wp-json\/wp\/v2\/users\/2"}],"replies":[{"embeddable":true,"href":"https:\/\/oanastanciulescu.ro\/index.php\/wp-json\/wp\/v2\/comments?post=237"}],"version-history":[{"count":4,"href":"https:\/\/oanastanciulescu.ro\/index.php\/wp-json\/wp\/v2\/posts\/237\/revisions"}],"predecessor-version":[{"id":242,"href":"https:\/\/oanastanciulescu.ro\/index.php\/wp-json\/wp\/v2\/posts\/237\/revisions\/242"}],"wp:featuredmedia":[{"embeddable":true,"href":"https:\/\/oanastanciulescu.ro\/index.php\/wp-json\/wp\/v2\/media\/238"}],"wp:attachment":[{"href":"https:\/\/oanastanciulescu.ro\/index.php\/wp-json\/wp\/v2\/media?parent=237"}],"wp:term":[{"taxonomy":"category","embeddable":true,"href":"https:\/\/oanastanciulescu.ro\/index.php\/wp-json\/wp\/v2\/categories?post=237"},{"taxonomy":"post_tag","embeddable":true,"href":"https:\/\/oanastanciulescu.ro\/index.php\/wp-json\/wp\/v2\/tags?post=237"}],"curies":[{"name":"wp","href":"https:\/\/api.w.org\/{rel}","templated":true}]}}