{"id":256,"date":"2016-01-06T20:51:35","date_gmt":"2016-01-06T20:51:35","guid":{"rendered":"http:\/\/oanastanciulescu.ro\/?p=256"},"modified":"2016-01-07T08:33:42","modified_gmt":"2016-01-07T08:33:42","slug":"guvernul-il-da-in-judecata-pe-regele-mihai-in-iulie-1993-la-tribunalul-de-la-geneva-sa-obtina-tablourile-scoase-din-tara-de-rege-tribunalul-de-la-geneva-decide-ca-statul-roman-s-a-inselat","status":"publish","type":"post","link":"https:\/\/oanastanciulescu.ro\/index.php\/2016\/01\/06\/guvernul-il-da-in-judecata-pe-regele-mihai-in-iulie-1993-la-tribunalul-de-la-geneva-sa-obtina-tablourile-scoase-din-tara-de-rege-tribunalul-de-la-geneva-decide-ca-statul-roman-s-a-inselat\/","title":{"rendered":"Despre presa \u0219i demnitarii din anii 90"},"content":{"rendered":"<p><strong>Palmaresul Guvernului V\u0103caroiu (1992-1996)<\/strong><\/p>\n<p><strong>\u00cen urm\u0103 cu patru ani, la Palatul Cotroceni, Ion Iliescu, pe atunci pre\u0219edintele \u021b\u0103rii, anun\u021ba c\u0103 ,A sosit ora H&#8221;, c\u00e2nd se putea dezv\u0103lui numele noului prim ministru: Nicolae Vac\u0103roiu.<\/strong><\/p>\n<p><strong>Atunci, Corneliu Coposu declara: ,Noi nu sus\u021binem un guvern de tehnocra\u021bi. S-ar putea s\u0103 se \u00eembrace \u00een haina FDSN-ului. Noi am promis c\u0103 vom sus\u021bine un guvern omogen politic al FDSN&#8221;.<\/strong><\/p>\n<p><strong>Nicolae V\u0103c\u0103roiu, omul ales s\u0103 conduc\u0103 Guvernul Rom\u00e2niei timp de patru ani, a fost, \u00eentre anii 1985-1989 secretar de partid la Comitetul de Stat al Planific\u0103rii, iar dup\u0103 1989 a fost de dou\u0103 ori secretar de stat \u0219i tot de dou\u0103 ori a fost retrogradat. Prima dat\u0103 de c\u0103tre Petre Roman pentru c\u0103 ,s-a opus reformei&#8221; si a doua oar\u0103 c\u00e2nd s-au restructurat posturile de secretari de stat. Este autorul taxelor, impozitelor \u0219i suprataxelor.<\/strong><\/p>\n<p><strong>Numirea la conducerea Executivului a dus \u0219i la sacrificii din partea lui V\u0103c\u0103roiu: el a l\u0103sat neterminat\u0103 o lucrare de interes na\u021bional, ,Calcularea taxei pe valoarea adaugat\u0103&#8221;. La validarea echipei, V\u0103c\u0103roiu trebuia s\u0103<\/strong><br \/>\n<strong> prezinte Parlamentului programul de guvernare. El \u00eens\u0103 a prezentat obiectivele pentru traversarea iernii. ,Acest program nu are preten\u021bia unui program strategic pentru o perioad\u0103 de patru ani \u00een detaliu. Ar fi fost<\/strong><br \/>\n<strong> neserios din partea unei echipe guvernamentale noi s\u0103 prezinte \u00een fa\u021ba dumneavoastr\u0103 un astfel de program. El se va elabora \u00een urm\u0103toarele 2-3 luni \u0219i se va prezenta Parlamentului&#8221;, a declarat V\u0103c\u0103roiu.<\/strong><\/p>\n<p><strong>El \u0219i-a uitat \u00eens\u0103 promisiunea, refuz\u00e2nd s\u0103 prezinte Parlamentului programul pe care avea s\u0103-l aplice \u00een urm\u0103torii ani. Dup\u0103 discursul jalnic din Parlament, Dinu Patriciu afirma c\u0103 expunerea lui Nicolae V\u0103c\u0103roiu ,e bun\u0103 pentru al XV-lea Congres al PCR.&#8221;<\/strong><\/p>\n<p><strong>Guvernul Vacaroiu va r\u0103m\u00e2ne \u00een istorie ca cel care a dus \u021bara \u00een pragul s\u0103r\u0103ciei \u0219i dezn\u0103dejdii. Corup\u021bia dus\u0103 la paroxism, blocarea reformei \u0219i a privatiz\u0103rii sunt principalele p\u0103c\u0103te ale echipei V\u0103c\u0103roiu. Cei patru ani de guvernare nu vor fi da\u021bi uit\u0103rii nu numai din pricina infla\u021biei galopante, a reducerii veniturilor popula\u021biei p\u00e2n\u0103 la limita rezisten\u021bei, a cre\u0219terii deficitului bugetar sau a devaloriz\u0103rii aberante a monedei na\u021bionale, ci \u0219i prin alte &#8222;ac\u021biuni guvernamentale&#8221; pe care opinia public\u0103 cu siguran\u021b\u0103 \u0219i le va aminti.<\/strong><\/p>\n<p><strong>* Paul Teodoru, ministrul Transporturilor, \u00eencheie un contract pagubos cu Petromin, v\u00e2nz\u00e2nd practic flota strategic\u0103 a Rom\u00e2niei. V\u0103c\u0103roiu \u00eei ia ap\u0103rarea, spun\u00e2nd c\u0103 Teodoru e nevinovat, dar este neobi\u0219nuit cu jocurile<\/strong><br \/>\n<strong> politice, av\u00e2nd \u00een plus defectul de a fi prea timid.<\/strong><\/p>\n<p><strong>* Acela\u0219i ministru timid declar\u0103 c\u0103 a st\u00e2rpit corup\u021bia din domeniul transporturilor, d\u00e2nd pe m\u00e2na Poli\u021biei un muncitor care furase un cablu \u0219i un altul care folosea \u00een interes personal o drujb\u0103 din dotare.<\/strong><\/p>\n<p><strong>*Andrei \u0218erban pleac\u0103 de la conducerea Teatrului Na\u021bional, declar\u00e2nd c\u0103 nu poate s\u0103 schimbe structura comunist\u0103 a acestei institu\u021bii.<\/strong><\/p>\n<p><strong>* La 6 iulie 1993, Guvernul \u00eel d\u0103 \u00een judecat\u0103 pe Regele Mihai, la Tribunalul de la Geneva pentru a intra \u00een posesia a 42 de tablouri care, zicea Guvernul, au fost scoase din \u021bar\u0103 de Rege. Mai t\u00e2rziu, Tribunalul de la Geneva decide c\u0103 statul rom\u00e2n s-a \u00een\u0219elat. Instan\u021bele interna\u021bionale vor respinge ac\u021biunea juridic\u0103 ini\u021biat\u0103 de Guvern.<\/strong><\/p>\n<p><strong>*Se sinucide prin sp\u00e2nzurare C\u0103lin Neme\u0219, cel care a fost r\u0103nit \u00een 21 decembrie 1989 pentru c\u0103 a \u00eencercat s\u0103 dezarmeze un ofi\u021ber. El nu mai vede nici o speran\u021b\u0103 cu Iliescu-PDSR-V\u0103c\u0103roiu la putere, \u0219i-\u0219i pune cap\u0103t<\/strong><br \/>\n<strong> zilelor.<\/strong><\/p>\n<p><strong>*Ministrul Culturii, Petre S\u0103lcudeanu, este prins, \u00een stare de ebrietate, descheiat la \u0219lit, \u00eencerc\u00e2nd s\u0103 violeze o angajat\u0103 a Ministerului.<\/strong><\/p>\n<p><strong>*Guvernul refuz\u0103 s\u0103 acorde viz\u0103 de intrare \u00een \u021bar\u0103 familiei Regale, pentru a lua parte la festivitatile prilejuite de Ziua Nationala a \u021b\u0103rii.<\/strong><\/p>\n<p><strong>* Se sp\u00e2nzur\u0103 la 17 martie 1994 Gheorghe Gavrilescu, unul dintre participan\u021bii la mi\u0219carea protestatar\u0103 a bra\u0219ovenilor din 15 noiembrie 1987 \u0219i la evenimentele din decembrie 1989. ,\u00cen septembrie 1990, la ultima<\/strong><br \/>\n<strong> mineriad\u0103 am fost arestat de o patrul\u0103 a sectiei 3 Poli\u021bie \u0219i b\u0103tut, amenin\u021bat cu moartea&#8221;, a declarat Gavrilescu \u00eenainte de a i se al\u0103tura lui Neme\u0219.<\/strong><\/p>\n<p><strong>* Pe 7 octombrie 1994, Regelui Mihai \u0219i Reginei Ana nu li se permite intrarea \u00een \u021bar\u0103, fiind nevoi\u021bi s\u0103 stea o or\u0103 \u0219i 32 de minute pe aeroportul Otopeni, \u00eentr-un avion. Dinu Patriciu, Serban Sandulescu si Ticu Dumitrescu<\/strong><br \/>\n<strong> sunt singurii care reu\u0219esc s\u0103 vorbeasc\u0103 cu Familia Regal\u0103. Guvernul propune s\u0103-i ancheteze pe cei trei parlamentari deoarece au ,for\u021bat grani\u021ba de stat&#8221;<\/strong><\/p>\n<p><strong>*Petru Crisan, proprietar a 17 firme, este numit ministrul Comertului.<\/strong><\/p>\n<p><strong>* Maria V\u0103c\u0103roiu, sotia premierului, face afaceri cu b\u0103uturi alcolice.<\/strong><\/p>\n<p><strong>* Ministrul Apararii, Gheorghe Tinca, afirma cu nonsalanta ca ,MIG-uri avem, MIG-uri cad&#8221;. De altfel, Tinca zice ca ,armata are de la cultura la zootehnie&#8221;.<\/strong><\/p>\n<p><strong>*Liviu Maior, ministrul Invatamantului, a dat doua hotarari memorabile: obligativitatea ca la fiecare camin de fete sa existe in dotare si dusuri mobile si ca fiecare gradinita sa dispuna de un numar de olite egal scu cel<\/strong><br \/>\n<strong> al copiilor.<\/strong><\/p>\n<p><strong>*Pentru a schimba imaginea de guvern corupt si comunist, Melescanu a semnat un contract cu agentia americana de relatii publice ,APCO Associates&#8221;, pagubind statul roman cu suma de 736.574 dolari pe anul 1993.<\/strong><\/p>\n<p><strong>* Lotul Vacaroiu lasa viitorului Guvern datorii de peste 7.000.000.000 de dolari.<\/strong><\/p>\n<p><strong>* Coruptia ne costa anual peste doua miliarde de dolari<\/strong><\/p>\n<p><strong>*Dan Mircea Popescu, ministrul Muncii si Protectiei Sociale, declara ca el poate trai bine cu un salariu de 250.000 de lei<\/strong><\/p>\n<p><strong>Epilog<\/strong><\/p>\n<p><strong>Nicolae Vacaroiu &#8211; senator de Arges<\/strong><\/p>\n<p><strong>Liviu Maior &#8211; senator de Bihor<\/strong><\/p>\n<p><strong>Octav Cazmanca &#8211; senator de Botosani<\/strong><\/p>\n<p><strong>Doru Ioan Taracila &#8211; senator de Calarasi<\/strong><\/p>\n<p><strong>Aurel Constantin Ilie &#8211; senator de Maramures<\/strong><\/p>\n<p><strong>Teodor Melescanu &#8211; senator de Prahova<\/strong><\/p>\n<p><strong>Gheorghi Prisacaru &#8211; senator de Suceava<\/strong><\/p>\n<p><strong>Ion Predescu &#8211; senator Dolj<\/strong><\/p>\n<p><strong>Virgil Popescu &#8211; senator Dolj<\/strong><\/p>\n<p><strong>Petre Ninosu &#8211; senator Bucuresti<\/strong><\/p>\n<p><strong>Dan Mircea Popescu &#8211; senator de Teleorman<\/strong><\/p>\n<p><strong>Alexandru Stanescu &#8211; deputat de Arges<\/strong><\/p>\n<p><strong>Viorel Hrebenciuc &#8211; deputat de Bacau<\/strong><\/p>\n<p><strong>Dan Matei Agaton &#8211; deputat de Bacau<\/strong><\/p>\n<p><strong>Daniela Bartos &#8211; deputat de Braila<\/strong><\/p>\n<p><strong>Alexandru Lapusan &#8211; deputat de Cluj<\/strong><\/p>\n<p><strong>Mircea Cosea &#8211; deputat de Constanta<\/strong><\/p>\n<p><strong>Marin Cristea &#8211; deputat de Giurgiu<\/strong><\/p>\n<p><strong>Dumitru Popescu &#8211; deputat Gorj<\/strong><\/p>\n<p><strong>Ion Honcescu &#8211; deputat Mehedinti<\/strong><\/p>\n<p><strong>Florin Georgescu &#8211; deputat Olt<\/strong><\/p>\n<p><strong>Constantin Teculescu &#8211; deputat Bucuresti<\/strong><\/p>\n<p><strong>Gheorghe Oana &#8211; deputat Caras &#8211; Severin<\/strong><\/p>\n<p><strong>Hildegard Puwak &#8211; deputat Timis<\/strong><\/p>\n<p><strong>Oana STANCIULESCU<\/strong><\/p>\n<p><strong>Articol publicat pe data de 22 noiembrie 1996, ziarul Ziua<\/strong><\/p>\n<p><strong><span class=\"_r3\"><a class=\"irc_hl irc_hol i3724\" href=\"https:\/\/www.google.ro\/url?sa=i&amp;rct=j&amp;q=&amp;esrc=s&amp;source=images&amp;cd=&amp;cad=rja&amp;uact=8&amp;ved=0ahUKEwia1uSLiJbKAhUGcQ8KHSmLCGUQjB0IBg&amp;url=http%3A%2F%2Fwww.botosaneanul.ro%2Finterviuri%2Fnicolae-vacaroiu%2F&amp;bvm=bv.110151844,d.ZWU&amp;psig=AFQjCNFa5M-ypRyXqeaY-HZWQGr_HWNs7A&amp;ust=1452199797962285\" data-ved=\"0ahUKEwia1uSLiJbKAhUGcQ8KHSmLCGUQjB0IBg\" data-noload=\"\" target=\"_blank\" rel=\"noopener\"><span class=\"irc_ho\" dir=\"ltr\">www.botosaneanul.ro<\/span><\/a><\/span><\/strong><\/p>\n","protected":false},"excerpt":{"rendered":"<p>Palmaresul Guvernului V\u0103caroiu (1992-1996) \u00cen urm\u0103 cu patru ani, la Palatul Cotroceni, Ion Iliescu, pe atunci pre\u0219edintele \u021b\u0103rii, anun\u021ba c\u0103 ,A sosit ora H&#8221;, c\u00e2nd se putea dezv\u0103lui numele noului prim ministru: Nicolae Vac\u0103roiu.&#46;&#46;&#46;<\/p>\n","protected":false},"author":2,"featured_media":265,"comment_status":"open","ping_status":"open","sticky":false,"template":"","format":"standard","meta":[],"categories":[2],"tags":[140,141,142],"_links":{"self":[{"href":"https:\/\/oanastanciulescu.ro\/index.php\/wp-json\/wp\/v2\/posts\/256"}],"collection":[{"href":"https:\/\/oanastanciulescu.ro\/index.php\/wp-json\/wp\/v2\/posts"}],"about":[{"href":"https:\/\/oanastanciulescu.ro\/index.php\/wp-json\/wp\/v2\/types\/post"}],"author":[{"embeddable":true,"href":"https:\/\/oanastanciulescu.ro\/index.php\/wp-json\/wp\/v2\/users\/2"}],"replies":[{"embeddable":true,"href":"https:\/\/oanastanciulescu.ro\/index.php\/wp-json\/wp\/v2\/comments?post=256"}],"version-history":[{"count":7,"href":"https:\/\/oanastanciulescu.ro\/index.php\/wp-json\/wp\/v2\/posts\/256\/revisions"}],"predecessor-version":[{"id":270,"href":"https:\/\/oanastanciulescu.ro\/index.php\/wp-json\/wp\/v2\/posts\/256\/revisions\/270"}],"wp:featuredmedia":[{"embeddable":true,"href":"https:\/\/oanastanciulescu.ro\/index.php\/wp-json\/wp\/v2\/media\/265"}],"wp:attachment":[{"href":"https:\/\/oanastanciulescu.ro\/index.php\/wp-json\/wp\/v2\/media?parent=256"}],"wp:term":[{"taxonomy":"category","embeddable":true,"href":"https:\/\/oanastanciulescu.ro\/index.php\/wp-json\/wp\/v2\/categories?post=256"},{"taxonomy":"post_tag","embeddable":true,"href":"https:\/\/oanastanciulescu.ro\/index.php\/wp-json\/wp\/v2\/tags?post=256"}],"curies":[{"name":"wp","href":"https:\/\/api.w.org\/{rel}","templated":true}]}}