{"id":276,"date":"2016-01-12T11:30:05","date_gmt":"2016-01-12T11:30:05","guid":{"rendered":"http:\/\/oanastanciulescu.ro\/?p=276"},"modified":"2016-01-12T13:28:07","modified_gmt":"2016-01-12T13:28:07","slug":"2-milioane-de-copii-din-romania-educati-cu-palma-zeci-de-copii-ucisi-de-parinti-legea-nu-se-aplica-de-10-ani-ipocrizia-la-romani","status":"publish","type":"post","link":"https:\/\/oanastanciulescu.ro\/index.php\/2016\/01\/12\/2-milioane-de-copii-din-romania-educati-cu-palma-zeci-de-copii-ucisi-de-parinti-legea-nu-se-aplica-de-10-ani-ipocrizia-la-romani\/","title":{"rendered":"2 milioane de copii din Rom\u00e2nia, educa\u021bi cu PALMA, iar zeci de copii sunt uci\u0219i de p\u0103rin\u021bi. Legea nu se aplic\u0103 de 12 ani. Ipocrizia la rom\u00e2ni"},"content":{"rendered":"<p><strong>Am evitat p\u00e2n\u0103 acum s\u0103 m\u0103 pronun\u021b pe cazul Bodnariu din Norvegia. N-o s-o fac nici acum din simplul motiv c\u0103 nu am toate datele. <\/strong><strong>Am doar \u00eentreb\u0103ri. <\/strong><strong>Pot doar s\u0103 analizez informa\u021biile pe care le avem \u00een acest moment.<br \/>\n<\/strong><\/p>\n<p><strong>Pot s\u0103 spun \u00eens\u0103 c\u0103:<\/strong><\/p>\n<p><strong>La sf\u00e2r\u0219itul lui mai 2015, potrivit organiza\u021bia Salva\u021bi copiii, dou\u0103 milioane, din cei patru milioane de copii din Rom\u00e2nia, sunt educa\u0163i cu palma, de\u015fi legea interzice orice form\u0103 de violen\u0163\u0103 asupra lor.<\/strong><\/p>\n<p><strong>Din p\u0103cate, b\u0103taia e rupt\u0103 din Rai \u00een una din cinci familii din Rom\u00e2nia, dup\u0103 cum arat\u0103 datele organiza\u0163iilor pentru drepturile copiilor.<\/strong><\/p>\n<p><strong>Speciali\u0219tii spun c\u0103 de cele mai multe ori, copiii agresa\u0163i ajung la r\u00e2ndul lor p\u0103rin\u0163i agresori, spun speciali\u015ftii.<\/strong><br \/>\n<strong> \u00cen 2014, 10 copii din Rom\u00e2nia au fost uci\u015fi de p\u0103rin\u0163ii lor. Al\u0163i peste 600 au stat luni \u00een sir \u00een spital \u00een urma b\u0103t\u0103ilor \u00eencasate acas\u0103. Psihologii spun c\u0103 trupul se vindec\u0103 de r\u0103ni, dar sufletul nu. Consecin\u0163ele violen\u0163ei asupra copiilor sunt devastatoare, spun speciali\u0219tii.<\/strong><\/p>\n<p><strong>Datele organiza\u0163iei Salva\u0163ii Copiii ar\u0103tau \u00een anul 2014 c\u0103 \u00een 63% din familii educa\u0163ia se face prin violen\u0163\u0103.<\/strong><br \/>\n<strong> \u00cen anul 2014, studiul organiza\u021biei Salva\u021bi copii ar\u0103ta c\u0103 aproape dou\u0103 treimi dintre copiii din \u021bara noastr\u0103 sunt b\u0103tu\u021bi. Mai precis, 63% dintre copiii chestiona\u021bi au spus c\u0103 au fost b\u0103tu\u021bi f\u0103r\u0103 s\u0103 r\u0103m\u00e2n\u0103 urme, 18% c\u0103 au fost b\u0103tu\u021bi cu diferite obiecte \u2013 printre care b\u0103\u021bul, cureaua, lingura de lemn, vergeaua \u0219i furtunul.<\/strong><\/p>\n<p><strong>P\u0103rin\u021bii din Romania nu se ru\u0219ineaz\u0103 s\u0103 recunoasc\u0103 faptul c\u0103 \u00ee\u021bi bat copiii \u2013 a\u0219a cum au f\u0103cut-o 38% dintre ei. \u0218i asta cu toate c\u0103 sunt 12 ani de c\u00e2nd Rom\u00e2nia are o lege care interzice orice form\u0103 de violen\u021b\u0103 asupra minorilor.<\/strong><\/p>\n<p><strong>PS. 1. Nu am v\u0103zut p\u00e2n\u0103 acum nicio peti\u021bie pentru ace\u0219ti copii care r\u0103m\u00e2n marca\u021bi pe via\u021b\u0103. 2. Mi s-a p\u0103rut simpatic faptul c\u0103 din declara\u021bia purt\u0103torului de cuv\u00e2nt al guvernlui, ziari\u0219tii( \u00een marea lor majoritate) au t\u0103iat partea \u00een care acesta spunea c\u0103 instan\u021ba din Norvegia a decis luarea copiilor din cauza unor rele tratamente.<\/strong><\/p>\n<p><strong>\u00cen rest, este o dram\u0103 \u00een primul r\u00e2nd pentru copii deoarece au fost desp\u0103r\u021bi\u021bi unul de cel\u0103lalt.<\/strong><\/p>\n<p><strong>A\u0219tept cu ner\u0103bdare peti\u021biile \u0219i edi\u021biile explozive la TV pentru c\u0103 \u00een Rom\u00e2nia sunt copii omor\u00e2\u021bi \u00een b\u0103taie de c\u0103tre p\u0103rin\u021bii lor. \u00ce\u0219i poate cineva m\u0103car \u00eenchipui a\u0219a ceva? Un lucru pare sigur, c\u0103 \u00een Norvegia, nu exist\u0103 astfel de cazuri.<\/strong><\/p>\n","protected":false},"excerpt":{"rendered":"<p>Am evitat p\u00e2n\u0103 acum s\u0103 m\u0103 pronun\u021b pe cazul Bodnariu din Norvegia. N-o s-o fac nici acum din simplul motiv c\u0103 nu am toate datele. Am doar \u00eentreb\u0103ri. Pot doar s\u0103 analizez informa\u021biile pe&#46;&#46;&#46;<\/p>\n","protected":false},"author":2,"featured_media":8,"comment_status":"open","ping_status":"open","sticky":false,"template":"","format":"standard","meta":[],"categories":[2],"tags":[146,145,150,148,149,147],"_links":{"self":[{"href":"https:\/\/oanastanciulescu.ro\/index.php\/wp-json\/wp\/v2\/posts\/276"}],"collection":[{"href":"https:\/\/oanastanciulescu.ro\/index.php\/wp-json\/wp\/v2\/posts"}],"about":[{"href":"https:\/\/oanastanciulescu.ro\/index.php\/wp-json\/wp\/v2\/types\/post"}],"author":[{"embeddable":true,"href":"https:\/\/oanastanciulescu.ro\/index.php\/wp-json\/wp\/v2\/users\/2"}],"replies":[{"embeddable":true,"href":"https:\/\/oanastanciulescu.ro\/index.php\/wp-json\/wp\/v2\/comments?post=276"}],"version-history":[{"count":6,"href":"https:\/\/oanastanciulescu.ro\/index.php\/wp-json\/wp\/v2\/posts\/276\/revisions"}],"predecessor-version":[{"id":282,"href":"https:\/\/oanastanciulescu.ro\/index.php\/wp-json\/wp\/v2\/posts\/276\/revisions\/282"}],"wp:featuredmedia":[{"embeddable":true,"href":"https:\/\/oanastanciulescu.ro\/index.php\/wp-json\/wp\/v2\/media\/8"}],"wp:attachment":[{"href":"https:\/\/oanastanciulescu.ro\/index.php\/wp-json\/wp\/v2\/media?parent=276"}],"wp:term":[{"taxonomy":"category","embeddable":true,"href":"https:\/\/oanastanciulescu.ro\/index.php\/wp-json\/wp\/v2\/categories?post=276"},{"taxonomy":"post_tag","embeddable":true,"href":"https:\/\/oanastanciulescu.ro\/index.php\/wp-json\/wp\/v2\/tags?post=276"}],"curies":[{"name":"wp","href":"https:\/\/api.w.org\/{rel}","templated":true}]}}