{"id":288,"date":"2016-01-24T16:32:36","date_gmt":"2016-01-24T16:32:36","guid":{"rendered":"http:\/\/oanastanciulescu.ro\/?p=288"},"modified":"2016-01-24T19:33:58","modified_gmt":"2016-01-24T19:33:58","slug":"unirea-romaniei-cu-republica-moldova-utopie-sau-proiect-de-tara","status":"publish","type":"post","link":"https:\/\/oanastanciulescu.ro\/index.php\/2016\/01\/24\/unirea-romaniei-cu-republica-moldova-utopie-sau-proiect-de-tara\/","title":{"rendered":"Unirea Rom\u00e2niei cu Republica Moldova, utopie sau proiect  de \u021bar\u0103?"},"content":{"rendered":"<p>&nbsp;<\/p>\n<p>&nbsp;<\/p>\n<p><strong>\u00cen Rom\u00e2nia nu a existat \u00een ultimii 26 de ani nicio dezbatere pe aceast\u0103 tem\u0103 &#8211; Unirea Rom\u00e2niei cu Republica Moldova. Nici oficial, nici neoficial, nici institu\u021bii de stat, nici pres\u0103, istorici sau anali\u0219ti. Se vorbea despre acest lucru pe la col\u021buri \u2013 e o utopia, \u00een ce ne-am b\u0103ga, Rom\u00e2nia s-ar pr\u0103bu\u0219i, moldonenii nu vor, iubesc prea mult Rom\u00e2nia s\u0103-I doresc asemenea viitor, Rom\u00e2nia nu este preg\u0103tit\u0103 s\u0103 salveze Moldova, abia se poate salva pe sine, Moldova e plin\u0103 de pro ru\u0219i etc etc ( nu m\u0103 refer la declara\u021biile lui Traian B\u0103sescu pentru c\u0103 sunt f\u0103cute dup\u0103 Cotroceni)<\/strong><\/p>\n<p><strong>\u00cen aceste zile, este pentru prima oar\u0103 c\u00e2nd se pune serios aceast\u0103 \u00eentreabare. Este pentru prima dat\u0103 c\u00e2nd vorbesc aplicat despre Unire \u0219i al\u021bii \u00eenafar\u0103 de asocia\u021biile unioniste.<\/strong><br \/>\n<strong>A\u0219adar, unirea Rom\u00e2niei cu Republica Moldova este o utopie sau poate s\u0103 devin\u0103 un proiect de \u021bar\u0103?<\/strong><br \/>\n<strong>\u201eRom\u00e2nia pentru Republica Moldova este ceea ce r\u0103m\u00e2ne c\u00e2nd i se ia totul. \u0218i Republicii Moldova i s-a luat \u00een acest moment totul\u201d, spune analistul Dungaciu.<\/strong><\/p>\n<p><strong>Este acesta momentul istoric pentru unire? Este destinul Rom\u00e2niei?<\/strong><\/p>\n","protected":false},"excerpt":{"rendered":"<p>&nbsp; &nbsp; \u00cen Rom\u00e2nia nu a existat \u00een ultimii 26 de ani nicio dezbatere pe aceast\u0103 tem\u0103 &#8211; Unirea Rom\u00e2niei cu Republica Moldova. Nici oficial, nici neoficial, nici institu\u021bii de stat, nici pres\u0103, istorici&#46;&#46;&#46;<\/p>\n","protected":false},"author":2,"featured_media":289,"comment_status":"open","ping_status":"open","sticky":false,"template":"","format":"standard","meta":[],"categories":[2],"tags":[157,156,155,154],"_links":{"self":[{"href":"https:\/\/oanastanciulescu.ro\/index.php\/wp-json\/wp\/v2\/posts\/288"}],"collection":[{"href":"https:\/\/oanastanciulescu.ro\/index.php\/wp-json\/wp\/v2\/posts"}],"about":[{"href":"https:\/\/oanastanciulescu.ro\/index.php\/wp-json\/wp\/v2\/types\/post"}],"author":[{"embeddable":true,"href":"https:\/\/oanastanciulescu.ro\/index.php\/wp-json\/wp\/v2\/users\/2"}],"replies":[{"embeddable":true,"href":"https:\/\/oanastanciulescu.ro\/index.php\/wp-json\/wp\/v2\/comments?post=288"}],"version-history":[{"count":2,"href":"https:\/\/oanastanciulescu.ro\/index.php\/wp-json\/wp\/v2\/posts\/288\/revisions"}],"predecessor-version":[{"id":291,"href":"https:\/\/oanastanciulescu.ro\/index.php\/wp-json\/wp\/v2\/posts\/288\/revisions\/291"}],"wp:featuredmedia":[{"embeddable":true,"href":"https:\/\/oanastanciulescu.ro\/index.php\/wp-json\/wp\/v2\/media\/289"}],"wp:attachment":[{"href":"https:\/\/oanastanciulescu.ro\/index.php\/wp-json\/wp\/v2\/media?parent=288"}],"wp:term":[{"taxonomy":"category","embeddable":true,"href":"https:\/\/oanastanciulescu.ro\/index.php\/wp-json\/wp\/v2\/categories?post=288"},{"taxonomy":"post_tag","embeddable":true,"href":"https:\/\/oanastanciulescu.ro\/index.php\/wp-json\/wp\/v2\/tags?post=288"}],"curies":[{"name":"wp","href":"https:\/\/api.w.org\/{rel}","templated":true}]}}