{"id":306,"date":"2016-02-13T19:56:11","date_gmt":"2016-02-13T19:56:11","guid":{"rendered":"http:\/\/oanastanciulescu.ro\/?p=306"},"modified":"2023-03-03T06:04:18","modified_gmt":"2023-03-03T06:04:18","slug":"la-fortul-13-jilava-o-vizita-obligatorie-pentru-toti-romanii-foto","status":"publish","type":"post","link":"https:\/\/oanastanciulescu.ro\/index.php\/2016\/02\/13\/la-fortul-13-jilava-o-vizita-obligatorie-pentru-toti-romanii-foto\/","title":{"rendered":"La Fortul 13 Jilava. O vizit\u0103 obligatorie pentru to\u021bi rom\u00e2nii\/ FOTO"},"content":{"rendered":"<p><strong><a href=\"https:\/\/oanastanciulescu.ro\/wp-content\/uploads\/2016\/02\/DSCN9718-e1455447608333.jpg\"><img decoding=\"async\" loading=\"lazy\" class=\"alignleft size-large wp-image-311\" src=\"https:\/\/oanastanciulescu.ro\/wp-content\/uploads\/2016\/02\/DSCN9718-600x450.jpg\" alt=\"DSCN9718\" width=\"600\" height=\"450\" \/><\/a><\/strong><\/p>\n<p>&nbsp;<\/p>\n<p>&nbsp;<\/p>\n<p>&nbsp;<\/p>\n<p>&nbsp;<\/p>\n<p>&nbsp;<\/p>\n<p>&nbsp;<\/p>\n<p>&nbsp;<\/p>\n<p>&nbsp;<\/p>\n<p>&nbsp;<\/p>\n<p>&nbsp;<\/p>\n<p>&nbsp;<\/p>\n<p>&nbsp;<\/p>\n<p>&nbsp;<\/p>\n<p>&nbsp;<\/p>\n<p><strong>Fiecare rom\u00e2n are obliga\u021bia moral\u0103 s\u0103 mearg\u0103 m\u0103car o dat\u0103 la Fortul 13 Jilava, locul unde au fost b\u0103tu\u021bi, tortura\u021bi sau uci\u0219i to\u021bi cei care s-au \u00eempotrivit regimului comunist de dup\u0103 1945.<\/strong><\/p>\n<p><strong>Vineri am fost din nou la Fortul 13 Jilava \u0219i am avut acela\u0219i sentiment de neputin\u021b\u0103 \u0219i furie. Am intrat \u00een c\u00e2teva dintre celule \u0219i m-am \u00eentrebat a mia oar\u0103 cum au putut s\u0103 supravie\u021buieasc\u0103 sub p\u0103m\u00e2nt, a\u0219a cum spun chiar ei. De\u021binu\u021bii au ajuns aici, fie pentru triaj, fie pentru o perioad\u0103 mai mare.<\/strong><\/p>\n<p><strong>Vineri, de\u0219i afar\u0103 era un soare destul de puternic pentru perioada aceasta a anului, frigul \u0219i umezeaza din celule \u00ee\u021bi intrau \u00een oase \u00een doar c\u00e2teva secunde. Cum au rezistat fo\u0219tii de\u021binu\u021bi politic \u00een frig, b\u0103tu\u021bi crunt, schingiui\u021bi, tortura\u021bi? Eu nu reu\u0219esc s\u0103 \u00een\u021beleg, ce for\u021b\u0103, ce credin\u021b\u0103 s\u0103 ai ca s\u0103 scapi de acolo cu via\u021b\u0103.<\/strong><\/p>\n<p><strong>Vineri am fost un grup mic, dar sper s\u0103 devin\u0103 o obliga\u021bie moral\u0103 pentru fiecare bucure\u0219tean \u0219i pentru fiecare rom\u00e2n \u00een trecere prin Bucure\u0219ti, s\u0103 se abat\u0103 din drum \u00een spre Fortul 13. Iar dac\u0103 vor veni special pentru asta, atunci \u00eenseamn\u0103 c\u0103 \u0219i-au f\u0103cut datoria de rom\u00e2ni.\u00a0<\/strong><\/p>\n<p><strong>La Fortul 13 m-am \u00eent\u00e2lnit cu Lucia Hossu Longin, Florin E\u0219anu, Lucian Gheorghiu, Octav Bjoza,<\/strong><strong> Marius Oprea,<\/strong><strong> Zoe R\u0103dulescu, n\u0103scut\u0103 \u00eentr-o temni\u021b\u0103 comunist\u0103\u00a0<\/strong><\/p>\n<p><strong><a href=\"https:\/\/oanastanciulescu.ro\/wp-content\/uploads\/2016\/02\/DSCN9716.jpg\"><img decoding=\"async\" loading=\"lazy\" class=\"alignleft size-full wp-image-309\" src=\"https:\/\/oanastanciulescu.ro\/wp-content\/uploads\/2016\/02\/DSCN9716.jpg\" alt=\"DSCN9716\" width=\"5152\" height=\"3864\" srcset=\"https:\/\/oanastanciulescu.ro\/wp-content\/uploads\/2016\/02\/DSCN9716.jpg 5152w, https:\/\/oanastanciulescu.ro\/wp-content\/uploads\/2016\/02\/DSCN9716-300x225.jpg 300w, https:\/\/oanastanciulescu.ro\/wp-content\/uploads\/2016\/02\/DSCN9716-600x450.jpg 600w\" sizes=\"(max-width: 5152px) 100vw, 5152px\" \/><\/a> <\/strong><\/p>\n<p>&nbsp;<\/p>\n<p>&nbsp;<\/p>\n<p>&nbsp;<\/p>\n<p>&nbsp;<\/p>\n<p>&nbsp;<\/p>\n<p>&nbsp;<\/p>\n<p>&nbsp;<\/p>\n<p>&nbsp;<\/p>\n<p>&nbsp;<\/p>\n<p>&nbsp;<\/p>\n<p><strong><a href=\"https:\/\/oanastanciulescu.ro\/wp-content\/uploads\/2016\/02\/DSCN9752.jpg\"><img decoding=\"async\" loading=\"lazy\" class=\"size-full wp-image-325 aligncenter\" src=\"https:\/\/oanastanciulescu.ro\/wp-content\/uploads\/2016\/02\/DSCN9752.jpg\" alt=\"DSCN9752\" width=\"5152\" height=\"3864\" \/><\/a><a href=\"https:\/\/oanastanciulescu.ro\/wp-content\/uploads\/2016\/02\/DSCN97221.jpg\"><img decoding=\"async\" loading=\"lazy\" class=\"alignleft size-large wp-image-341\" src=\"https:\/\/oanastanciulescu.ro\/wp-content\/uploads\/2016\/02\/DSCN97221-450x600.jpg\" alt=\"DSCN9722\" width=\"450\" height=\"600\" srcset=\"https:\/\/oanastanciulescu.ro\/wp-content\/uploads\/2016\/02\/DSCN97221-450x600.jpg 450w, https:\/\/oanastanciulescu.ro\/wp-content\/uploads\/2016\/02\/DSCN97221-225x300.jpg 225w\" sizes=\"(max-width: 450px) 100vw, 450px\" \/><\/a><\/strong><strong><a href=\"https:\/\/oanastanciulescu.ro\/wp-content\/uploads\/2016\/02\/DSCN9785.jpg\"><img decoding=\"async\" loading=\"lazy\" class=\"alignleft size-large wp-image-321\" src=\"https:\/\/oanastanciulescu.ro\/wp-content\/uploads\/2016\/02\/DSCN9785-600x450.jpg\" alt=\"DSCN9785\" width=\"600\" height=\"450\" srcset=\"https:\/\/oanastanciulescu.ro\/wp-content\/uploads\/2016\/02\/DSCN9785-600x450.jpg 600w, https:\/\/oanastanciulescu.ro\/wp-content\/uploads\/2016\/02\/DSCN9785-300x225.jpg 300w\" sizes=\"(max-width: 600px) 100vw, 600px\" \/><\/a><a href=\"https:\/\/oanastanciulescu.ro\/wp-content\/uploads\/2016\/02\/DSCN9726.jpg\"><img decoding=\"async\" loading=\"lazy\" class=\"alignleft size-large wp-image-319\" src=\"https:\/\/oanastanciulescu.ro\/wp-content\/uploads\/2016\/02\/DSCN9726-600x450.jpg\" alt=\"DSCN9726\" width=\"600\" height=\"450\" srcset=\"https:\/\/oanastanciulescu.ro\/wp-content\/uploads\/2016\/02\/DSCN9726-600x450.jpg 600w, https:\/\/oanastanciulescu.ro\/wp-content\/uploads\/2016\/02\/DSCN9726-300x225.jpg 300w\" sizes=\"(max-width: 600px) 100vw, 600px\" \/><\/a><a href=\"https:\/\/oanastanciulescu.ro\/wp-content\/uploads\/2015\/11\/DSCN9707.jpg\"><img decoding=\"async\" loading=\"lazy\" class=\"alignleft size-large wp-image-331\" src=\"https:\/\/oanastanciulescu.ro\/wp-content\/uploads\/2015\/11\/DSCN9707-600x450.jpg\" alt=\"DSCN9707\" width=\"600\" height=\"450\" srcset=\"https:\/\/oanastanciulescu.ro\/wp-content\/uploads\/2015\/11\/DSCN9707-600x450.jpg 600w, https:\/\/oanastanciulescu.ro\/wp-content\/uploads\/2015\/11\/DSCN9707-300x225.jpg 300w\" sizes=\"(max-width: 600px) 100vw, 600px\" \/><\/a><a href=\"https:\/\/oanastanciulescu.ro\/wp-content\/uploads\/2016\/02\/DSCN9761.jpg\"><img decoding=\"async\" loading=\"lazy\" class=\"alignleft size-large wp-image-322\" src=\"https:\/\/oanastanciulescu.ro\/wp-content\/uploads\/2016\/02\/DSCN9761-600x450.jpg\" alt=\"DSCN9761\" width=\"600\" height=\"450\" srcset=\"https:\/\/oanastanciulescu.ro\/wp-content\/uploads\/2016\/02\/DSCN9761-600x450.jpg 600w, https:\/\/oanastanciulescu.ro\/wp-content\/uploads\/2016\/02\/DSCN9761-300x225.jpg 300w\" sizes=\"(max-width: 600px) 100vw, 600px\" \/><\/a><\/strong><\/p>\n","protected":false},"excerpt":{"rendered":"<p>&nbsp; &nbsp; &nbsp; &nbsp; &nbsp; &nbsp; &nbsp; &nbsp; &nbsp; &nbsp; &nbsp; &nbsp; &nbsp; &nbsp; Fiecare rom\u00e2n are obliga\u021bia moral\u0103 s\u0103 mearg\u0103 m\u0103car o dat\u0103 la Fortul 13 Jilava, locul unde au fost b\u0103tu\u021bi, tortura\u021bi&#46;&#46;&#46;<\/p>\n","protected":false},"author":2,"featured_media":309,"comment_status":"open","ping_status":"open","sticky":false,"template":"","format":"standard","meta":[],"categories":[2],"tags":[167,166],"_links":{"self":[{"href":"https:\/\/oanastanciulescu.ro\/index.php\/wp-json\/wp\/v2\/posts\/306"}],"collection":[{"href":"https:\/\/oanastanciulescu.ro\/index.php\/wp-json\/wp\/v2\/posts"}],"about":[{"href":"https:\/\/oanastanciulescu.ro\/index.php\/wp-json\/wp\/v2\/types\/post"}],"author":[{"embeddable":true,"href":"https:\/\/oanastanciulescu.ro\/index.php\/wp-json\/wp\/v2\/users\/2"}],"replies":[{"embeddable":true,"href":"https:\/\/oanastanciulescu.ro\/index.php\/wp-json\/wp\/v2\/comments?post=306"}],"version-history":[{"count":12,"href":"https:\/\/oanastanciulescu.ro\/index.php\/wp-json\/wp\/v2\/posts\/306\/revisions"}],"predecessor-version":[{"id":554,"href":"https:\/\/oanastanciulescu.ro\/index.php\/wp-json\/wp\/v2\/posts\/306\/revisions\/554"}],"wp:featuredmedia":[{"embeddable":true,"href":"https:\/\/oanastanciulescu.ro\/index.php\/wp-json\/wp\/v2\/media\/309"}],"wp:attachment":[{"href":"https:\/\/oanastanciulescu.ro\/index.php\/wp-json\/wp\/v2\/media?parent=306"}],"wp:term":[{"taxonomy":"category","embeddable":true,"href":"https:\/\/oanastanciulescu.ro\/index.php\/wp-json\/wp\/v2\/categories?post=306"},{"taxonomy":"post_tag","embeddable":true,"href":"https:\/\/oanastanciulescu.ro\/index.php\/wp-json\/wp\/v2\/tags?post=306"}],"curies":[{"name":"wp","href":"https:\/\/api.w.org\/{rel}","templated":true}]}}