{"id":350,"date":"2016-02-16T18:32:29","date_gmt":"2016-02-16T18:32:29","guid":{"rendered":"http:\/\/oanastanciulescu.ro\/?p=350"},"modified":"2016-02-16T18:37:54","modified_gmt":"2016-02-16T18:37:54","slug":"statul-impotent-si-cetateanul-tolerant","status":"publish","type":"post","link":"https:\/\/oanastanciulescu.ro\/index.php\/2016\/02\/16\/statul-impotent-si-cetateanul-tolerant\/","title":{"rendered":"Statul impotent \u0219i cet\u0103\u021beanul tolerant"},"content":{"rendered":"<p><strong>1.Februarie 2016. Un copil a murit, doi copii au murit, trei copii au murit\u2026 Al\u021bii sunt \u00een spital, unii \u00een stare grav\u0103\u2026 De\u0219i au trecut dou\u0103 s\u0103pt\u0103m\u00e2ni de la primul deces, nu exist\u0103 r\u0103spunsuri la \u00eentreb\u0103rile p\u0103rin\u021bilor sf\u00e2\u0219ia\u021bi de durere.<\/strong><br \/>\n<strong>\u00centr-o conferin\u021b\u0103 de pres\u0103, \u0219efa sec\u021biei de Nefrologie de la Spitalul \u201dMarie Curie\u201d, Mihaela B\u0103lgr\u0103dean, a declarat c\u0103 este foarte greu s\u0103 se descopere cauza exact\u0103 a bolii care a dus la decesul acestor bebelu\u0219i.<\/strong><br \/>\n<strong>Dup\u0103 dou\u0103 s\u0103pt\u0103m\u00e2ni, ministerul S\u0103n\u0103t\u0103\u021bii a p\u0103rut trezit brusc din somn, nu mai vorbesc de ilustrul ministru\u2026<\/strong><\/p>\n<p>&nbsp;<br \/>\n<strong>2. Noiembrie 2015. Au trecut trei luni de zile \u0219i nu \u0219tim exact ce s-a \u00eent\u00e2mplat la Colectiv. De ce arsurile interne devastatoare, de ce , de ce\u2026..<\/strong><\/p>\n<p>&nbsp;<br \/>\n<strong>3. Decembrie 2014. Un elicopter SMURD s-a pr\u0103bu\u015fit \u00een Lacul Siutghiol. Toate cele patru persoane aflate la bord \u015fi-au pierdut via\u0163a, dup\u0103 ce supravie\u021buitorii au strigat dispera\u0163i dup\u0103 ajutor mai bine de 20 de minute.<\/strong><br \/>\n<strong>Pilotul, copilotul, medicul \u015fi asistentul medical SMURD au murit \u00eenghe\u0163a\u0163i. Arafat a coordonat echipa de interven\u0163ie, care s-a dovedit neputincioas\u0103.<\/strong><br \/>\n<strong>La un an de la tragedia de pe lacul Siutghiol, cauzele mor\u0163ii celor patru salvatori SMURD erau neelucidate.<\/strong><\/p>\n<p>&nbsp;<br \/>\n<strong>4. Ianuarie 2014. Accidentul aviatic din Mun\u021bii Apuseni din 2014. F\u0103r\u0103 comentarii.<\/strong><\/p>\n<p><strong>\u00cendr\u0103zne\u0219te cineva s\u0103 se g\u00e2ndeasc\u0103 ce s-ar \u00eent\u00e2mpla \u00een cazul \u00een care s-ar mai produce un accident similar \u00een Rom\u00e2nia de ast\u0103zi?<\/strong><\/p>\n","protected":false},"excerpt":{"rendered":"<p>1.Februarie 2016. Un copil a murit, doi copii au murit, trei copii au murit\u2026 Al\u021bii sunt \u00een spital, unii \u00een stare grav\u0103\u2026 De\u0219i au trecut dou\u0103 s\u0103pt\u0103m\u00e2ni de la primul deces, nu exist\u0103 r\u0103spunsuri&#46;&#46;&#46;<\/p>\n","protected":false},"author":2,"featured_media":8,"comment_status":"open","ping_status":"open","sticky":false,"template":"","format":"standard","meta":[],"categories":[2],"tags":[172,171,89,13],"_links":{"self":[{"href":"https:\/\/oanastanciulescu.ro\/index.php\/wp-json\/wp\/v2\/posts\/350"}],"collection":[{"href":"https:\/\/oanastanciulescu.ro\/index.php\/wp-json\/wp\/v2\/posts"}],"about":[{"href":"https:\/\/oanastanciulescu.ro\/index.php\/wp-json\/wp\/v2\/types\/post"}],"author":[{"embeddable":true,"href":"https:\/\/oanastanciulescu.ro\/index.php\/wp-json\/wp\/v2\/users\/2"}],"replies":[{"embeddable":true,"href":"https:\/\/oanastanciulescu.ro\/index.php\/wp-json\/wp\/v2\/comments?post=350"}],"version-history":[{"count":2,"href":"https:\/\/oanastanciulescu.ro\/index.php\/wp-json\/wp\/v2\/posts\/350\/revisions"}],"predecessor-version":[{"id":353,"href":"https:\/\/oanastanciulescu.ro\/index.php\/wp-json\/wp\/v2\/posts\/350\/revisions\/353"}],"wp:featuredmedia":[{"embeddable":true,"href":"https:\/\/oanastanciulescu.ro\/index.php\/wp-json\/wp\/v2\/media\/8"}],"wp:attachment":[{"href":"https:\/\/oanastanciulescu.ro\/index.php\/wp-json\/wp\/v2\/media?parent=350"}],"wp:term":[{"taxonomy":"category","embeddable":true,"href":"https:\/\/oanastanciulescu.ro\/index.php\/wp-json\/wp\/v2\/categories?post=350"},{"taxonomy":"post_tag","embeddable":true,"href":"https:\/\/oanastanciulescu.ro\/index.php\/wp-json\/wp\/v2\/tags?post=350"}],"curies":[{"name":"wp","href":"https:\/\/api.w.org\/{rel}","templated":true}]}}