{"id":363,"date":"2016-03-17T12:08:08","date_gmt":"2016-03-17T12:08:08","guid":{"rendered":"http:\/\/oanastanciulescu.ro\/?p=363"},"modified":"2016-03-17T14:06:26","modified_gmt":"2016-03-17T14:06:26","slug":"ponta-cumintenia-pamantului-si-confiscarea-proprietatii-privat","status":"publish","type":"post","link":"https:\/\/oanastanciulescu.ro\/index.php\/2016\/03\/17\/ponta-cumintenia-pamantului-si-confiscarea-proprietatii-privat\/","title":{"rendered":"Ponta, \u201dCumin\u021benia P\u0103m\u00e2ntului\u201d \u0219i confiscarea propriet\u0103\u021bii private"},"content":{"rendered":"<p><strong>C\u00e2\u021bi bani mai face dreptul la proprietate \u00een 2016? Dac\u0103 \u00eel ascul\u021bi pe fostul premier Victor Ponta, niciun ban. Ba mai mult, ar fi putut s\u0103 fie ca \u00een 1945.<\/strong><br \/>\n<strong>Cu mare mirare citesc o postare de-a lui Victor Ponta din care reiese c\u0103 \u00een loc s\u0103 dea statul rom\u00e2n 11 milioane de euro proprietarului Cumin\u021beniei P\u0103m\u00e2ntului a lui Br\u00e2ncu\u0219i, nu mai bine o furam\/confiscam de la proprietar cu ajutorul judec\u0103torilor?<\/strong><br \/>\n<strong> \u201d\u0218i a\u0219a, 11 milioane de euro din banii rom\u00e2nilor pleac\u0103 \u00een buzunare private ca s\u0103 pl\u0103tim ceea ce era al nostru!!! Bun\u0103 treab\u0103, nu?\u201d, a gr\u0103it ditamai fostul procuror.<\/strong><br \/>\n<strong>Este, cred, cea mai halucinant\u0103 declara\u021bie pe care am auzit-o de la un lider politic, care era c\u00e2t pe ce s\u0103 ajung\u0103 pre\u0219edintele Rom\u00e2niei. Iat\u0103 de ce atunci c\u00e2nd sunt nemul\u021bumit\u0103 de presta\u021bia lui Klaus Iohannis, imi amintesc imediat cum ne-a trecut glon\u021bul pe la ureche.<\/strong><br \/>\n<strong>S\u0103 l\u0103murim ce \u00eenseamn\u0103 \u201cal nostru\u201d, introdus de Ponta \u00een postarea sa: Cumin\u021benia P\u0103m\u00e2ntului, realizat\u0103 \u00een 1907 de Constantin Br\u00e2ncu\u0219i, a apar\u021binut familiei inginerului Gheorghe Roma\u0219cu, un bun prieten al lui Br\u00e2ncu\u0219i, care i-a v\u00e2ndut direct lucrarea \u00een anul 1911. Comuni\u0219tii i-au confiscat opera de art\u0103, iar mo\u0219tenitorii au recuperat-o \u00een instan\u021b\u0103.<\/strong><br \/>\n<strong>Cumin\u021benia P\u0103m\u00e2nutului, care face, a\u0219adar, parte dintr-o colec\u021bie bucure\u0219tean\u0103 privat\u0103, a fost scoas\u0103 la v\u00e2nzare \u00een urm\u0103 cu c\u00e2\u021biva ani, iar ministerul Culturii a fost invitat s\u0103 \u00ee\u0219i exercite dreptul de preem\u021biune, \u00eens\u0103 Kelemen Hunor, pe vrema aceea ministru, nu a \u00eenaintat nicio ofert\u0103. Lucru care mi se pare inexplicabil, revolt\u0103tor \u0219i bizar. Mai ales \u00een lipsa unei alte solu\u021bii de a beneficia de aceast\u0103 oper\u0103, nu neap\u0103rat cump\u0103rarea. <\/strong><\/p>\n<p>&nbsp;<\/p>\n<p><strong>Declara\u021bia fostului premier vine dup\u0103 ce guvernul Ciolo\u0219 a anun\u021bat c\u0103 statul rom\u00e2n va cump\u0103ra sculptura lui Constantin Br\u00e2ncu\u0219i.<\/strong><br \/>\n<strong>Victor Ponta a fost \u00eempotriva deciziei judec\u0103tore\u0219ti de redare a Cumin\u021beniei P\u0103m\u00e2ntului proprietarului de drept \u00eenc\u0103 de la pronun\u021barea sentin\u021bei, c\u00e2nd a f\u0103cut o alt\u0103 declara\u021bie surprinz\u0103toare:<\/strong><br \/>\n<strong>\u201eSingura oper\u0103 a lui Constantin Br\u00e2ncu\u015fi r\u0103mas\u0103 \u00een Rom\u00e2nia, \u201eCumin\u0163enia P\u0103m\u00e2ntului\u201d, a fost retrocedat\u0103 de\u015fi la dosar erau toate actele prin care statul era proprietar legal, iar acum, ca s\u0103 nu fie v\u00e2ndut\u0103, trebuie s\u0103 pl\u0103tim 20 milioane euro. Deci, fiecare rom\u00e2n din aceast\u0103 \u0163ar\u0103 va da un euro, de la nou-n\u0103scut la pensionar, pentru c\u0103, din punctul meu de vedere, ni\u015fte judec\u0103tori sau un judec\u0103tor a dat o hot\u0103r\u00e2re gre\u015fit\u0103, or eu i-am cerut ministrului Justi\u0163iei s\u0103 sesizeze CSM \u015fi, dac\u0103 CSM constat\u0103 c\u0103 nu eu am dreptate, o s\u0103-mi cer scuze\u201d, a spus Ponta la vremea respectiv\u0103.<\/strong><\/p>\n<p><strong>Tr\u0103im vremuri interesante, iar omul nou e la mod\u0103 \u00een Rom\u00e2nia.<\/strong><\/p>\n","protected":false},"excerpt":{"rendered":"<p>C\u00e2\u021bi bani mai face dreptul la proprietate \u00een 2016? Dac\u0103 \u00eel ascul\u021bi pe fostul premier Victor Ponta, niciun ban. Ba mai mult, ar fi putut s\u0103 fie ca \u00een 1945. Cu mare mirare citesc&#46;&#46;&#46;<\/p>\n","protected":false},"author":2,"featured_media":364,"comment_status":"open","ping_status":"open","sticky":false,"template":"","format":"standard","meta":[],"categories":[2],"tags":[180,181,179,182],"_links":{"self":[{"href":"https:\/\/oanastanciulescu.ro\/index.php\/wp-json\/wp\/v2\/posts\/363"}],"collection":[{"href":"https:\/\/oanastanciulescu.ro\/index.php\/wp-json\/wp\/v2\/posts"}],"about":[{"href":"https:\/\/oanastanciulescu.ro\/index.php\/wp-json\/wp\/v2\/types\/post"}],"author":[{"embeddable":true,"href":"https:\/\/oanastanciulescu.ro\/index.php\/wp-json\/wp\/v2\/users\/2"}],"replies":[{"embeddable":true,"href":"https:\/\/oanastanciulescu.ro\/index.php\/wp-json\/wp\/v2\/comments?post=363"}],"version-history":[{"count":5,"href":"https:\/\/oanastanciulescu.ro\/index.php\/wp-json\/wp\/v2\/posts\/363\/revisions"}],"predecessor-version":[{"id":369,"href":"https:\/\/oanastanciulescu.ro\/index.php\/wp-json\/wp\/v2\/posts\/363\/revisions\/369"}],"wp:featuredmedia":[{"embeddable":true,"href":"https:\/\/oanastanciulescu.ro\/index.php\/wp-json\/wp\/v2\/media\/364"}],"wp:attachment":[{"href":"https:\/\/oanastanciulescu.ro\/index.php\/wp-json\/wp\/v2\/media?parent=363"}],"wp:term":[{"taxonomy":"category","embeddable":true,"href":"https:\/\/oanastanciulescu.ro\/index.php\/wp-json\/wp\/v2\/categories?post=363"},{"taxonomy":"post_tag","embeddable":true,"href":"https:\/\/oanastanciulescu.ro\/index.php\/wp-json\/wp\/v2\/tags?post=363"}],"curies":[{"name":"wp","href":"https:\/\/api.w.org\/{rel}","templated":true}]}}