{"id":399,"date":"2017-02-21T16:16:27","date_gmt":"2017-02-21T16:16:27","guid":{"rendered":"http:\/\/oanastanciulescu.ro\/?p=399"},"modified":"2017-02-21T16:16:27","modified_gmt":"2017-02-21T16:16:27","slug":"de-ce-ei-nu-pot-fi-manipulati","status":"publish","type":"post","link":"https:\/\/oanastanciulescu.ro\/index.php\/2017\/02\/21\/de-ce-ei-nu-pot-fi-manipulati\/","title":{"rendered":"De ce ei nu pot fi manipula\u021bi"},"content":{"rendered":"<p>N\u0103scu\u021bi liberi<\/p>\n<p>Pe vremea c\u00e2nd Pia\u021ba Universit\u0103\u021bii era o form\u0103 de rezisten\u021b\u0103 \u00eempotriva comunismului, \u00een 1990, eu eram student\u0103.<\/p>\n<p>Eram to\u021bi ni\u0219te copii crescu\u021bi \u00een comunism, nevoi\u021bi s\u0103 \u00eenv\u0103\u021b\u0103m cuv\u00e2nt\u0103rile tovar\u0103\u0219ului Nicolae Ceau\u0219escu pe de rost, care vorbeam \u00een \u0219oapt\u0103, dac\u0103 vorbeam, despre lumea liber\u0103 \u0219i nu plecaser\u0103m niciodat\u0103 din \u021bar\u0103.<\/p>\n<p>Fuseser\u0103m crescu\u021bi \u00een vremuri de restri\u0219te, dar p\u0103\u0219eam cu curaj \u0219i optimism \u00eentr-o lume pe care nu o \u0219tiam, \u00eens\u0103 era tot ce ne doream. Voiam s\u0103 fim liberi, s\u0103 sc\u0103p\u0103m odat\u0103 pentru totdeauna de comuni\u0219ti. Nu aveam telefoane mobile, calculatoare, tablete, google. Nu aveam nici m\u0103car pa\u0219apoarte. Nu \u0219tiam nimic, eram ing\u00e9nui. \u00cens\u0103 ei \u0219tiau. Ei \u0219tiau cum s\u0103 ne taie aripile ca s\u0103 poat\u0103 r\u0103m\u00e2ne la butoane. Ei \u0219tiau c\u0103 o na\u021biune puternic\u0103 \u0219i liber\u0103 i-ar fi trimis la groapa de gunoi politic\u0103. \u0218i ne-au \u00eenvins folosindu-se de semenii no\u0219tri \u2013 p\u0103rin\u021bi, colegi, vecini \u2013 care erau u\u0219or de manipulat pentru c\u0103 nu \u00een\u021belegeau c\u0103 se poate \u0219i f\u0103r\u0103 botni\u021b\u0103, se poate \u0219i f\u0103r\u0103 s\u0103 fie priponi\u021bi, lega\u021bi la ochi, min\u021bi\u021bi, amenin\u021ba\u021bi \u0219i \u00eenfrico\u0219a\u021bi. Nu aveau de unde s\u0103 \u0219tie, mul\u021bi dintre ei se n\u0103scuser\u0103 \u00een comunism, era tot ce cunoscuser\u0103, al\u021bii abia f\u0103cuser\u0103 ochi \u00een Rom\u00e2nia interbelic\u0103, iar p\u0103rin\u021bii lor se temuser\u0103 s\u0103 le povesteasc\u0103 despre cum \u0219i cine le-a confiscat via\u021ba \u2013 averea, libertatea, tot.<\/p>\n<p>Ei erau mul\u021bi, noi eram pu\u021bini. \u0218i am r\u0103mas \u0219i mai pu\u021bini, dup\u0103 ce mii de tineri \u0219i-au f\u0103cut bagajul \u0219i au plecat speria\u021bi c\u0103 \u00een Rom\u00e2nia \u00eenc\u0103 se mai poate \u00eent\u00e2mpla o nenorocire, c\u0103 drumul pe care apucaser\u0103m, \u0219i care era stropit de s\u00e2ngele semenilor no\u0219tri mor\u021bi la Revolu\u021bie, nu era ireversibil.<\/p>\n<p>Pe noi, tinerii de atunci, n\u0103scu\u021bi \u0219i crescu\u021bi \u00een comunism, care voiam s\u0103 fim liberi, dar nici m\u0103car pa\u0219aport nu aveam, nu ne-au putut p\u0103c\u0103li, nu ne-au putut manipula. Cum oare cred ca ar putea manipula o genera\u021bie n\u0103scut\u0103 liber\u0103? Cum oare cred c\u0103 ar putea manipula o genera\u021bie care are acces nelimitat la o lume \u00eentreag\u0103, cum oare cred c\u0103 pot manipula ni\u0219te tineri ai c\u0103ror p\u0103rin\u021bi muncesc din greu pe toate continentele, ca ei s\u0103 poat\u0103 s\u0103 mearg\u0103 la facultate. \u0218tiu tineri care nu \u0219i-au v\u0103zut mamele ani de zile pentru c\u0103 banii trimi\u0219i \u00een \u021bar\u0103 le ajung doar pentru \u0219coal\u0103. Cum cred c\u0103 ace\u0219tia ar mai putea fi min\u021bi\u021bi \u0219i manipula\u021bi?<\/p>\n<p>Este nedumerirea mea cea mai mare!<\/p>\n<p>Continuarea <a href=\"https:\/\/www.rezistam.eu\/2017\/02\/21\/de-ce-ei-nu-pot-fi-manipulati\/\" target=\"_blank\" rel=\"noopener\">pe www.rezistam.eu<\/a><\/p>\n","protected":false},"excerpt":{"rendered":"<p>N\u0103scu\u021bi liberi Pe vremea c\u00e2nd Pia\u021ba Universit\u0103\u021bii era o form\u0103 de rezisten\u021b\u0103 \u00eempotriva comunismului, \u00een 1990, eu eram student\u0103. Eram to\u021bi ni\u0219te copii crescu\u021bi \u00een comunism, nevoi\u021bi s\u0103 \u00eenv\u0103\u021b\u0103m cuv\u00e2nt\u0103rile tovar\u0103\u0219ului Nicolae Ceau\u0219escu pe&#46;&#46;&#46;<\/p>\n","protected":false},"author":2,"featured_media":8,"comment_status":"open","ping_status":"open","sticky":false,"template":"","format":"standard","meta":[],"categories":[2],"tags":[13,71,186,188],"_links":{"self":[{"href":"https:\/\/oanastanciulescu.ro\/index.php\/wp-json\/wp\/v2\/posts\/399"}],"collection":[{"href":"https:\/\/oanastanciulescu.ro\/index.php\/wp-json\/wp\/v2\/posts"}],"about":[{"href":"https:\/\/oanastanciulescu.ro\/index.php\/wp-json\/wp\/v2\/types\/post"}],"author":[{"embeddable":true,"href":"https:\/\/oanastanciulescu.ro\/index.php\/wp-json\/wp\/v2\/users\/2"}],"replies":[{"embeddable":true,"href":"https:\/\/oanastanciulescu.ro\/index.php\/wp-json\/wp\/v2\/comments?post=399"}],"version-history":[{"count":1,"href":"https:\/\/oanastanciulescu.ro\/index.php\/wp-json\/wp\/v2\/posts\/399\/revisions"}],"predecessor-version":[{"id":400,"href":"https:\/\/oanastanciulescu.ro\/index.php\/wp-json\/wp\/v2\/posts\/399\/revisions\/400"}],"wp:featuredmedia":[{"embeddable":true,"href":"https:\/\/oanastanciulescu.ro\/index.php\/wp-json\/wp\/v2\/media\/8"}],"wp:attachment":[{"href":"https:\/\/oanastanciulescu.ro\/index.php\/wp-json\/wp\/v2\/media?parent=399"}],"wp:term":[{"taxonomy":"category","embeddable":true,"href":"https:\/\/oanastanciulescu.ro\/index.php\/wp-json\/wp\/v2\/categories?post=399"},{"taxonomy":"post_tag","embeddable":true,"href":"https:\/\/oanastanciulescu.ro\/index.php\/wp-json\/wp\/v2\/tags?post=399"}],"curies":[{"name":"wp","href":"https:\/\/api.w.org\/{rel}","templated":true}]}}