{"id":401,"date":"2017-02-22T09:00:29","date_gmt":"2017-02-22T09:00:29","guid":{"rendered":"http:\/\/oanastanciulescu.ro\/?p=401"},"modified":"2020-02-19T15:03:49","modified_gmt":"2020-02-19T15:03:49","slug":"avem-un-brancusi-cum-procedam","status":"publish","type":"post","link":"https:\/\/oanastanciulescu.ro\/index.php\/2017\/02\/22\/avem-un-brancusi-cum-procedam\/","title":{"rendered":"Avem un Br\u00e2ncu\u0219i. Cum proced\u0103m"},"content":{"rendered":"<p><strong>Ora\u0219e de pe trei continente \u00eel omagiaz\u0103 \u00een aceast\u0103 s\u0103pt\u0103m\u00e2n\u0103 pe Constantin Br\u00e2ncu\u0219i. Niciunul din Rom\u00e2nia. Pentru c\u0103 \u00eencerc\u0103rile \u0219terse \u0219i ru\u0219inoase de la Tg Jiu \u0219i Bucure\u0219ti nu le putem lua \u00een considerare. Restul este t\u0103cere. <\/strong><\/p>\n<p><strong>Nu a existat \u00een Rom\u00e2nia ultimilor 26 de ani o campanie de aducere aminte, de la nivelul marelui stat rom\u00e2n. La nivelul cet\u0103\u021benilor, lucrurile sunt complicate. Copii care au crescut singuri, care au crescut cu bonele, care nu g\u0103sesc \u00een c\u0103r\u021bi mare lucru despre un ins la care se \u00eenchin\u0103 o lume &#8211; Br\u00e2ncu\u0219i. Nu le spune nimeni de ce este mare sau ce-ar trebui s\u0103 \u00eenv\u0103\u021b\u0103m de la el. Iar cei adul\u021bi ajun\u0219i \u00een func\u021bii de unde pot s\u0103 influen\u021beze traiectorii \u0219i s\u0103 imprime tendin\u021be, sunt cu ochii doar pe ciolan \u0219i scaun.<\/strong><\/p>\n<p><strong>Simplific\u00e2nd, a\u0219a am ajuns ca Br\u00e2ncu\u0219i s\u0103 fie apreciat \u00een lume, lume care con\u0219tientizeaz\u0103 valoarea imens\u0103 a lui, dar nu \u0219i \u00een \u021bara \u00een care s-a n\u0103scut.<\/strong><\/p>\n<p><strong>\u00cen Rom\u00e2nia de ast\u0103zi, ministrul Culturii, un t\u00e2n\u0103r de isprav\u0103 am auzit, s-a \u00eenconjurat de o t\u0103cere jenant\u0103. A vorbit doar anul trecut c\u00e2nd gvernul Ciolo\u0219 a \u00eencercat s\u0103 cumpere Cumin\u021benia p\u0103m\u00e2ntului.<\/strong><\/p>\n<p><strong>\u0218i cum de la guvernan\u021bi nu am primit nimic de 26 de ani, nu trag n\u0103dejde c\u0103 va da cultura \u00een ei de acum \u00eencolo, tocmai c\u00e2nd sunt a\u0219a de ocupa\u021bi cu func\u021biile \u0219i banii<\/strong><\/p>\n<p><strong>\u0218i atunci, ce este de f\u0103cut?<\/strong><\/p>\n<p><strong>Personal, trag n\u0103dejde tot de la sutele de mii de cet\u0103\u021beni, cei care au ie\u0219i \u00een strad\u0103, s\u0103-\u0219i duc\u0103 copiii la muzee, la expozi\u021bii, la filme, s\u0103 le spun\u0103 c\u00e2t de mare este acest om care a uimit o lume \u00eentreag\u0103 cu talentul, tehnica inovatoare \u0219i cu viziunea lui.<\/strong><\/p>\n<p><strong>\u0218i s\u0103 le mai spun\u0103 c\u0103 Br\u00e2ncu\u0219i a \u201credefinit forma \u0219i semnifica\u021bia sculpturii secolului XX \u0219i c\u0103 Opera sa a avut o influen\u021b\u0103 decisiv\u0103 at\u00e2t asupra contemporanilor s\u0103i, c\u00e2t \u0219i asupra viitoarelor genera\u021bii de arti\u0219ti\u201d. At\u00e2t. <\/strong><b><\/b><\/p>\n<p><strong>\u00cen rest, dac\u0103 s-a putea ca primarul localit\u0103\u021bii Tg Jiu s\u0103 fie mai sim\u021bit \u0219i \u00eempreun\u0103 cu Direc\u021bia de Cultur\u0103 a jude\u021bului Gorj, s\u0103 purcead\u0103 la campanii prin \u0219coli, la o s\u0103rb\u0103toare adev\u0103rat\u0103, pe m\u0103sura lui Br\u00e2ncu\u0219i, ar fi deja ca \u0219i c\u00e2nd gorjenii ar fi c\u0103lcat pe Marte.<\/strong><\/p>\n<p><strong>PS. <\/strong><\/p>\n<p>Pe 19 februarie s-au \u00eemplinit 141 de ani de la na\u0219terea lui Br\u00e2ncu\u0219i. Cu aceast\u0103 ocazie, prim\u0103ria Tg Jiu, Consiliul Jude\u021bean, cel de Cultur\u0103, s-au f\u0103cut c\u0103 plou\u0103. Abia dup\u0103 c\u00e2teva zile, f\u0103r\u0103 s\u0103 anun\u021be locuitorii ora\u0219ului, au bifat evenimentul. RU\u0218INOS. Mai ales c\u0103 Br\u00e2ncu\u0219i le-a f\u0103cut onoarea s\u0103 le lase mo\u0219tenire &#8222;Masa t\u0103cerii&#8221;, &#8222;Poarta s\u0103rutului&#8221; \u0219i &#8222;Coloana Infinitului&#8221;.<\/p>\n<p>&nbsp;<\/p>\n<p><strong>\u00a0<\/strong><\/p>\n<p>Integral pe www.rezistam.eu<\/p>\n","protected":false},"excerpt":{"rendered":"<p>Ora\u0219e de pe trei continente \u00eel omagiaz\u0103 \u00een aceast\u0103 s\u0103pt\u0103m\u00e2n\u0103 pe Constantin Br\u00e2ncu\u0219i. Niciunul din Rom\u00e2nia. Pentru c\u0103 \u00eencerc\u0103rile \u0219terse \u0219i ru\u0219inoase de la Tg Jiu \u0219i Bucure\u0219ti nu le putem lua \u00een considerare.&#46;&#46;&#46;<\/p>\n","protected":false},"author":2,"featured_media":8,"comment_status":"open","ping_status":"open","sticky":false,"template":"","format":"standard","meta":[],"categories":[2],"tags":[180,189,190],"_links":{"self":[{"href":"https:\/\/oanastanciulescu.ro\/index.php\/wp-json\/wp\/v2\/posts\/401"}],"collection":[{"href":"https:\/\/oanastanciulescu.ro\/index.php\/wp-json\/wp\/v2\/posts"}],"about":[{"href":"https:\/\/oanastanciulescu.ro\/index.php\/wp-json\/wp\/v2\/types\/post"}],"author":[{"embeddable":true,"href":"https:\/\/oanastanciulescu.ro\/index.php\/wp-json\/wp\/v2\/users\/2"}],"replies":[{"embeddable":true,"href":"https:\/\/oanastanciulescu.ro\/index.php\/wp-json\/wp\/v2\/comments?post=401"}],"version-history":[{"count":2,"href":"https:\/\/oanastanciulescu.ro\/index.php\/wp-json\/wp\/v2\/posts\/401\/revisions"}],"predecessor-version":[{"id":518,"href":"https:\/\/oanastanciulescu.ro\/index.php\/wp-json\/wp\/v2\/posts\/401\/revisions\/518"}],"wp:featuredmedia":[{"embeddable":true,"href":"https:\/\/oanastanciulescu.ro\/index.php\/wp-json\/wp\/v2\/media\/8"}],"wp:attachment":[{"href":"https:\/\/oanastanciulescu.ro\/index.php\/wp-json\/wp\/v2\/media?parent=401"}],"wp:term":[{"taxonomy":"category","embeddable":true,"href":"https:\/\/oanastanciulescu.ro\/index.php\/wp-json\/wp\/v2\/categories?post=401"},{"taxonomy":"post_tag","embeddable":true,"href":"https:\/\/oanastanciulescu.ro\/index.php\/wp-json\/wp\/v2\/tags?post=401"}],"curies":[{"name":"wp","href":"https:\/\/api.w.org\/{rel}","templated":true}]}}