{"id":403,"date":"2017-02-22T14:27:29","date_gmt":"2017-02-22T14:27:29","guid":{"rendered":"http:\/\/oanastanciulescu.ro\/?p=403"},"modified":"2017-02-23T16:40:47","modified_gmt":"2017-02-23T16:40:47","slug":"presiuni-asupra-elevilor-care-merg-la-proteste","status":"publish","type":"post","link":"https:\/\/oanastanciulescu.ro\/index.php\/2017\/02\/22\/presiuni-asupra-elevilor-care-merg-la-proteste\/","title":{"rendered":"PRESIUNI asupra ELEVILOR care merg la PROTESTE"},"content":{"rendered":"<div class=\"post-single-content box mark-links entry-content\">\n<div class=\"thecontent\">\n<p><strong>\u00cen urm\u0103 cu c\u00e2teva zile, p\u0103rin\u021bii copiilor minori din mai multe jude\u021be au primit de la directorii \u0219colilor spre semnare un \u201eContract educa\u021bional\u201d, care cuprinde drepturi \u0219i obliga\u021bii ale ambelor p\u0103r\u021bi. Presa a semnalat \u00een acel moment c\u0103 cel pu\u021bin un paragraf este scandalos, \u0219i anume <\/strong>\u201cBeneficiarul direct, (elevul) are obligatia de a nu organiza\/participa la actiuni de protest, astfel dec\u00e2t este prev\u0103zut \u00een Statutul elevului\u201d.<\/p>\n<p><strong>\u00cen ultimele zile am fost apelat\u0103 de mai mul\u021bi p\u0103rin\u021bi care au refuzat p\u00e2n\u0103 acum s\u0103 semneze contractul, dar asupra c\u0103rora au \u00eenceput presiunile \u0219i care se tem c\u0103 vor exista repercusini asupra lor \u0219i a copiilor lor.<\/strong><\/p>\n<p><strong>\u00cen plin scandal iscat de pl\u00e2ngerile \u00eempotriva p\u0103rin\u021bilor care \u0219i-au dus copiii la proteste, apare, supriz\u0103tor, ca o coinciden\u021b\u0103, acest contract?<\/strong> Cum putem crede c\u0103 apari\u021bia contractului nu are nicio leg\u0103tur\u0103 cu faptul c\u0103 la\u00a0<span class=\"_5yl5\">Autoritatea Nationala pentru Protectia Drepturilor Copilului si Adoptie (ANPDCA)<\/span> <strong>s-au \u00eenregistrat \u00een ultimele zile zeci de reclaman\u021bii<\/strong> \u2013 cele mai multe anonime \u2013 <strong>cu privire la prezen\u0163a copiilor la protestele din Pia\u0163a Victoriei, dar \u0219i \u00een alte locuri din \u021bar\u0103, iar oficiali ai guvernului s-au pronun\u021bat deja?<\/strong><\/p>\n<div class=\"insert-post-ads\"><\/div>\n<p><strong>Dar s\u0103 revenim la unul dintre articolele controversate ale contractului care spune c\u0103 elevul <\/strong>\u201care obligatia de a nu organiza\/participa la actiuni de protest, astfel dec\u00e2t este prev\u0103zut \u00een Statutul elevului\u201d. \u00a0\u00a0Cel pu\u021bin bizar acest paragraf, deoarece Statul elevului, la care face referire contractul spune c\u0103 elevul are dreptul la protest, \u00een condi\u021biile prev\u0103zute de legisla\u021bia \u00een vigoare, f\u0103r\u0103 pertubarea orelor de curs.<\/p>\n<p><em>Legea nr. 60\/1991 privind organizarea \u015fi desf\u0103\u015furarea adun\u0103rilor publice<\/em> nu prevede nicio interdic\u021bie pentru copiii sub o anumit\u0103 v\u00e2rst\u0103, iar <em>Legea nr. 272\/2004 privind protec\u0163ia \u015fi promovarea drepturilor copilului\u00a0 <\/em>nu se refer\u0103 la participarea copiilor la adun\u0103rile publice.<\/p>\n<p>Atunci cine a scris \u0219i de ce acest paragraf? Cine \u00ee\u0219i asum\u0103 acest document? Contractul a fost distribuit la ordonul ministrului Educa\u021biei? \u00centreb\u0103ri la care nu a r\u0103spuns nimeni p\u00e2n\u0103 \u00een prezent.<\/p>\n<p>Continuare pe r<a href=\"https:\/\/www.rezistam.eu\/2017\/02\/22\/presiuni-asupra-elevilor-care-merg-la-proteste\/\" target=\"_blank\" rel=\"noopener\">ezistam.eu<\/a><\/p>\n<\/div>\n<\/div>\n","protected":false},"excerpt":{"rendered":"<p>\u00cen urm\u0103 cu c\u00e2teva zile, p\u0103rin\u021bii copiilor minori din mai multe jude\u021be au primit de la directorii \u0219colilor spre semnare un \u201eContract educa\u021bional\u201d, care cuprinde drepturi \u0219i obliga\u021bii ale ambelor p\u0103r\u021bi. Presa a semnalat&#46;&#46;&#46;<\/p>\n","protected":false},"author":2,"featured_media":404,"comment_status":"open","ping_status":"open","sticky":false,"template":"","format":"standard","meta":[],"categories":[2],"tags":[191,145,149,193,192],"_links":{"self":[{"href":"https:\/\/oanastanciulescu.ro\/index.php\/wp-json\/wp\/v2\/posts\/403"}],"collection":[{"href":"https:\/\/oanastanciulescu.ro\/index.php\/wp-json\/wp\/v2\/posts"}],"about":[{"href":"https:\/\/oanastanciulescu.ro\/index.php\/wp-json\/wp\/v2\/types\/post"}],"author":[{"embeddable":true,"href":"https:\/\/oanastanciulescu.ro\/index.php\/wp-json\/wp\/v2\/users\/2"}],"replies":[{"embeddable":true,"href":"https:\/\/oanastanciulescu.ro\/index.php\/wp-json\/wp\/v2\/comments?post=403"}],"version-history":[{"count":2,"href":"https:\/\/oanastanciulescu.ro\/index.php\/wp-json\/wp\/v2\/posts\/403\/revisions"}],"predecessor-version":[{"id":406,"href":"https:\/\/oanastanciulescu.ro\/index.php\/wp-json\/wp\/v2\/posts\/403\/revisions\/406"}],"wp:featuredmedia":[{"embeddable":true,"href":"https:\/\/oanastanciulescu.ro\/index.php\/wp-json\/wp\/v2\/media\/404"}],"wp:attachment":[{"href":"https:\/\/oanastanciulescu.ro\/index.php\/wp-json\/wp\/v2\/media?parent=403"}],"wp:term":[{"taxonomy":"category","embeddable":true,"href":"https:\/\/oanastanciulescu.ro\/index.php\/wp-json\/wp\/v2\/categories?post=403"},{"taxonomy":"post_tag","embeddable":true,"href":"https:\/\/oanastanciulescu.ro\/index.php\/wp-json\/wp\/v2\/tags?post=403"}],"curies":[{"name":"wp","href":"https:\/\/api.w.org\/{rel}","templated":true}]}}