{"id":412,"date":"2017-05-01T11:13:37","date_gmt":"2017-05-01T11:13:37","guid":{"rendered":"http:\/\/oanastanciulescu.ro\/?p=412"},"modified":"2017-05-01T15:42:54","modified_gmt":"2017-05-01T15:42:54","slug":"1-mai-intre-20-de-milioane-de-mici-si-opus-one","status":"publish","type":"post","link":"https:\/\/oanastanciulescu.ro\/index.php\/2017\/05\/01\/1-mai-intre-20-de-milioane-de-mici-si-opus-one\/","title":{"rendered":"1 Mai, \u00eentre 20 de milioane de mici \u0219i &#8222;Opus One&#8221;"},"content":{"rendered":"<p><strong>Martha Bibescu, \u00een Izvor, \u021aara s\u0103lciilor, 1938: \u201cO v\u0103duv\u0103 din Imoasa \u00eel pune pe notarul din sat s\u0103-mi scrie a\u0219a: &lt; Boii mi-au murit de b\u0103tr\u00e2ne\u021be \u0219i de boal\u0103. Omul meu, r\u0103posatul Tudor &#8211; Dumnezeu s\u0103-l ierte!-, a murit pentru c\u0103 a trudit s\u0103-i \u00eenlocuiasc\u0103&gt; \u201c.<\/strong><\/p>\n<p><strong>Ce s-o fi ales de Imoasa Marthei Bibescu dup\u0103 80 de ani? C\u00e2\u021bi cons\u0103teni ai ei mai sunt pe uli\u021bele satului? C\u00e2\u021bi au plecat \u00een pribegie? C\u00e2\u021bi mai muncesc, c\u00e2\u021bi asista\u021bi sociali, c\u00e2\u021bi boi, c\u00e2\u021bi Tudori?<\/strong><\/p>\n<p><strong>Ce mai \u00eenseamn\u0103 munca pentru rom\u00e2ni? Este rom\u00e2nul muncitor sau este lene\u0219? Ce mai este eficien\u021ba muncii? Productivitate? Salarii unitare? Asisten\u021b\u0103 social\u0103 pentru votan\u021bii de partid? C\u00e2nd e rom\u00e2nul harnic \u00een ochii politicienilor &#8211; \u00een campania electoral\u0103 sau dup\u0103? Munca la stat vs munc\u0103 la privat? De ce sunt Sindicatele doar la TV \u0219i nu \u00een strad\u0103? 3 zile de munc\u0103 pentru parlamentari, \u00een care str\u00e2ng cu chiu cu vai \u00een jur de 10 ore, 7 zile pentru corporati\u0219ti? Salarii mai mari la bugetari, mai mici la privat? <\/strong><\/p>\n<p><strong>S\u0103 lu\u0103m c\u00e2teva exemple: Cei peste patru milioane de rom\u00e2ni care muncesc de se spetesc \u00een str\u0103in\u0103tate, de regul\u0103 f\u0103c\u00e2nd munci pe care nu le mai fac occidentalii, ies din discu\u021bie. Aici nu sunt dubii.( \u00cei excludem pe ho\u021bii de buzunare, cer\u0219etorii \u0219i damele de companie care au c\u0103p\u0103tat caracter interna\u021bional)<\/strong><\/p>\n<p><strong>Asista\u021bii sociali, cei care sunt \u00een putere \u0219i au r\u0103mas \u00een \u021bar\u0103, sunt tineri, dar n-au chef de munc\u0103 \u0219i se \u00eenroleaz\u0103 \u00een armatele primarilor. Fiecare e mul\u021bumit, primarul c\u0103-I are la m\u00e2n\u0103 \u0219i \u00ee\u0219i asigur\u0103 un alt mandat, asista\u021bii c\u0103 pot s\u0103 stea lini\u0219ti\u021bi la c\u00e2rcium\u0103. C\u00e2\u021bi dintre ei au cu adev\u0103rat nevoie de ajutor social, c\u00e2\u021bi nu?<\/strong><\/p>\n<p><strong>De la \u021bar\u0103 \u00eei mai amintim pe b\u0103tr\u00e2nii care au r\u0103mas singuri ca n\u0103lucile pe uli\u021bele satului, \u00een a\u0219teptarea nepo\u021bilor din str\u0103in\u0103tate, cu care s-ar putea s\u0103 nu se mai \u00een\u021beleag\u0103 dec\u00e2t dac\u0103 dau bine din m\u00e2ini. <\/strong><\/p>\n<p><strong>La ora\u0219 nu trebuie s\u0103-I uit\u0103m pe tinerii corporati\u0219ti care muncesc vreo zece ani p\u00e2n\u0103 se dezmeticesc \u0219i fug care \u00eencotro prin satele ardelene\u0219ti unde s\u0103 uite de aglomera\u021bie \u0219i de cele 15 ore de munc\u0103 pe zi.<\/strong><\/p>\n<p><strong><em>Deci, pe medie, Rom\u00e2nul <\/em>nu e lene\u015f, a\u015fa cum ne \u00eentrecem cu to\u0163ii s\u0103 spunem \u00een ultima vreme.<\/strong><\/p>\n<p><strong>Cei care pot schimba \u00eens\u0103 rezultatul sunt demnitarii rom\u00e2ni, o specie ocrotit\u0103 prin lege, care nu este deloc pe cale de dispari\u021bie, ci dimpotriv\u0103, care face pui de vreo 20 de ani. U\u0219or de recunoscut \u2013 vile \u00eentre 500 \u0219i 1500 de metri locuibili, zeci de mii de hectare de teren, vacan\u021be luxoase, pescuit \u00een ape ad\u00e2nci. \u0218i pe care nu-I g\u0103se\u0219ti de 1 Mai printre devoratorii celor peste 20 de milioane de mici \u0219i a tonelor de bere, ci la un pahar de &#8222;Opus One&#8221;.<\/strong><\/p>\n<p><strong>Hai, noroc! &#8230; popor muncitor \u0219i tolerant.<br \/>\n<\/strong><\/p>\n<div id=\"attachment_413\" style=\"width: 580px\" class=\"wp-caption alignleft\"><a href=\"https:\/\/oanastanciulescu.ro\/wp-content\/uploads\/2017\/05\/beer.jpg\"><img aria-describedby=\"caption-attachment-413\" decoding=\"async\" loading=\"lazy\" class=\"size-full wp-image-413\" src=\"https:\/\/oanastanciulescu.ro\/wp-content\/uploads\/2017\/05\/beer.jpg\" alt=\"\" width=\"570\" height=\"238\" srcset=\"https:\/\/oanastanciulescu.ro\/wp-content\/uploads\/2017\/05\/beer.jpg 570w, https:\/\/oanastanciulescu.ro\/wp-content\/uploads\/2017\/05\/beer-300x125.jpg 300w\" sizes=\"(max-width: 570px) 100vw, 570px\" \/><\/a><p id=\"caption-attachment-413\" class=\"wp-caption-text\">FOUR HANDS MALE AND FEMALE TOAST WITH MUGS OF BEER<\/p><\/div>\n","protected":false},"excerpt":{"rendered":"<p>Martha Bibescu, \u00een Izvor, \u021aara s\u0103lciilor, 1938: \u201cO v\u0103duv\u0103 din Imoasa \u00eel pune pe notarul din sat s\u0103-mi scrie a\u0219a: &lt; Boii mi-au murit de b\u0103tr\u00e2ne\u021be \u0219i de boal\u0103. Omul meu, r\u0103posatul Tudor &#8211;&#46;&#46;&#46;<\/p>\n","protected":false},"author":2,"featured_media":8,"comment_status":"open","ping_status":"open","sticky":false,"template":"","format":"standard","meta":[],"categories":[2],"tags":[196,198,197],"_links":{"self":[{"href":"https:\/\/oanastanciulescu.ro\/index.php\/wp-json\/wp\/v2\/posts\/412"}],"collection":[{"href":"https:\/\/oanastanciulescu.ro\/index.php\/wp-json\/wp\/v2\/posts"}],"about":[{"href":"https:\/\/oanastanciulescu.ro\/index.php\/wp-json\/wp\/v2\/types\/post"}],"author":[{"embeddable":true,"href":"https:\/\/oanastanciulescu.ro\/index.php\/wp-json\/wp\/v2\/users\/2"}],"replies":[{"embeddable":true,"href":"https:\/\/oanastanciulescu.ro\/index.php\/wp-json\/wp\/v2\/comments?post=412"}],"version-history":[{"count":2,"href":"https:\/\/oanastanciulescu.ro\/index.php\/wp-json\/wp\/v2\/posts\/412\/revisions"}],"predecessor-version":[{"id":415,"href":"https:\/\/oanastanciulescu.ro\/index.php\/wp-json\/wp\/v2\/posts\/412\/revisions\/415"}],"wp:featuredmedia":[{"embeddable":true,"href":"https:\/\/oanastanciulescu.ro\/index.php\/wp-json\/wp\/v2\/media\/8"}],"wp:attachment":[{"href":"https:\/\/oanastanciulescu.ro\/index.php\/wp-json\/wp\/v2\/media?parent=412"}],"wp:term":[{"taxonomy":"category","embeddable":true,"href":"https:\/\/oanastanciulescu.ro\/index.php\/wp-json\/wp\/v2\/categories?post=412"},{"taxonomy":"post_tag","embeddable":true,"href":"https:\/\/oanastanciulescu.ro\/index.php\/wp-json\/wp\/v2\/tags?post=412"}],"curies":[{"name":"wp","href":"https:\/\/api.w.org\/{rel}","templated":true}]}}