{"id":422,"date":"2017-05-03T09:54:21","date_gmt":"2017-05-03T09:54:21","guid":{"rendered":"http:\/\/oanastanciulescu.ro\/?p=422"},"modified":"2017-05-03T10:06:34","modified_gmt":"2017-05-03T10:06:34","slug":"oana-stanciulescu-cat-de-libera-este-presa-sa-nu-fim-ipocriti","status":"publish","type":"post","link":"https:\/\/oanastanciulescu.ro\/index.php\/2017\/05\/03\/oana-stanciulescu-cat-de-libera-este-presa-sa-nu-fim-ipocriti\/","title":{"rendered":"C\u00e2t de liber\u0103 este presa? S\u0103 nu fim ipocri\u021bi!"},"content":{"rendered":"<p><strong>3 mai, ziua \u00een care este celebrat\u0103 libertatea presei, la nivel mondial.<\/strong><\/p>\n<p><strong>C\u00e2t de liber\u0103 mai este presa, nu numai \u00een Rom\u00e2nia, ci \u00een \u00eentreaga lume? Grea \u00eentrebare! C\u00e2t de independen\u021bi, de liberi mai sunt jurnali\u0219tii? Este presa un instrument de propagand\u0103 pentru mai marii zilei?<\/strong><\/p>\n<p><strong>Multe \u00eentreb\u0103ri f\u0103r\u0103 r\u0103spuns. Certe sunt doar cifrele, c\u00e2\u021bi jurnali\u0219ti \u0219i-au pierdut via\u021ba \u00een timp ce \u00ee\u0219i exercitau profesia( 827 au fost uci\u0219i doar \u00een ultimii 10 ani), c\u00e2te procese au, c\u00e2te au pierdut, c\u00e2te au c\u00e2\u0219tigat, care este leafa medie a unui journalist?<\/strong><\/p>\n<p><strong>Altele sunt dincole de cifre \u2013 c\u00e2t de uni\u021bi, de solidari sunt jurnali\u0219tii, c\u00e2t de educa\u021bi sunt, c\u00e2t de u\u0219or de manipulat, c\u00e2\u021bi manipuleaz\u0103 la r\u00e2ndul lor, care sunt interesele patronilor, c\u00e2\u021bi jurnali\u0219ti \u00eendr\u0103znesc s\u0103 se ridice \u00eempotriva cenzurii instituite de \u0219efii lor, c\u00e2\u021bi sunt \u00een slujba unor servicii secrete, c\u00e2\u021bi sunt sub acoperire?<\/strong><\/p>\n<p><strong>Vrea cineva s\u0103 vorbeasc\u0103 cu adev\u0103rat despre libertatea presei \u00een Rom\u00e2nia? Despre cum se scot emisiuni de pe post, despre cum sunt interzi\u0219i invita\u021bi sau chiar jurnali\u0219ti, despre patroni de pres\u0103 \u0219i interesele lor, despre cum fac agenda jurnali\u0219tilor unii politicieni, despre campanii de manipulare \u0219i de linsaj, despre sursele de finan\u021bare sau lipsa acestora?<\/strong><\/p>\n<p><strong>\u201e Jurnalismul este una dintre profesiunile cu cel mai mare num\u0103r de oameni fr\u0103m\u00e2na\u0163i, nesatisf\u0103cu\u0163i, cinic resemna\u0163i, una din profesiunile \u00een care a devenit un obicei exprimarea m\u00e2niei, a dezgustului ori a descuraj\u0103rii provocate de realitatea unei munci care continu\u0103 s\u0103 fie tr\u0103it\u0103 \u015fi revendicat\u0103 ca fiind \u201ecu totul altfel\u201d. Suntem, \u00eens\u0103, departe de situa\u0163ia \u00een care aceste revolte \u015fi refuzuri ar putea ajunge s\u0103 \u00eembrace forma unei adev\u0103rate rezisten\u0163e, individuale dar mai ales colective.\u201d, o spune sociologul francez Pierre Bourdieu, \u00een cartea sa care a scandalizat Fran\u021ba \u201eDespre Televiziune\u201d.<\/strong><\/p>\n<p><strong>S\u0103 nu fim ipocri\u021bi, vrem pres\u0103 de calitate, dar f\u0103r\u0103 bani, vrem pres\u0103 de calitate, dar sursele de finan\u021bare sunt limitate \u0219i uneori vin din zone inacceptabile, vrem pres\u0103 de calitate, dar citim doar titlurile soft, ne plictisec reportajele, at\u00e2tea c\u00e2te mai sunt, anchetele, investiga\u021biile, care se dovedesc prea lungi \u0219i obositoare \u2013 multe cifre, date, am\u00e2nunte. A\u0219a c\u0103, vorba lui Bourdieu, noroc c\u0103 jurnali\u0219tii au obiceiul s\u0103 se citesc\u0103 \u00eentre ei. Vrem pres\u0103 de calitate dar \u00een ultimii 10-15 ani\u00a0 nu am cump\u0103rat m\u0103car un ziar pe zi , a\u0219a c\u0103 mai toate s-au \u00eenchis \u00een timp.<\/strong><\/p>\n<p><strong>Pe c\u00e2nd o dezbatere, o analiz\u0103 serioas\u0103 despre situa\u021bia \u00een care a ajuns presa? S\u0103 nu bif\u0103m \u00een fiecare an aceast\u0103 zi \u0219i s\u0103 ne trezim peste o vreme c\u0103 nu mai avem ce celebra. Ca s\u0103 vorbim despre pres\u0103 ne trebuie o dezbatere care s\u0103 \u00eenceap\u0103 acum \u0219i s\u0103 se termine peste trei zile \u0219i tot nu am putea epuiza toate problemele.<\/strong><\/p>\n<p><strong>Libertatea presei este un drept fundamental al omului, recunoscut \u0219i protejat prin lege, \u00een majoritatea statelor moderne. Dar ce ar trebui s\u0103 facem ca libertatea presei s\u0103 fie real\u0103?<\/strong><\/p>\n<p><strong>Meritul jurnali\u0219tilor a fost f\u0103r\u0103 t\u0103gad\u0103 unul extrem de important \u00een Rom\u00e2nia de dup\u0103 1989. Societatea rom\u00e2neasc\u0103 are de ce s\u0103 mul\u021bumeasc\u0103 &#8211; presa a fost cea care a militat pentru aderarea Rom\u00e2niei la UE, la NATO, pentru respectarea democra\u021biei, pentru drumul european al \u021b\u0103rii, pentru combaterea corup\u021biei. \u0218i de multe ori, presa a fost singur\u0103 \u00een demersurile ei.<\/strong><\/p>\n<p><strong>Dar lucrurile s-au degradat \u00een ultimii ani, \u0219i \u00een ceea ce prive\u0219te societatea rom\u00e2neasc\u0103, \u0219i \u00een ceea ce prive\u0219te situa\u021bia presei.<\/strong><\/p>\n<p><strong>Jurnali\u0219tii din Rom\u00e2nia nu numai c\u0103 au uitat s\u0103 fie uni\u021bi, ci chiar ei orchestreaz\u0103 lin\u0219ajul \u00eempotriva unora dintre confra\u021bi. Mai este de spus \u0219i c\u0103 mul\u021bi jurnali\u0219ti au f\u0103cut compromisuri &#8211; unii de voie, unii de nevoie. Dar mul\u021bi au r\u0103mas pe baricade, chiar dac\u0103 sunt mai pu\u021bin cunoscu\u021bi, ei continu\u0103 s\u0103 se lupte cu nedrept\u0103\u021bile, cu abuzurile, f\u0103c\u00e2nd fa\u021b\u0103 amenin\u021b\u0103rilor \u0219i intimid\u0103rilor. \u0218i mul\u021bi dintre ei pentru bani pu\u021bini.<\/strong><\/p>\n<p><strong>Trebuie m\u0103car s\u0103 punct\u0103m \u0219i faptul c\u0103 nici atitudinea societ\u0103\u021bii din ultima vreme fa\u021b\u0103 de pres\u0103 nu este una \u00eencurajatoare. Nu trebuie \u00eens\u0103 s\u0103 uit\u0103m ce \u00eenseamn\u0103 s\u0103 nu ai o pres\u0103 puternic\u0103 \u0219i liber\u0103.<\/strong><\/p>\n<p><strong>S\u0103 nu uit\u0103m c\u0103 \u00een Rom\u00e2nia, nu cu foarte mult timp \u00een urm\u0103, \u00een 1945, comuni\u0219tii au decis arestarea mai multor ziari\u0219ti cunoscu\u021bi ai vremii, considera\u021bi\u00a0 vinova\u021bi de dezastrul \u0163\u0103rii \u0219i adu\u0219i \u00een fa\u021ba Tribunalului Poporului. Dar putem s\u0103 mergem \u0219i mai \u00een trecut.<\/strong><\/p>\n<p><strong>Istoricul Marin Pop, care a publicat articolele lui Corneliu Coposu despre cenzura presei, din 1933 p\u00e2n\u0103 \u00een 1937, relev\u0103 aptul c\u0103 ziarul clujean \u00een care scria Seniorul a fost suspendat de 10 ori, totaliz\u00e2nd un timp de 394 zile, cu pretextul de a fi fost subversiv.<\/strong><\/p>\n<p><strong>Adic\u0103 74 de editoriale, 117.038 de cuvinte t\u0103iate, 16.720 r\u00e2nduri de coloan\u0103 t\u0103iate, calculate \u00een total c\u00e2t distan\u0163a Cluj &#8211; Cern\u0103u\u0163i. T\u0103iau din toate genurile, chiar \u015fi de la anun\u0163uri.<\/strong><\/p>\n<p><strong>\u201eDela apari\u0163ie, foarfeca regimului a fost purtat\u0103, printre paginile noastre, de zece cenzori. To\u0163i simpatici. Cari \u00eens\u0103, spre regretul nostru, \u015fi-au f\u0103cut totdeauna datoria. Cu v\u00e2rf \u015fi \u00eendesat. Trei din cei zece au fost magistra\u0163i militari, doi ofi\u0163eri activi, iar cinci, func\u0163ionari \u00een Administra\u0163ie, Poli\u0163ie \u015fi Siguran\u0163\u0103\u201d, nota cu umor Coposu, \u00een data de 2 noiembrie 1937 \u00een paginile \u201eRom\u00e2niei Noi\u201d.<\/strong><\/p>\n<p><strong>Ne place, nu ne place, \u00een democra\u021bie nu se poate f\u0103r\u0103 pres\u0103. De preferat \u00eens\u0103 o pres\u0103 de calitate. Cam asta despre starea presei la 3 mai 2017.<\/strong><\/p>\n<p><strong>\u00cen rest, \u201es\u0103 auzim numai de bine\u201d!<\/strong><\/p>\n<p><strong>( PS s\u0103 nu uit\u0103m ce au \u00eensemnat BBC \u0219i Europa Liber\u0103 pentru Rom\u00e2nia)<\/strong><\/p>\n<p>Articol publicat \u0219i pe www. dcnews.ro si www.expresmagazin.ro.<\/p>\n","protected":false},"excerpt":{"rendered":"<p>3 mai, ziua \u00een care este celebrat\u0103 libertatea presei, la nivel mondial. C\u00e2t de liber\u0103 mai este presa, nu numai \u00een Rom\u00e2nia, ci \u00een \u00eentreaga lume? Grea \u00eentrebare! C\u00e2t de independen\u021bi, de liberi mai&#46;&#46;&#46;<\/p>\n","protected":false},"author":2,"featured_media":8,"comment_status":"open","ping_status":"open","sticky":false,"template":"","format":"standard","meta":[],"categories":[19],"tags":[206,84,207],"_links":{"self":[{"href":"https:\/\/oanastanciulescu.ro\/index.php\/wp-json\/wp\/v2\/posts\/422"}],"collection":[{"href":"https:\/\/oanastanciulescu.ro\/index.php\/wp-json\/wp\/v2\/posts"}],"about":[{"href":"https:\/\/oanastanciulescu.ro\/index.php\/wp-json\/wp\/v2\/types\/post"}],"author":[{"embeddable":true,"href":"https:\/\/oanastanciulescu.ro\/index.php\/wp-json\/wp\/v2\/users\/2"}],"replies":[{"embeddable":true,"href":"https:\/\/oanastanciulescu.ro\/index.php\/wp-json\/wp\/v2\/comments?post=422"}],"version-history":[{"count":3,"href":"https:\/\/oanastanciulescu.ro\/index.php\/wp-json\/wp\/v2\/posts\/422\/revisions"}],"predecessor-version":[{"id":425,"href":"https:\/\/oanastanciulescu.ro\/index.php\/wp-json\/wp\/v2\/posts\/422\/revisions\/425"}],"wp:featuredmedia":[{"embeddable":true,"href":"https:\/\/oanastanciulescu.ro\/index.php\/wp-json\/wp\/v2\/media\/8"}],"wp:attachment":[{"href":"https:\/\/oanastanciulescu.ro\/index.php\/wp-json\/wp\/v2\/media?parent=422"}],"wp:term":[{"taxonomy":"category","embeddable":true,"href":"https:\/\/oanastanciulescu.ro\/index.php\/wp-json\/wp\/v2\/categories?post=422"},{"taxonomy":"post_tag","embeddable":true,"href":"https:\/\/oanastanciulescu.ro\/index.php\/wp-json\/wp\/v2\/tags?post=422"}],"curies":[{"name":"wp","href":"https:\/\/api.w.org\/{rel}","templated":true}]}}