{"id":451,"date":"2017-08-31T19:18:44","date_gmt":"2017-08-31T19:18:44","guid":{"rendered":"http:\/\/oanastanciulescu.ro\/?p=451"},"modified":"2017-08-31T19:53:52","modified_gmt":"2017-08-31T19:53:52","slug":"premierul-tudose-mos-teaca-si-stefan-cel-mare","status":"publish","type":"post","link":"https:\/\/oanastanciulescu.ro\/index.php\/2017\/08\/31\/premierul-tudose-mos-teaca-si-stefan-cel-mare\/","title":{"rendered":"Cine este Mo\u0219 Teac\u0103 din politica rom\u00e2neasc\u0103"},"content":{"rendered":"<p>&nbsp;<\/p>\n<p><strong>&lt;&lt;Tat\u0103, mie s\u0103-mi iei o pu\u015fc\u0103! S\u0103-mi iei un tambur-major! Cump\u0103r\u0103-mi o cutie cu solda\u0163i. . . \u015ei peste trei zile, juc\u0103riile ajungeau ferfeli\u0163\u0103: de pu\u015fc\u0103 r\u0103m\u00e2nea numai \u0163eava, tamburul ajungea f\u0103r\u0103 c\u0103ciul\u0103, solda\u0163ii f\u0103r\u0103 nasuri. Atunci \u00eencepea devastarea geamurilor vecine, tinichelele de coada lui Samurache. . . Cu toate astea, p\u0103rin\u0163ii erau \u00eenc\u00e2nta\u0163i. \u00cel \u00eembr\u0103caser\u0103 pe Tecu\u0163\u0103 cu haine de c\u0103pitan \u015fi-i cump\u0103raser\u0103 o sabie de tinichea. Iar c\u00e2nd \u00eel \u00eentrebai: \u201eCum te cheam\u0103?\u201d el r\u0103spundea scurt: \u201eDon c\u0103pitan Teac\u0103!\u201d&gt;&gt;<\/strong><\/p>\n<p><strong>Povestea, de pe la 1890, este reeditat\u0103 azi, dup\u0103 aproape 130 de ani, de Don c\u0103pitan Teac\u0103, zis \u0219i Mihai Tudose, premierul Rom\u00e2niei.<\/strong><\/p>\n<p><strong>Mo\u0219 Teac\u0103 din povestea lui Anton Bacalba\u0219a, Tecu\u021b\u0103 cum era alintat, nu putea s\u0103 sufere cartea \u0219i le replica mereu p\u0103rin\u021bilor \u2013 \u201cParc\u0103 Mihai Viteazu \u015ftia artmetic\u0103!\u201d<\/strong><\/p>\n<p><strong>A\u0219a \u0219i cu mo\u0219 Tudose din povestea noastr\u0103.<\/strong><\/p>\n<p><strong>S\u0103 spui tu Mihai Tudose, din func\u021bia de prim ministru al Rom\u00e2niei, c\u0103 \u201ce o nebunie s\u0103 rescrii manualele, de parc\u0103 \u015etefan cel Mare mai c\u00e2\u015ftig\u0103 c\u00e2te o lupt\u0103, iar Pitagora se mai g\u00e2nde\u015fte \u201d este cel pu\u021bin o imbecilitate demn\u0103 de Mo\u0219 Teac\u0103. Dup\u0103 mintea actualilor guvernan\u021bi, manualul \u0219colar nu trebuie s\u0103 fie doar unic, ci \u0219i scris de stat. \u00a0Uite a\u0219a ne amintim \u0219i noi c\u0103 democra\u021bia trebuie ap\u0103rat\u0103 zilnic, mai ales c\u00e2nd neocomunismul ne a\u0219teapt\u0103 la col\u021b. La col\u021bul lui Dragnea \u0219i al armatei lui de executan\u021bi.<\/strong><\/p>\n<p><strong>A\u0219adar, dup\u0103 logica premierului Rom\u00e2niei anului 2017, despre \u0218tefan ce Mare nu po\u021bi s\u0103 scrii dou\u0103 c\u0103r\u021bi \u00een decursul timpului. Cum ai apucat s\u0103 o scrii, a\u0219a r\u0103m\u00e2ne.<\/strong><\/p>\n<p><strong>Nici m\u0103car nu vreau s\u0103 \u00eentreb dac\u0103 premierul Tudose a auzit de \u0219coala de la Annales, de revolu\u021bia istoriografic\u0103, de Febvre, Marc Bloch, Le Goff, de Francois Furet, de istoria-povestire sau de istoria-problem\u0103. (\u201cO istorie a Fran\u021bei sau a oric\u0103rei ate \u021b\u0103ri se supune \u00een esen\u021b\u0103 aceleai\u0219i logici\u0219 ea nu poate dec\u00e2t s\u0103 \u00eenceap\u0103, prin defini\u021bie, cu originile Fran\u021bei, s\u0103 povesteasc\u0103 apoi etapele cre\u0219terii \u0219i ale aventurii na\u021bionale. Singura diferen\u021b\u0103 este c\u0103 o astfel de istorie r\u0103m\u00e2ne deschis\u0103 viitorului\u201d. Francois Furet)<\/strong><\/p>\n<p><strong>Nu vorbesc acum despre faptul c\u0103 primului ministru pare s\u0103 nu-i plac\u0103 nici afacerile, dac\u0103 e s\u0103 ne lu\u0103m dup\u0103 una dintre declara\u021biile domniei sale &#8211; \u00a0\u201eCulmea e c\u0103 nu e deloc un demers pentru educa\u0163ie, ci un bussines cu caiete suport, cu fi\u0163uici suport, o nebunie complet\u0103\u201d- a\u0219a c\u0103 ar trebui s\u0103 \u00eenchidem edituri, libr\u0103rii \u0219i biblioteci. Dar s\u0103 nu po\u021bi s\u0103 \u00een\u021belegi c\u0103 exist\u0103 o dinamic\u0103 a lucrurilor, o evolu\u021bie &#8211; \u00a0accesul la informa\u021bii, la surse, accesul la documente, la arhive \u2013 este un primitivism \u00eensp\u0103im\u00e2nt\u0103tor.<\/strong><\/p>\n<p><strong>Se \u00eent\u00e2mpl\u0103 uneori ori ca cei care sunt pu\u0219i s\u0103 conduc\u0103 destinele \u021b\u0103rii s\u0103 nu fie cei mai inteligen\u021bi, cei mai cul\u021bi sau one\u0219ti dintre concet\u0103\u021beni. Dar m\u0103car s\u0103 fie decen\u021bi. \u0218i s\u0103 nu \u00eencerce s\u0103 influen\u021beze negativ, prin deciziile lor, genera\u021bii la r\u00e2nd.<\/strong><\/p>\n<p><strong>Vorba aceea &#8211; \u201eTot omul se na\u015fte cu croiala lui; eu \u00eenc\u0103 de mic d\u0103deam semne c-am s\u0103 fiu senator; \u00eemi spune doica p\u0103 care am avut\u0103r-o acas\u0103 c\u0103 puteai s\u0103 dai cu tunul \u015fi nu m-ai fi de de\u015fteptat c\u00e2nd apucam s\u0103 adorm! A\u015fa \u015fi cu Tecu\u0163\u0103\u201d. (Anton Bacalba\u015fa, MO\u015e TEAC\u0102)<\/strong><\/p>\n<p>Acest text a ap\u0103rut \u0219i pe www.dcnews.ro<\/p>\n","protected":false},"excerpt":{"rendered":"<p>&nbsp; &lt;&lt;Tat\u0103, mie s\u0103-mi iei o pu\u015fc\u0103! S\u0103-mi iei un tambur-major! Cump\u0103r\u0103-mi o cutie cu solda\u0163i. . . \u015ei peste trei zile, juc\u0103riile ajungeau ferfeli\u0163\u0103: de pu\u015fc\u0103 r\u0103m\u00e2nea numai \u0163eava, tamburul ajungea f\u0103r\u0103 c\u0103ciul\u0103,&#46;&#46;&#46;<\/p>\n","protected":false},"author":2,"featured_media":8,"comment_status":"open","ping_status":"open","sticky":false,"template":"","format":"standard","meta":[],"categories":[2],"tags":[220,221,13,222],"_links":{"self":[{"href":"https:\/\/oanastanciulescu.ro\/index.php\/wp-json\/wp\/v2\/posts\/451"}],"collection":[{"href":"https:\/\/oanastanciulescu.ro\/index.php\/wp-json\/wp\/v2\/posts"}],"about":[{"href":"https:\/\/oanastanciulescu.ro\/index.php\/wp-json\/wp\/v2\/types\/post"}],"author":[{"embeddable":true,"href":"https:\/\/oanastanciulescu.ro\/index.php\/wp-json\/wp\/v2\/users\/2"}],"replies":[{"embeddable":true,"href":"https:\/\/oanastanciulescu.ro\/index.php\/wp-json\/wp\/v2\/comments?post=451"}],"version-history":[{"count":3,"href":"https:\/\/oanastanciulescu.ro\/index.php\/wp-json\/wp\/v2\/posts\/451\/revisions"}],"predecessor-version":[{"id":454,"href":"https:\/\/oanastanciulescu.ro\/index.php\/wp-json\/wp\/v2\/posts\/451\/revisions\/454"}],"wp:featuredmedia":[{"embeddable":true,"href":"https:\/\/oanastanciulescu.ro\/index.php\/wp-json\/wp\/v2\/media\/8"}],"wp:attachment":[{"href":"https:\/\/oanastanciulescu.ro\/index.php\/wp-json\/wp\/v2\/media?parent=451"}],"wp:term":[{"taxonomy":"category","embeddable":true,"href":"https:\/\/oanastanciulescu.ro\/index.php\/wp-json\/wp\/v2\/categories?post=451"},{"taxonomy":"post_tag","embeddable":true,"href":"https:\/\/oanastanciulescu.ro\/index.php\/wp-json\/wp\/v2\/tags?post=451"}],"curies":[{"name":"wp","href":"https:\/\/api.w.org\/{rel}","templated":true}]}}