{"id":455,"date":"2017-09-04T07:15:25","date_gmt":"2017-09-04T07:15:25","guid":{"rendered":"http:\/\/oanastanciulescu.ro\/?p=455"},"modified":"2017-09-04T07:15:25","modified_gmt":"2017-09-04T07:15:25","slug":"festivalul-george-enescu-2017-sa-te-roage-marele-jurowski-sa-construiesti-o-sala-de-concerte","status":"publish","type":"post","link":"https:\/\/oanastanciulescu.ro\/index.php\/2017\/09\/04\/festivalul-george-enescu-2017-sa-te-roage-marele-jurowski-sa-construiesti-o-sala-de-concerte\/","title":{"rendered":"Festivalul George Enescu 2017. S\u0103 te roage marele Jurowski s\u0103 construie\u0219ti o sal\u0103 de concerte"},"content":{"rendered":"<p><strong>Festivalul George Enescu a debutat \u0219i \u00een acest an dep\u0103\u0219ind toate a\u0219tept\u0103rile. Dou\u0103 zile de magie. Duminic\u0103 seara, Orchestra Filarmonicii din Londra, Jurowski \u0219i Sostakovich i-a l\u0103sat mu\u021bi de uimire pe spectatori. Aproape f\u0103r\u0103 cuvinte. Cum nu sunt critic muzical, \u0219i nici un cunosc\u0103tor fin, ci doar o mare iubitoare de muzic\u0103, o s\u0103 las speciali\u0219tii s\u0103 se pronun\u021be.<\/strong><\/p>\n<p><strong>Eu o s\u0103-mi exprim din nou furia \u0219i dezn\u0103dejdea deoarece dup\u0103 27 de ani cei care au condus Rom\u00e2nia nu au fost \u00een stare s\u0103 construiasc\u0103 o sal\u0103 de concerte pe m\u0103sura acestui Festival, devenit printre cele mai importante ale lumii. Iar \u021bie, coonduc\u0103tor al Rom\u00e2niei, s\u0103 nu-\u021bi crape obrazul de ru\u0219ine c\u0103 cele mai mari orchestre ale lumii, cele mai importante, primele din top 10 orchestre ale lumii, concerteaz\u0103 la Sala Palatului contruit\u0103 \u00een 1959, inaugurat\u0103 un an mai t\u00e2rziu, dep\u0103\u0219it\u0103 de mult din toate punctele de vedere. O mare ru\u0219ine! Autorit\u0103\u021bile fac concursuri pentru branduri de \u021bar\u0103, de capital\u0103, confisc\u0103 portul na\u021bional ca s\u0103 demonstreze c\u00e2t de patrio\u021bi sunt, dar nu au bunul sim\u021b s\u0103 aloce c\u00e2teva milioane de euro ca s\u0103 construiasc\u0103 o sala pentru acest mileniu, pentru \u021binuta unui Festival despre care se vorbe\u0219te \u00een toat\u0103 lumea,\u00a0 pentru care str\u0103inii se bat pe bilete, la fel ca rom\u00e2nii.<\/strong><\/p>\n<p><strong>Fie e\u0219ti imbecil s\u0103 nu realizezi ce promovare \u021bi-ar putea aduce acest Festival, fie nu te intereseaz\u0103 dec\u00e2t propriul buzunar \u0219i al g\u0103\u0219tii de partid. Dovada neputin\u021bei \u0219i nesim\u021birii celor 27 de ani este c\u0103 cei care au condus Rom\u00e2nia n-au vrut sau n-au fost \u00een stare s\u0103 realizeze o singur\u0103 construc\u021bie \u2013 nu infrastructur\u0103 complicat\u0103, tuneluri prin mun\u021bi etc, ci o sal\u0103 pentru Festivalul George Enescu. \u00a0<\/strong><\/p>\n<p><strong>De-a lungul celor 27 de ani, au fost destui cei care au rugat autorit\u0103\u021bile s\u0103 nu stea nep\u0103s\u0103toare. \u00ceniante de a pleca, chiar Ion Holender a f\u0103cut un apel \u00een acest sens.<\/strong><\/p>\n<p><strong>S\u00e2mb\u0103t\u0103 \u00eens\u0103, dirijorul Vladimir Jurowski, cel care i-a fermecat pe to\u021bi \u00een primele dou\u0103 zile ale Festivalului cu talentul, profesionalismul, geniul s\u0103u, a fost ultimul care le-a b\u0103tut obrazul \u00een mod elegant marilor conduc\u0103tori ai acestei \u021b\u0103ri.<\/strong><\/p>\n<p><strong>&#8222;Cu tot respectul fa\u021b\u0103 de ace\u0219ti pere\u021bi (n.r &#8211; ai S\u0103lii Mari a Palatului), avem nevoie de o alt\u0103 sal\u0103. Iar rom\u00e2nii au nevoie de o alt\u0103 sal\u0103, nu numai pentru Festivalul Enescu, pentru c\u0103 via\u021ba cultural\u0103 din Rom\u00e2nia nu se opre\u0219te la Festivalul George Enescu; acesta are loc la fiecare doi ani. Este minunat s\u0103 ai o asemenea aten\u021bie interna\u021bional\u0103 \u0219i un \u00eenalt patronat al Guvernului, dar eu cred c\u0103 ar fi \u00een spiritul lui George Enescu s\u0103 ajut\u0103m cultura rom\u00e2neasc\u0103 s\u0103 \u00eenfloreasc\u0103 \u0219i mai mult \u0219i s\u0103 ating\u0103 acela\u0219i nivel de str\u0103lucire \u0219i \u00een afara festivalului. \u0218i primul pas ar fi construirea unei noi sali&#8221;, a afirmat Jurowski la conferin\u021ba de pres\u0103.<\/strong><\/p>\n<p><strong>Cu toate acestea, politicienilor nu le este jen\u0103 s\u0103 \u00eembr\u0103ce \u00a0costumele populare \u201cm\u00e2ndri c\u0103 sunt rom\u00e2ni\u201c, s\u0103 mint\u0103, s\u0103 p\u0103c\u0103leasc\u0103, s\u0103 fac\u0103 praf bugetul str\u00e2ns din taxele \u0219i impozitele popula\u021biei, ca \u0219i c\u00e2nd ar fi mo\u0219tenire de familie. O mare ru\u0219ine!<\/strong><\/p>\n<p>Acest text a ap\u0103rut \u0219i pe www.dcnews.ro<\/p>\n<p>Foto-festivalulenescu.ro<\/p>\n","protected":false},"excerpt":{"rendered":"<p>Festivalul George Enescu a debutat \u0219i \u00een acest an dep\u0103\u0219ind toate a\u0219tept\u0103rile. Dou\u0103 zile de magie. Duminic\u0103 seara, Orchestra Filarmonicii din Londra, Jurowski \u0219i Sostakovich i-a l\u0103sat mu\u021bi de uimire pe spectatori. Aproape f\u0103r\u0103&#46;&#46;&#46;<\/p>\n","protected":false},"author":2,"featured_media":456,"comment_status":"open","ping_status":"open","sticky":false,"template":"","format":"standard","meta":[],"categories":[2],"tags":[224,223],"_links":{"self":[{"href":"https:\/\/oanastanciulescu.ro\/index.php\/wp-json\/wp\/v2\/posts\/455"}],"collection":[{"href":"https:\/\/oanastanciulescu.ro\/index.php\/wp-json\/wp\/v2\/posts"}],"about":[{"href":"https:\/\/oanastanciulescu.ro\/index.php\/wp-json\/wp\/v2\/types\/post"}],"author":[{"embeddable":true,"href":"https:\/\/oanastanciulescu.ro\/index.php\/wp-json\/wp\/v2\/users\/2"}],"replies":[{"embeddable":true,"href":"https:\/\/oanastanciulescu.ro\/index.php\/wp-json\/wp\/v2\/comments?post=455"}],"version-history":[{"count":1,"href":"https:\/\/oanastanciulescu.ro\/index.php\/wp-json\/wp\/v2\/posts\/455\/revisions"}],"predecessor-version":[{"id":457,"href":"https:\/\/oanastanciulescu.ro\/index.php\/wp-json\/wp\/v2\/posts\/455\/revisions\/457"}],"wp:featuredmedia":[{"embeddable":true,"href":"https:\/\/oanastanciulescu.ro\/index.php\/wp-json\/wp\/v2\/media\/456"}],"wp:attachment":[{"href":"https:\/\/oanastanciulescu.ro\/index.php\/wp-json\/wp\/v2\/media?parent=455"}],"wp:term":[{"taxonomy":"category","embeddable":true,"href":"https:\/\/oanastanciulescu.ro\/index.php\/wp-json\/wp\/v2\/categories?post=455"},{"taxonomy":"post_tag","embeddable":true,"href":"https:\/\/oanastanciulescu.ro\/index.php\/wp-json\/wp\/v2\/tags?post=455"}],"curies":[{"name":"wp","href":"https:\/\/api.w.org\/{rel}","templated":true}]}}