{"id":460,"date":"2017-11-03T09:11:36","date_gmt":"2017-11-03T09:11:36","guid":{"rendered":"http:\/\/oanastanciulescu.ro\/?p=460"},"modified":"2017-11-03T09:11:36","modified_gmt":"2017-11-03T09:11:36","slug":"protestul-fostilor-detinuti-politici-fata-de-declaratiile-lui-serban-nicolae","status":"publish","type":"post","link":"https:\/\/oanastanciulescu.ro\/index.php\/2017\/11\/03\/protestul-fostilor-detinuti-politici-fata-de-declaratiile-lui-serban-nicolae\/","title":{"rendered":"Protestul fo\u0219tilor de\u021binu\u021bi politici fa\u021b\u0103 de declara\u021biile lui \u0218erban Nicolae"},"content":{"rendered":"<div id=\"yui_3_16_0_ym19_1_1509692493893_40996\" dir=\"ltr\"><strong>Comitetul Na\u0163ional de Conducere al Asocia\u0163iei Fo\u015ftilor De\u0163inu\u0163i <\/strong><\/div>\n<div id=\"yui_3_16_0_ym19_1_1509692493893_40995\" dir=\"ltr\"><strong>Politici \u015fi Victime ale Dictaturii din Rom\u00e2nia (AFDPR) a luat act cu <\/strong><\/div>\n<div id=\"yui_3_16_0_ym19_1_1509692493893_39280\" dir=\"ltr\"><strong>indignare, de gravele ofense aduse fo\u015ftilor de\u0163inu\u0163i politici \u015fi <\/strong><\/div>\n<div id=\"yui_3_16_0_ym19_1_1509692493893_40999\" dir=\"ltr\"><strong>deporta\u0163i, de c\u0103tre d-l senator \u015eerban Nicolae, cu ocazia \u015fedin\u0163ei <\/strong><\/div>\n<div id=\"yui_3_16_0_ym19_1_1509692493893_41000\" dir=\"ltr\"><strong>Comisiei Juridice a Senatului.<\/strong><\/div>\n<div id=\"yui_3_16_0_ym19_1_1509692493893_39281\" dir=\"ltr\"><strong>Pentru a demonta afirma\u0163iile aberante, vom face o paralel\u0103 \u00eentre cele <\/strong><\/div>\n<div id=\"yui_3_16_0_ym19_1_1509692493893_39272\" dir=\"ltr\"><strong>sus\u0163inute de domnia sa \u015fi punctele noastre de vedere.<\/strong><\/div>\n<div id=\"yui_3_16_0_ym19_1_1509692493893_39275\" dir=\"ltr\"><strong>\u015e.N.: \u201eAm rude care au luptat pe Frontul de Vest. S\u0103 le spunem c\u0103 unii <\/strong><\/div>\n<div id=\"yui_3_16_0_ym19_1_1509692493893_39287\" dir=\"ltr\"><strong>mergeau s\u0103 lupte pe Frontul de Vest pentru eliberarea Transilvaniei, \u00een <\/strong><\/div>\n<div id=\"yui_3_16_0_ym19_1_1509692493893_39283\" dir=\"ltr\"><strong>timp de al\u0163ii luptau cu regimul comunist instalat \u00een august 44, este <\/strong><\/div>\n<div id=\"yui_3_16_0_ym19_1_1509692493893_39284\" dir=\"ltr\"><strong>inacceptabil\u201d.<\/strong><\/div>\n<div id=\"yui_3_16_0_ym19_1_1509692493893_39285\" dir=\"ltr\"><strong>C.N.C.: Patria a trimis Armata Rom\u00e2n\u0103 Regal\u0103 s\u0103 o re\u00eentregeasc\u0103, at\u00e2t <\/strong><\/div>\n<div id=\"yui_3_16_0_ym19_1_1509692493893_41001\" dir=\"ltr\"><strong>\u00een Est c\u00e2t \u015fi \u00een Vest. Dup\u0103 ce au f\u0103cut-o la timpul respectiv, 50 de <\/strong><\/div>\n<div id=\"yui_3_16_0_ym19_1_1509692493893_40991\" dir=\"ltr\"><strong>generali ai Armatei Rom\u00e2ne au fost azv\u00e2rli\u0163i de comuni\u015fti \u00een temni\u0163e <\/strong><\/div>\n<div id=\"yui_3_16_0_ym19_1_1509692493893_41002\" dir=\"ltr\"><strong>\u015fi lag\u0103re de exterminare, unde \u015fi-au g\u0103sit sf\u00e2r\u015fitul prin \u00eenfometare, <\/strong><\/div>\n<div dir=\"ltr\"><strong>b\u0103t\u0103i, munci silnice \u015fi lipsirea de minime condi\u0163ii de igien\u0103 \u015fi <\/strong><\/div>\n<div id=\"yui_3_16_0_ym19_1_1509692493893_41003\" dir=\"ltr\"><strong>asisten\u0163\u0103 medical\u0103. Acestora li s-au ad\u0103ugat al\u0163i ofi\u0163eri \u015fi trup\u0103.<\/strong><\/div>\n<div id=\"yui_3_16_0_ym19_1_1509692493893_41004\" dir=\"ltr\"><strong>\u015e.N.: \u201eTrupele de securitate au provenit, \u00een principal, din fo\u015ftii <\/strong><\/div>\n<div dir=\"ltr\"><strong>jandarmi\u201d.<\/strong><\/div>\n<div id=\"yui_3_16_0_ym19_1_1509692493893_41005\" dir=\"ltr\"><strong>C.N.C.: Fals! \u00cencep\u00e2nd din anul 1945, comuni\u015ftii au infiltrat jandarmeria <\/strong><\/div>\n<div dir=\"ltr\"><strong>cu persoane aservite lor, \u00een a\u015fa fel \u00eenc\u00e2t, \u00een vara anului 1948, c\u00e2nd <\/strong><\/div>\n<div id=\"yui_3_16_0_ym19_1_1509692493893_39268\" dir=\"ltr\"><strong>a luat fiin\u0163\u0103 a\u015fa zisa Securitate a Poporului, toate problemele au fost <\/strong><\/div>\n<div dir=\"ltr\"><strong>preluate din mers. Adev\u0103ra\u0163ii jandarmi au luat drumul temni\u0163elor <\/strong><\/div>\n<div id=\"yui_3_16_0_ym19_1_1509692493893_39288\" dir=\"ltr\"><strong>comuniste (vezi Cetatea F\u0103g\u0103ra\u015fului). S\u0103 fim at\u00e2t de nev\u0103z\u0103tori, <\/strong><\/div>\n<div id=\"yui_3_16_0_ym19_1_1509692493893_40966\" dir=\"ltr\"><strong>\u00eenc\u00e2t s\u0103 nu realiz\u0103m c\u0103 Securitatea era \u00eendreptat\u0103 \u00eempotriva <\/strong><\/div>\n<div id=\"yui_3_16_0_ym19_1_1509692493893_40987\" dir=\"ltr\"><strong>poporului rom\u00e2n?! S\u0103 se fi uitat na\u0163ionalizarea averilor? S\u0103 se fi uitat <\/strong><\/div>\n<div id=\"yui_3_16_0_ym19_1_1509692493893_40965\" dir=\"ltr\"><strong>c\u0103 Securitatea a asasinat sau trimis la moarte \u0163\u0103ranii care s-au <\/strong><\/div>\n<div id=\"yui_3_16_0_ym19_1_1509692493893_40988\" dir=\"ltr\"><strong>\u00eempotrivit colectiviz\u0103rii? S\u0103 se fi uitat epur\u0103rile din Poli\u0163ie \u015fi <\/strong><\/div>\n<div id=\"yui_3_16_0_ym19_1_1509692493893_40989\" dir=\"ltr\"><strong>Armat\u0103? S\u0103 se fi uitat interzicerea unor scriitori de prim\u0103 m\u0103rime din <\/strong><\/div>\n<div id=\"yui_3_16_0_ym19_1_1509692493893_39290\" dir=\"ltr\"><strong>literatura rom\u00e2n\u0103? S\u0103 se fi uitat decimarea Academiei Rom\u00e2ne? \u015ei multe <\/strong><\/div>\n<div id=\"yui_3_16_0_ym19_1_1509692493893_40964\" dir=\"ltr\"><strong>alte nenorociri care s-au ab\u0103tut asupra acestui popor.<\/strong><\/div>\n<div id=\"yui_3_16_0_ym19_1_1509692493893_40963\" dir=\"ltr\"><strong>\u015e.N.: \u201eDeci erau rom\u00e2ni contra rom\u00e2ni\u201d.<\/strong><\/div>\n<div dir=\"ltr\"><strong>C.N.C.: Da, a\u015fa este! Doar c\u0103 de o parte erau rom\u00e2nii demni, iubitori de <\/strong><\/div>\n<div id=\"yui_3_16_0_ym19_1_1509692493893_40962\" dir=\"ltr\"><strong>neam, de Patrie de Tricolor \u015fi credin\u0163\u0103 str\u0103mo\u015feasc\u0103, gata s\u0103 se <\/strong><\/div>\n<div dir=\"ltr\"><strong>jertfeasc\u0103 pentru binele Patriei, iar de cealalt\u0103 parte, pleava moral\u0103 a <\/strong><\/div>\n<div id=\"yui_3_16_0_ym19_1_1509692493893_39292\" dir=\"ltr\"><strong>societ\u0103\u0163ii, to\u0163i ling\u0103ii Partidului Comunist \u015fi ai Moscovei.<\/strong><\/div>\n<div dir=\"ltr\"><strong>\u015e.N.: \u201eEu nu cunosc lupte duse de aceste grupe de partizani din mun\u0163i, <\/strong><\/div>\n<div dir=\"ltr\"><strong>cu trupele sovietice\u201d.<\/strong><\/div>\n<div id=\"yui_3_16_0_ym19_1_1509692493893_41006\" dir=\"ltr\"><strong>C.N.C.: Doar nu erau nebuni s\u0103 lupte cu pistoale automate, arme Z.B, \u015fi <\/strong><\/div>\n<div dir=\"ltr\"><strong>grenade, \u00eempotriva blindatelor \u015fi infanteriei sovietice, care, dup\u0103 a\u015fa <\/strong><\/div>\n<div id=\"yui_3_16_0_ym19_1_1509692493893_41007\" dir=\"ltr\"><strong>zisa eliberare, au uitat s\u0103 mai plece acas\u0103, timp de 14 ani. \u00cen schimb, <\/strong><\/div>\n<div id=\"yui_3_16_0_ym19_1_1509692493893_39298\" dir=\"ltr\"><strong>n-au uitat ca la plecare, s\u0103 ia o halc\u0103 din trupul Patriei. Desigur, <\/strong><\/div>\n<div id=\"yui_3_16_0_ym19_1_1509692493893_39267\" dir=\"ltr\"><strong>partizanii \u015fi mai\u00a0 to\u0163i rom\u00e2nii sperau s\u0103 vin\u0103 americanii. Oricum, la <\/strong><\/div>\n<div dir=\"ltr\"><strong>\u00eenceputurile ocupa\u0163iei sovietice, am avut de-a face cu asasinate, violuri <\/strong><\/div>\n<div id=\"yui_3_16_0_ym19_1_1509692493893_39265\" dir=\"ltr\"><strong>\u015fi ho\u0163ii, pe c\u00e2nd \u00een Republica Federal\u0103 German\u0103, trupele de ocupa\u0163ie <\/strong><\/div>\n<div id=\"yui_3_16_0_ym19_1_1509692493893_39263\" dir=\"ltr\"><strong>americane, engleze \u015fi franceze nu s-au dedat la astfel de fapte.<\/strong><\/div>\n<div id=\"yui_3_16_0_ym19_1_1509692493893_39262\" dir=\"ltr\"><strong>\u015e.N.: \u201e\u00centre cei care s-au refugiat \u00een mun\u0163i erau \u015fi oameni care erau <\/strong><\/div>\n<div id=\"yui_3_16_0_ym19_1_1509692493893_39300\" dir=\"ltr\"><strong>c\u0103uta\u0163i pentru alte lucruri. Spre exemplu, n-am cum s\u0103 fiu de acord cu <\/strong><\/div>\n<div id=\"yui_3_16_0_ym19_1_1509692493893_39261\" dir=\"ltr\"><strong>cei care l-au omor\u00e2t pe Nicolae Iorga \u015fi s\u0103 spun c\u0103 erau partizani <\/strong><\/div>\n<div dir=\"ltr\"><strong>anticomuni\u015fti sau c\u0103 erau lupt\u0103tori pentru libertate\u201d.<\/strong><\/div>\n<div id=\"yui_3_16_0_ym19_1_1509692493893_41008\" dir=\"ltr\"><strong>C.N.C.: Ne pare r\u0103u, dar partizanii anticomuni\u015fti nu existau pe vremea <\/strong><\/div>\n<div id=\"yui_3_16_0_ym19_1_1509692493893_40940\" dir=\"ltr\"><strong>asasin\u0103rii lui Nicolae Iorga. Nu cunoa\u015ftem persoane din mun\u0163i c\u0103utate <\/strong><\/div>\n<div id=\"yui_3_16_0_ym19_1_1509692493893_41009\" dir=\"ltr\"><strong>pentru alte lucruri! Criminalii care i-au ucis pe Duca, Madgearu \u015fi Iorga <\/strong><\/div>\n<div dir=\"ltr\"><strong>au fost aresta\u0163i, judeca\u0163i, condamna\u0163i la moarte \u015fi executa\u0163i. Nici noi <\/strong><\/div>\n<div id=\"yui_3_16_0_ym19_1_1509692493893_39260\" dir=\"ltr\"><strong>nu accept\u0103m crimele, indiferent cine le-a comis! Chiar v-a lovit amnezia? <\/strong><\/div>\n<div id=\"yui_3_16_0_ym19_1_1509692493893_40960\" dir=\"ltr\"><strong>A\u0163i uitat de zecile de mii de crime s\u0103v\u00e2r\u015fite de comuni\u015fti? A\u0163i uitat <\/strong><\/div>\n<div id=\"yui_3_16_0_ym19_1_1509692493893_39259\" dir=\"ltr\"><strong>de Iuliu Maniu, de Gheorghe Br\u0103tianu, de Mircea Vulc\u0103nescu, de elitele <\/strong><\/div>\n<div id=\"yui_3_16_0_ym19_1_1509692493893_40942\" dir=\"ltr\"><strong>neamului rom\u00e2nesc? A pl\u0103tit cineva pentru toate aceste crime? I-a deranjat <\/strong><\/div>\n<div dir=\"ltr\"><strong>cineva? Rezisten\u0163a anticomunist\u0103 a existat! Dovada sunt zecile de mii de <\/strong><\/div>\n<div id=\"yui_3_16_0_ym19_1_1509692493893_40959\" dir=\"ltr\"><strong>victime, de necontestat, care au fost luate de la casele lor \u015fi nu s-au mai <\/strong><\/div>\n<div id=\"yui_3_16_0_ym19_1_1509692493893_41010\" dir=\"ltr\"><strong>\u00eentors niciodat\u0103!<\/strong><\/div>\n<div id=\"yui_3_16_0_ym19_1_1509692493893_41011\" dir=\"ltr\"><strong>\u015e.N.: \u201eAc\u0163iunile CIA, coroborate cu ale partizanilor din mun\u0163i, au <\/strong><\/div>\n<div id=\"yui_3_16_0_ym19_1_1509692493893_41012\" dir=\"ltr\"><strong>sl\u0103bit capacitatea de ap\u0103rare a Rom\u00e2niei, sub pretextul c\u0103 o fac <\/strong><\/div>\n<div id=\"yui_3_16_0_ym19_1_1509692493893_39256\" dir=\"ltr\"><strong>\u00eempotriva regimului comunist, este mai degrab\u0103, tic\u0103lo\u015fie\u201d.<\/strong><\/div>\n<div id=\"yui_3_16_0_ym19_1_1509692493893_41013\" dir=\"ltr\"><strong>C.N.C.: R\u0103spunsul la o astfel de afirma\u0163ie nu-l poate da dec\u00e2t o <\/strong><\/div>\n<div id=\"yui_3_16_0_ym19_1_1509692493893_41014\" dir=\"ltr\"><strong>reptil\u0103!<\/strong><\/div>\n<div id=\"yui_3_16_0_ym19_1_1509692493893_41015\" dir=\"ltr\"><strong>Prin afirma\u0163iile dvs. falsifica\u0163i istoria recent\u0103 a Rom\u00e2niei. <\/strong><\/div>\n<div dir=\"ltr\"><strong>Rezisten\u0163a anticomunist\u0103 trebuie privit\u0103 ca un \u00eentreg, ca un tot unitar <\/strong><\/div>\n<div id=\"yui_3_16_0_ym19_1_1509692493893_41016\" dir=\"ltr\"><strong>\u015fi nu f\u0103r\u00e2mi\u0163at\u0103 pe criterii etnice, politice, de culte sau de grup.<\/strong><\/div>\n<div id=\"yui_3_16_0_ym19_1_1509692493893_40951\" dir=\"ltr\"><strong>\u015e.N.: \u201eAc\u0163iunea partizanilor anticomuni\u015fti din mun\u0163i a fost <\/strong><\/div>\n<div id=\"yui_3_16_0_ym19_1_1509692493893_40956\" dir=\"ltr\"><strong>\u00eendreptat\u0103 \u00eempotriva Rom\u00e2niei\u201d, sau \u201ene arog\u0103m merite care nu <\/strong><\/div>\n<div id=\"yui_3_16_0_ym19_1_1509692493893_41017\" dir=\"ltr\"><strong>exist\u0103\u201d.<\/strong><\/div>\n<div dir=\"ltr\"><strong>C.N.C.: La 28 de ani de la evenimentele din decembrie 1989, nu am \u00eent\u00e2lnit <\/strong><\/div>\n<div id=\"yui_3_16_0_ym19_1_1509692493893_39255\" dir=\"ltr\"><strong>o asemenea grosol\u0103nie din partea unui politician rom\u00e2n. O cras\u0103 <\/strong><\/div>\n<div dir=\"ltr\"><strong>necunoa\u015ftere a fenomenului, care demonstreaz\u0103 continuitatea g\u00e2ndirii <\/strong><\/div>\n<div id=\"yui_3_16_0_ym19_1_1509692493893_39251\" dir=\"ltr\"><strong>bolnave din vremea defunctului regim \u201eilegitim \u015fi criminal\u201d.<\/strong><\/div>\n<div id=\"yui_3_16_0_ym19_1_1509692493893_39252\" dir=\"ltr\"><strong>A\u015ftept\u0103m scuzele d-lui senator \u015eerban Nicolae \u015fi chiar ale Partidului <\/strong><\/div>\n<div id=\"yui_3_16_0_ym19_1_1509692493893_39249\" dir=\"ltr\"><strong>Social Democrat. <\/strong><\/div>\n<div dir=\"ltr\"><\/div>\n<div id=\"yui_3_16_0_ym19_1_1509692493893_39248\" dir=\"ltr\">\n<div id=\"yui_3_16_0_ym19_1_1509692493893_39247\" dir=\"ltr\"><strong>31 octombrie 2017<\/strong><\/div>\n<div id=\"yui_3_16_0_ym19_1_1509692493893_39246\" dir=\"ltr\"><strong>Pre\u015fedinte al AFDPR<\/strong><\/div>\n<div id=\"yui_3_16_0_ym19_1_1509692493893_38941\" dir=\"ltr\"><strong>Octav Bjoza<\/strong><\/div>\n<\/div>\n","protected":false},"excerpt":{"rendered":"<p>Comitetul Na\u0163ional de Conducere al Asocia\u0163iei Fo\u015ftilor De\u0163inu\u0163i Politici \u015fi Victime ale Dictaturii din Rom\u00e2nia (AFDPR) a luat act cu indignare, de gravele ofense aduse fo\u015ftilor de\u0163inu\u0163i politici \u015fi deporta\u0163i, de c\u0103tre d-l senator&#46;&#46;&#46;<\/p>\n","protected":false},"author":2,"featured_media":284,"comment_status":"open","ping_status":"open","sticky":false,"template":"","format":"standard","meta":[],"categories":[2],"tags":[153,151,225,228,226,227],"_links":{"self":[{"href":"https:\/\/oanastanciulescu.ro\/index.php\/wp-json\/wp\/v2\/posts\/460"}],"collection":[{"href":"https:\/\/oanastanciulescu.ro\/index.php\/wp-json\/wp\/v2\/posts"}],"about":[{"href":"https:\/\/oanastanciulescu.ro\/index.php\/wp-json\/wp\/v2\/types\/post"}],"author":[{"embeddable":true,"href":"https:\/\/oanastanciulescu.ro\/index.php\/wp-json\/wp\/v2\/users\/2"}],"replies":[{"embeddable":true,"href":"https:\/\/oanastanciulescu.ro\/index.php\/wp-json\/wp\/v2\/comments?post=460"}],"version-history":[{"count":1,"href":"https:\/\/oanastanciulescu.ro\/index.php\/wp-json\/wp\/v2\/posts\/460\/revisions"}],"predecessor-version":[{"id":461,"href":"https:\/\/oanastanciulescu.ro\/index.php\/wp-json\/wp\/v2\/posts\/460\/revisions\/461"}],"wp:featuredmedia":[{"embeddable":true,"href":"https:\/\/oanastanciulescu.ro\/index.php\/wp-json\/wp\/v2\/media\/284"}],"wp:attachment":[{"href":"https:\/\/oanastanciulescu.ro\/index.php\/wp-json\/wp\/v2\/media?parent=460"}],"wp:term":[{"taxonomy":"category","embeddable":true,"href":"https:\/\/oanastanciulescu.ro\/index.php\/wp-json\/wp\/v2\/categories?post=460"},{"taxonomy":"post_tag","embeddable":true,"href":"https:\/\/oanastanciulescu.ro\/index.php\/wp-json\/wp\/v2\/tags?post=460"}],"curies":[{"name":"wp","href":"https:\/\/api.w.org\/{rel}","templated":true}]}}