{"id":464,"date":"2017-12-30T17:08:56","date_gmt":"2017-12-30T17:08:56","guid":{"rendered":"http:\/\/oanastanciulescu.ro\/?p=464"},"modified":"2017-12-30T17:17:31","modified_gmt":"2017-12-30T17:17:31","slug":"iarna-neputintei-noastre","status":"publish","type":"post","link":"https:\/\/oanastanciulescu.ro\/index.php\/2017\/12\/30\/iarna-neputintei-noastre\/","title":{"rendered":"Iarna neputin\u021bei noastre"},"content":{"rendered":"<p><strong>Ast\u0103zi se \u00eemplinesc 70 de ani de la \u00eenceputul celei mai negre perioade din existen\u021ba Rom\u00e2niei. Co\u0219marul Rom\u00e2niei \u00eencepe pe 30 decembrie 1947, atunci c\u00e2nd este distrus\u0103 \u0219i ultima redut\u0103 \u00eempotriva comuni\u0219tilor. Abdicarea for\u021bat\u0103 a Regelui Mihai a \u00eensemnat instaurarea abuziv\u0103 a noului regim, suspendarea statului de drept \u0219i a institu\u021biilor democratice. A\u0219adar, au trecut exact 70 de ani de c\u00e2nd Petru Groza l-a \u0219antajat \u0219i l-a amenin\u021bat pe Regele Mihai pentru a semna actul de abdicare, pe care comuni\u0219tii \u00eel aveau deja scris, urm\u0103rindu-se astfel lichidarea ultimei institu\u021bii democratice.<\/strong><\/p>\n<p><strong>Pe 29 decembrie, Regele Mihai fusese chemat de urgen\u021b\u0103 de la Sinaia pentru a se \u00eent\u00e2lni a doua zi cu Petru Groza, la re\u0219edin\u021ba Majest\u0103\u021bii Sale din \u0218oseaua Kiseleff. Atunci, Petru Groza i-a cerut Regelui Mihai s\u0103 \u201cdivor\u021beze\u201d altfel o mie de studen\u021bi dintre cei aresta\u021bi ar fi fost executa\u021bi. Tinerii fuseser\u0103 aresta\u021bi \u00eencep\u00e2nd din 1945, din timpul grevei regale, \u00een urma organiz\u0103rii mai multor manifesta\u021bii anticomuniste.<\/strong><\/p>\n<p><strong>Petru Groza preg\u0103tise ultima \u00eent\u00e2lnire cu Regele \u00een cele mai mici am\u0103nunte \u2013 batalionul de gard\u0103 fusese \u00eenl\u0103turat \u0219i \u00eenlocuit cu trupe devotate Kremlinului \u015fi PCR, inclusiv divizia \u201cTudor Vladimirescu\u201c, leg\u0103turile telefonice din re\u0219edin\u021b\u0103 fuseser\u0103 t\u0103iate. \u00cen aceste condi\u021bii, Regele Mihai \u0219i mama sa, Regina Elena, erau lua\u021bi prizonieri \u0219i, deci, izola\u021bi total de exterior.<\/strong><\/p>\n<p><strong>Regele Mihai a \u00een\u021beles c\u0103 dac\u0103 nu va abdica \u00een acel moment, vie\u021bile celor o mie de studen\u021bi erau \u00een pericol.<\/strong><\/p>\n<p><strong>Totul s-a f\u0103cut \u00een regim de urgen\u021b\u0103. De altfel, Regele Mihai remarca \u00eentr-unul dintre interviurile de dup\u0103 1989 aceast\u0103 grab\u0103 sub care se petreceau toate ac\u021biunile comuni\u0219tilor. Mereu era ceva care nu suporta am\u00e2nare, dar mai ales discu\u021bie, spunea Majestatea Sa. Comuni\u0219tii transmiteau permanent un sentiment al urgen\u021bei sub care se luau deciziile, pentru a nu exista niciun fel de dezbatere, \u201cceea ce pentru sistemul democratic era de neconceput\u201d.<\/strong><\/p>\n<p><strong>A\u0219adar, pe 30 decembrie 1947, \u00een urm\u0103 cu exact 70 de ani, comunismul, care \u0219i-a \u00eentins tentaculele p\u00e2n\u0103 \u00een ziua de ast\u0103zi, a \u00eenceput s\u0103 distrug\u0103 fibra acestui popor. Urmele au r\u0103mas, cicatricele se v\u0103d cu ochiul liber.<\/strong><\/p>\n<p><strong>\u0218i iat\u0103 c\u0103 dup\u0103 70 de ani de la instaurarea abuziv\u0103 a Republicii nu a existat nicio dezbatere \u00een societatea rom\u00e2neasc\u0103 despre forma de guvern\u0103m\u00e2nt actual\u0103, Republica intalat\u0103 abuziv fiind cau\u021bionat\u0103 de to\u021bi liderii politici postdecembri\u0219ti.<\/strong><\/p>\n<p><strong>\u0218i totu\u0219i, dup\u0103 70 de ani, \u00een Rom\u00e2nia, membr\u0103 a Uniunii Europene, parte a Europei libere \u0219i democratice, se scandeaz\u0103 Jos Comunismul!<\/strong><\/p>\n<p><strong>Regele Mihai a abdicat for\u021bat pe 30 decembrie 1947 \u0219i a p\u0103r\u0103sit Rom\u00e2nia pe 3 ianuarie 1948. \u0218i tot \u00eentr-o zi de iarn\u0103, Regele Mihai a plecat la Domnul, l\u0103s\u00e2ndu-ne s\u0103 ne lupt\u0103m singuri pentru viitorul nostru &#8211; \u00eenapoi \u00een timp sau pentru o \u021bar\u0103 liber\u0103, prosper\u0103 \u0219i respectat\u0103.<\/strong><\/p>\n<p>Foto &#8211; Facebook Florin Dobrescu<\/p>\n<p>Articol publicat si pe dcnews.ro<\/p>\n","protected":false},"excerpt":{"rendered":"<p>Ast\u0103zi se \u00eemplinesc 70 de ani de la \u00eenceputul celei mai negre perioade din existen\u021ba Rom\u00e2niei. Co\u0219marul Rom\u00e2niei \u00eencepe pe 30 decembrie 1947, atunci c\u00e2nd este distrus\u0103 \u0219i ultima redut\u0103 \u00eempotriva comuni\u0219tilor. Abdicarea for\u021bat\u0103&#46;&#46;&#46;<\/p>\n","protected":false},"author":2,"featured_media":465,"comment_status":"open","ping_status":"open","sticky":false,"template":"","format":"standard","meta":[],"categories":[2],"tags":[229,170,80],"_links":{"self":[{"href":"https:\/\/oanastanciulescu.ro\/index.php\/wp-json\/wp\/v2\/posts\/464"}],"collection":[{"href":"https:\/\/oanastanciulescu.ro\/index.php\/wp-json\/wp\/v2\/posts"}],"about":[{"href":"https:\/\/oanastanciulescu.ro\/index.php\/wp-json\/wp\/v2\/types\/post"}],"author":[{"embeddable":true,"href":"https:\/\/oanastanciulescu.ro\/index.php\/wp-json\/wp\/v2\/users\/2"}],"replies":[{"embeddable":true,"href":"https:\/\/oanastanciulescu.ro\/index.php\/wp-json\/wp\/v2\/comments?post=464"}],"version-history":[{"count":2,"href":"https:\/\/oanastanciulescu.ro\/index.php\/wp-json\/wp\/v2\/posts\/464\/revisions"}],"predecessor-version":[{"id":467,"href":"https:\/\/oanastanciulescu.ro\/index.php\/wp-json\/wp\/v2\/posts\/464\/revisions\/467"}],"wp:featuredmedia":[{"embeddable":true,"href":"https:\/\/oanastanciulescu.ro\/index.php\/wp-json\/wp\/v2\/media\/465"}],"wp:attachment":[{"href":"https:\/\/oanastanciulescu.ro\/index.php\/wp-json\/wp\/v2\/media?parent=464"}],"wp:term":[{"taxonomy":"category","embeddable":true,"href":"https:\/\/oanastanciulescu.ro\/index.php\/wp-json\/wp\/v2\/categories?post=464"},{"taxonomy":"post_tag","embeddable":true,"href":"https:\/\/oanastanciulescu.ro\/index.php\/wp-json\/wp\/v2\/tags?post=464"}],"curies":[{"name":"wp","href":"https:\/\/api.w.org\/{rel}","templated":true}]}}