{"id":468,"date":"2018-01-21T15:04:55","date_gmt":"2018-01-21T15:04:55","guid":{"rendered":"http:\/\/oanastanciulescu.ro\/?p=468"},"modified":"2018-01-21T15:12:23","modified_gmt":"2018-01-21T15:12:23","slug":"centenarul-a-inceput-pe-20-ianuarie-in-piata-universitatii","status":"publish","type":"post","link":"https:\/\/oanastanciulescu.ro\/index.php\/2018\/01\/21\/centenarul-a-inceput-pe-20-ianuarie-in-piata-universitatii\/","title":{"rendered":"Centenarul a \u00eenceput pe 20 ianuarie \u00een Pia\u021ba Universit\u0103\u021bii"},"content":{"rendered":"<p>\u00cen anii 90 c\u00e2nd \u00eencepuser\u0103 s\u0103 plece rom\u00e2nii la munc\u0103 prin lumea \u00eentreag\u0103 se spunea c\u0103 \u00eentoarcerea lor \u00een \u021bar\u0103, dup\u0103 c\u00e2\u021biva ani, va aduce o schimbare a mentalit\u0103\u021bii administra\u021biilor locale, iar afacerile pe care \u0219i le-ar fi f\u0103cut \u00een \u021bar\u0103 ar fi adus prosperitate. Iat\u0103 c\u0103 rom\u00e2nii nu s-au mai \u00eentors acas\u0103, nu c\u0103 n-ar fi vrut, ci din cauz\u0103 c\u0103 nu au avut la ce s\u0103 se \u00eentoarc\u0103.<\/p>\n<p>La mar\u0219ul de s\u00e2mb\u0103t\u0103, 20 ianuarie, am v\u0103zut \u00eens\u0103 rom\u00e2ni din toate col\u021burile lumii uni\u021bi \u00een Pia\u021ba Universit\u0103\u021bii, la km zero al democra\u021biei \u0219i libert\u0103\u021bii Rom\u00e2niei. Acesta este c\u00e2\u0219tigul plec\u0103rii rom\u00e2nilor \u2013 c\u0103 au \u00een\u021beles mai repede ce \u00eenseamn\u0103 libertate \u2013 libertate economic\u0103, de con\u0219tiin\u021b\u0103, de g\u00e2ndire &#8211; , dec\u00e2t dac\u0103 ar fi r\u0103mas \u00een \u021bar\u0103 s\u0103 \u00eengroa\u0219e r\u00e2ndurile asista\u021bilor sociali sau a \u0219omerilor.<\/p>\n<p>S\u00e2mb\u0103t\u0103 seara am vorbit cu mai mul\u021bi rom\u00e2ni alunga\u021bi de acas\u0103, care au decis s\u0103 fie uni\u021bi cu cei r\u0103ma\u0219i \u00een \u021bar\u0103. O doamn\u0103 care muncea de 15 ani \u00een Spania venise cu toat\u0103 familia la protest. Ar vrea s\u0103 se \u00eentoarc\u0103, dar \u0219tie c\u0103 ar muri de foame, mai ales acum c\u0103 are doi copii pe care i-a n\u0103scut \u00een Spania \u0219i care, recunoa\u0219te, nu prea \u0219tiu s\u0103 vorbeasc\u0103 rom\u00e2ne\u0219te. Nu pentru c\u0103 nu ar vrea, ci din cauz\u0103 c\u0103 nu are cine s\u0103-i \u00eenve\u021be, ei muncind c\u00e2t e ziua de mare.<\/p>\n<p>Exodul rom\u00e2nilor a ajuns de mult la cote alarmante, dar nu pentru liderii politici, ci doar pentru noi, cei care am r\u0103mas s\u0103 ne lupt\u0103m cu nedrept\u0103\u021bile lor.<\/p>\n<p>Ultimul raport al Organiza\u0163iei Na\u0163iunilor Unite arat\u0103 c\u0103 \u0163ara noastr\u0103 este pe locul doi \u00een topul migra\u021biei mondiale, aten\u021bie, nu europene, dup\u0103 Siria, \u021bar\u0103 cu un r\u0103zboi civil \u00een desf\u0103\u0219urare. \u00cen schimb, politicienii rom\u00e2ni se dau mari patrio\u021bi, se \u00eembrac\u0103 \u00een costume na\u021bionale \u0219i se bat cu pumnii \u00een piept c\u0103 nu vor s\u0103-\u0219i v\u00e2nd\u0103 \u021bara, antamat\u0103 s\u0103raca de mul\u021bi pentru un pumn de argin\u021bi.<\/p>\n<p>At\u00e2t de patrio\u021bi sunt \u00eenc\u00e2t nu au reu\u0219it de 28 de ani s\u0103 construiasc\u0103 \u00een Bucure\u0219ti un spital ocologic pentru copii, dar au aruncat pe distrac\u021bii sute de milioane de euro, care n-au reu\u0219it s\u0103 construiasc\u0103 o autostrad\u0103 care s\u0103 traverseze \u021bara, iar ca s\u0103 ajungi la comemorarea lui Iulia Maniu din 3 februarie\u00a0 faci 15 ore dac\u0103 ai noroc, dar au reu\u0219i s\u0103-\u0219i pun\u0103 la ad\u0103post familiile lor.<\/p>\n<p>Nu am lipstit la niciun protest sau ie\u0219ire \u00een strad\u0103 pentru a marca un eveniment din 90 \u00eencoace &#8211; mineriade, regele Mihai, plecarea Seniorului, protestul pentru Ila\u0219cu, b\u0103taia cu jandarmii la aeroport c\u00e2nd regelui Mihai i se interzicea intrarea \u00een \u021bara lui- , dar niciodat\u0103 nu am v\u0103zut at\u00e2ta dezn\u0103dejde ca de la Colectiv \u00eencoace. F\u0103r\u0103 regele Mihai, f\u0103r\u0103 Corneliu Coposu, f\u0103r\u0103 opozi\u021bie, am r\u0103mas doar noi, cet\u0103\u021benii simpli care am \u00een\u021beles c\u0103 dac\u0103 nu ne ap\u0103r\u0103m drepturile, nu ne va ajuta nimeni.<\/p>\n<p>Pot spune f\u0103r\u0103 nici o ezitare \u2013 anul Centenarului a \u00eenceput bine \u2013 rom\u00e2ni din toat\u0103 \u021bara \u0219i din toat\u0103 lumea, ne-am str\u00e2ns \u00een Pia\u021ba Universit\u0103\u021bii s\u0103 ne lupt\u0103m pentru noi, dar mai ales pentru genera\u021biile viitoare. Rom\u00e2nia mai are o \u0219ans\u0103, a demonstrat-o s\u00e2mb\u0103t\u0103 seara la km zero al democra\u021biei!<\/p>\n<p>NR Acest articol a aparut si pe www.dcnews.ro<\/p>\n","protected":false},"excerpt":{"rendered":"<p>\u00cen anii 90 c\u00e2nd \u00eencepuser\u0103 s\u0103 plece rom\u00e2nii la munc\u0103 prin lumea \u00eentreag\u0103 se spunea c\u0103 \u00eentoarcerea lor \u00een \u021bar\u0103, dup\u0103 c\u00e2\u021biva ani, va aduce o schimbare a mentalit\u0103\u021bii administra\u021biilor locale, iar afacerile pe&#46;&#46;&#46;<\/p>\n","protected":false},"author":2,"featured_media":8,"comment_status":"open","ping_status":"open","sticky":false,"template":"","format":"standard","meta":[],"categories":[2],"tags":[230,193,231],"_links":{"self":[{"href":"https:\/\/oanastanciulescu.ro\/index.php\/wp-json\/wp\/v2\/posts\/468"}],"collection":[{"href":"https:\/\/oanastanciulescu.ro\/index.php\/wp-json\/wp\/v2\/posts"}],"about":[{"href":"https:\/\/oanastanciulescu.ro\/index.php\/wp-json\/wp\/v2\/types\/post"}],"author":[{"embeddable":true,"href":"https:\/\/oanastanciulescu.ro\/index.php\/wp-json\/wp\/v2\/users\/2"}],"replies":[{"embeddable":true,"href":"https:\/\/oanastanciulescu.ro\/index.php\/wp-json\/wp\/v2\/comments?post=468"}],"version-history":[{"count":2,"href":"https:\/\/oanastanciulescu.ro\/index.php\/wp-json\/wp\/v2\/posts\/468\/revisions"}],"predecessor-version":[{"id":470,"href":"https:\/\/oanastanciulescu.ro\/index.php\/wp-json\/wp\/v2\/posts\/468\/revisions\/470"}],"wp:featuredmedia":[{"embeddable":true,"href":"https:\/\/oanastanciulescu.ro\/index.php\/wp-json\/wp\/v2\/media\/8"}],"wp:attachment":[{"href":"https:\/\/oanastanciulescu.ro\/index.php\/wp-json\/wp\/v2\/media?parent=468"}],"wp:term":[{"taxonomy":"category","embeddable":true,"href":"https:\/\/oanastanciulescu.ro\/index.php\/wp-json\/wp\/v2\/categories?post=468"},{"taxonomy":"post_tag","embeddable":true,"href":"https:\/\/oanastanciulescu.ro\/index.php\/wp-json\/wp\/v2\/tags?post=468"}],"curies":[{"name":"wp","href":"https:\/\/api.w.org\/{rel}","templated":true}]}}