{"id":509,"date":"2020-02-10T11:37:49","date_gmt":"2020-02-10T11:37:49","guid":{"rendered":"http:\/\/oanastanciulescu.ro\/?p=509"},"modified":"2021-03-15T08:29:17","modified_gmt":"2021-03-15T08:29:17","slug":"primii-trei-romani-din-diaspora-in-guvernul-orban","status":"publish","type":"post","link":"https:\/\/oanastanciulescu.ro\/index.php\/2020\/02\/10\/primii-trei-romani-din-diaspora-in-guvernul-orban\/","title":{"rendered":"Primii trei rom\u00e2ni din DIASPORA, \u00een guvernul Orban"},"content":{"rendered":"<p>Primii trei rom\u00e2ni din diaspora coopta\u021bi \u00een guvernul Orban sunt tineri care au performat \u00een domenii diferite. Cristina Buza\u0219u, Gabriel Stanciu \u0219i Ovidiu Burdu\u0219a munceau anul trecut \u00een Marea Britanie \u0219i Italia, iar acum to\u021bi trei au ajuns \u00een cabinetul Ludovic Orban.<\/p>\n<p>Pe Gabriel Stanciu l-am cunoscut la Birmingham. M-a surprins energia lui, dorin\u021ba de a-i ajuta pe al\u021bii, dar \u0219i planul lui de viitor care era acas\u0103. De\u0219i bine pl\u0103tit \u0219i cu o situa\u021bie financiar\u0103 \u0219i profesional\u0103 excelent\u0103, Gabi visa cu ochii deschi\u0219i la vremea \u00eentoarcerii. Era preg\u0103tit s\u0103 mute mun\u021bii, s\u0103 arate \u0219i celorlal\u021bi ceea ce a \u00eenv\u0103\u021bat el \u00een Marea Britanie. Atunci c\u00e2nd l-am cunoscut a\u0219tepta ultimele semn\u0103turi pentru a intra \u00een posesia cheii de la casa cu gr\u0103din\u0103 pe care \u0219i-o cump\u0103rase \u00een Birmingham. Cu toate acestea, a luat primul avion spre Rom\u00e2nia atunci c\u00e2nd i s-a propus s\u0103 lucreze \u00een guvernul Orban.<\/p>\n<p>Gabriel are o poveste extraordinar\u0103. Un t\u00e2n\u0103r din Corabia lui Oblemencu, absolvent al Facult\u0103\u021bii de Construc\u021bii \u00een urm\u0103 cu doar 6 ani, a ajuns \u00een Birmingham, Marea Britanie, ca orice rom\u00e2n care vrea s\u0103 tr\u0103iasc\u0103 mai bine \u0219i nu reu\u0219e\u0219te \u00een \u021bara lui.<\/p>\n<p>Ca \u0219i altora, i-a fost greu la \u00eenceput, a fost nevoit s\u0103 schimbe mai multe locuri de munc\u0103, a fost pe r\u00e2nd \u0219ofer, a sp\u0103lat vase \u00eentr-un restaurant, a livrat pizza.<\/p>\n<p>Chiar dac\u0103 recunosc sau nu, rom\u00e2nii nu sunt a\u0219tepta\u021bi cu covorul ro\u0219u la aeroport, \u00een nicio \u021bar\u0103 din lume. Trebuie s\u0103 munceasc\u0103, s\u0103 str\u00e2ng\u0103 din din\u021bi, s\u0103 persevereze, s\u0103 munceasc\u0103 mai mult dec\u00e2t al\u021bii \u0219i s\u0103 fie serio\u0219i. A\u0219a a f\u0103cut \u0219i Gabi care a reu\u0219it p\u00e2n\u0103 la urm\u0103 s\u0103-\u0219i practice meseria de inginer, \u0219i nu oriunde ci pentru Colas Rail UK, \u00een al doilea cel mai mare proiect din Europa. Concret, a fost unul dintre inginerii \u0219efi ai proiectului privind linia de tramvai din Birmingham. \u00cen aceast\u0103 calitate, Gabi a avut \u00een subordine rom\u00e2ni, cu care s-a \u00eemprietenit \u0219i pe care nu a ezitat s\u0103-i ajute de fiecare data, dar \u0219i englezi sau cet\u0103\u021beni de alt\u0103 na\u021bionalitate. A avut rela\u021bii bune \u0219i cu conducerea companiei, care la auzul ve\u0219tii c\u0103 se va \u00eentorce \u00een Rom\u00e2nia i-a spus c\u0103-l a\u0219teapt\u0103 oric\u00e2nd dore\u0219te s\u0103-\u0219i reia func\u021bia, una, de altfel, extrem de bine pl\u0103tit\u0103.<\/p>\n<p>Gabi locuia \u00een centrul ora\u0219ului, \u00eentr-un apartament cochet, un bloc cu paz\u0103 la intrare, iar de cur\u00e2nd \u00ee\u0219i cump\u0103rase o cas\u0103, cu credit bancar. C\u00e2nd a auzit \u00eens\u0103 c\u0103 ar putea s\u0103 lucreze \u00een guvernul Orban, c\u0103 ar putea s\u0103 se \u00eentoarc\u0103 \u00een \u021bara lui, a l\u0103sat totul de-o parte \u0219i a dat fuga la Bucure\u0219ti.<\/p>\n<p>Acum el este consilier al ministrului Dezvolt\u0103rii \u0219i face ceea ce \u0219tie cel mai bine \u2013 verific\u0103 calitatea lucr\u0103rilor din programul PNDL, \u0219i pe cale de consecin\u021b\u0103 bag\u0103 spaima \u00een cei care s-au obi\u0219nuit de 30 de ani s\u0103 fac\u0103 munc\u0103 de m\u00e2ntuial\u0103, s\u0103 spun\u0103 c\u0103 merge \u0219i a\u0219a, s\u0103 pun\u0103 interesul lor \u00eenaintea interesului cet\u0103\u021benilor. De c\u00e2nd s-a \u00eentors \u0219i lucreaz\u0103 la ministerul Dezvolt\u0103rii Regionale este \u00eentr-o continu\u0103 mirare \u2013 cum este posibil s\u0103 nu le pese autorit\u0103\u021bilor locale cum iese o lucrare, cum este posibil c\u0103 fac\u0103 lucurile de m\u00e2ntuial\u0103, cum este posibil s\u0103-\u0219i bat\u0103 joc de banii oamenilor. Spune c\u0103 \u00een Marea Britanie, din banii cet\u0103\u021benilor, nimeni nu s-ar g\u00e2ndi, nimeni nu \u0219i-ar permite s\u0103 fac\u0103 a\u0219a ceva. \u0218i vrea ca aceast\u0103 cultur\u0103, ca aceast\u0103 mentalitate, ca aceste reguli pe care le-a deprins departe de cas\u0103 s\u0103 le implementeze \u0219i aici. Dar mai ales vrea ca cet\u0103\u021benii pl\u0103titori de taxe \u0219i impozite s\u0103 aib\u0103 preten\u021bia ca, pe banii lor, autorit\u0103\u021bile locale \u0219i centrale s\u0103 fac\u0103 lucr\u0103ri perfecte, nu \u00een b\u0103taie de joc ca acum. Am convingerea c\u0103 dac\u0103 mai mul\u021bi ingineri, mai mul\u021bi constructori rom\u00e2ni, care au muncit \u00een str\u0103in\u0103tate s-ar \u00eentoarce acas\u0103, fa\u021ba Rom\u00e2niei s-ar schimba.<\/p>\n<p><a href=\"https:\/\/oanastanciulescu.ro\/wp-content\/uploads\/2020\/02\/gabi.jpg\"><img decoding=\"async\" loading=\"lazy\" class=\"alignleft size-large wp-image-511\" src=\"https:\/\/oanastanciulescu.ro\/wp-content\/uploads\/2020\/02\/gabi-468x600.jpg\" alt=\"\" width=\"468\" height=\"600\" \/><\/a><\/p>\n<p>&nbsp;<\/p>\n<p>&nbsp;<\/p>\n<p>&nbsp;<\/p>\n<p>&nbsp;<\/p>\n<p>&nbsp;<\/p>\n<p>&nbsp;<\/p>\n<p>&nbsp;<\/p>\n<p>&nbsp;<\/p>\n<p>&nbsp;<\/p>\n<p>&nbsp;<\/p>\n<p>&nbsp;<\/p>\n<p>&nbsp;<\/p>\n<p>&nbsp;<\/p>\n<p>&nbsp;<\/p>\n<p>&nbsp;<\/p>\n<p>&nbsp;<\/p>\n<p>&nbsp;<\/p>\n<p>Un alt rom\u00e2n din Diaspor\u0103, o alt\u0103 poveste senza\u021bional\u0103. Pe Ovidiu Burdu\u0219a l-am cunoscut anul trecut, \u00een prim\u0103var\u0103, la Roma. Nu \u0219tiam cine este \u0219i cu ce se ocup\u0103. Am ascultat fascinat\u0103 povestea lui pre\u021b de c\u00e2teva ore. Ovidiu este un rom\u00e2n care a reu\u0219it \u00een ora\u0219ul celor \u0219apte coline. C\u00e2nd ai ajuns s\u0103 ai un hotel chiar pe celebrul Corso, cum mergi de la <em>Piazza del Popolo<\/em>\u00a0spre <em>Colosseum<\/em> pe st\u00eenga, la 3 minute de <em>Piazza di Spagna<\/em>, po\u021bi s\u0103 te consideri un afacerist de succes.<\/p>\n<p>\u00cen Italia a plecat \u00een urm\u0103 cu 17 ani. \u0218i nu de bine. I-a fost greu, la fel cum le-a fost multor rom\u00e2ni pleca\u021bi s\u0103 munceasc\u0103 \u00een str\u0103in\u0103tate. A reu\u0219it \u00eens\u0103 s\u0103 aib\u0103 nu unul, ci dou\u0103 hoteluri \u00een Roma, ambele centrale, primitoare, cu condi\u021bii excelente.<\/p>\n<p>&nbsp;<\/p>\n<p><a href=\"https:\/\/oanastanciulescu.ro\/wp-content\/uploads\/2020\/02\/ovidiu.jpg\"><img decoding=\"async\" loading=\"lazy\" class=\"alignleft size-large wp-image-512\" src=\"https:\/\/oanastanciulescu.ro\/wp-content\/uploads\/2020\/02\/ovidiu-336x600.jpg\" alt=\"\" width=\"336\" height=\"600\" srcset=\"https:\/\/oanastanciulescu.ro\/wp-content\/uploads\/2020\/02\/ovidiu-336x600.jpg 336w, https:\/\/oanastanciulescu.ro\/wp-content\/uploads\/2020\/02\/ovidiu-168x300.jpg 168w, https:\/\/oanastanciulescu.ro\/wp-content\/uploads\/2020\/02\/ovidiu.jpg 538w\" sizes=\"(max-width: 336px) 100vw, 336px\" \/><\/a><\/p>\n<p>\u0218i pentru c\u0103 a v\u0103zut cum se raporteaz\u0103 autorit\u0103\u021bile italiene la contibuabili a decis s\u0103 candideze la func\u021bia de consilier local \u00een Vrancea baronului ro\u0219iu Opri\u0219an ca s\u0103 pun\u0103 um\u0103rul la schimbarea \u00een care crede. <em>\u00a0A\u0219a c\u0103 din 2016 a devenit primul rom\u00e2n din Diaspora ales \u00eentr-un Consiliu Jude\u0163ean \u00een \u0163ar\u0103. <\/em>Ovidiu este convins c\u0103 p\u00e2n\u0103 la urm\u0103, prin implicarea fiec\u0103rui cet\u0103\u021bean care vrea s\u0103 fie respectat, situa\u021bia se va schimba \u0219i \u00een Rom\u00e2nia. A\u0219a c\u0103, dup\u0103 ce a fost ales consilier PNL, a \u00eenceput s\u0103 fac\u0103 naveta cu avionul, evident pl\u0103tit din banii lui, Roma &#8211; Foc\u0219ani, spre uimirea tuturor celorlal\u021bi, \u0219i spre sup\u0103rarea baronului Opri\u0219an. Un exemplu pe care cu siguran\u021b\u0103 \u00een viitor ar putea s\u0103 fie urmat \u0219i de al\u021bii \u2013 Ovidiu nu a venit s\u0103 se c\u0103p\u0103tuieasc\u0103, ci s\u0103 dea. Sunt sigur\u0103 c\u0103 s\u0103m\u00e2n\u021ba pus\u0103 de Ovidiu va da roade, iar exemplu lui va fi urmat \u0219i de al\u021bi concet\u0103\u021beni.<\/p>\n<p>Ovidiu a fost chemat acum la Bucure\u0219ti \u0219i a fost numit secretar de stat la Departamentul Rom\u00e2nilor de Pretutindeni din cadrul Guvernului Rom\u00e2niei, pozi\u021bie din care are de g\u00e2nd s\u0103-\u0219i ajute confra\u021bii din Diaspor\u0103, pentru c\u0103 el \u0219tie c\u00e2t de neagr\u0103 este p\u00e2inea\u00a0 pe care o m\u00e2n\u00e2nc\u0103 concet\u0103\u021benii no\u0219tri, cel pu\u021bin \u00een primii ani, \u00een str\u0103in\u0103tate, \u0219i mai ales cum ar putea s\u0103-i ajute.<\/p>\n<p>Drumul lui Ovidiu, ca \u0219i cel al lui Gabi nu se va opri aici. Sunt sigur\u0103 c\u0103 vom mai auzi de ei, sunt sigur\u0103 c\u0103 nu vor renun\u021ba indeiferent c\u00e2te piedici li s-ar pune, \u0219i cine \u0219tie, poate c\u0103 vor reu\u0219i, prin exemplul lor, s\u0103 schimbe mentalit\u0103\u021bi, iar rom\u00e2nii s\u0103-\u0219i fac\u0103 alte tradi\u021bii, bazete pe principii \u0219i respect.<\/p>\n<p>&nbsp;<\/p>\n<p><em>Cristina Buza\u0219u\u00a0a avut parte de alt fel de experin\u021be, ea fiind o t\u00e2n\u0103r\u0103 care a plecat mai \u00eent\u00e2i la studii \u00een str\u0103in\u0103tate, de unde \u0219i-a g\u0103sit loc de munc\u0103. Cristina a fost manager de proiecte \u0219i specialist \u00een domeniul afacerilor europene \u0219i al rela\u021biilor externe, cu o experien\u021b\u0103 profesional\u0103 de peste opt ani \u00een organiza\u021bii interna\u021bionale. Din pozi\u021bia de manager principal pentru Europa Central\u0103 \u0219i de Sud-Est la Banca European\u0103 pentru Reconstruc\u021bie \u0219i Dezvoltare (BERD), a fost cooptat\u0103 \u00een echipa pre\u0219edintelui Iohannis, ca mai apoi s\u0103-i fie propus un post de consilier de stat la Cabinetul premierului Orban. A acceptat imediat pentru c\u0103 \u0219i visul ei era, ca dup\u0103 ce \u00eenva\u021b\u0103 \u00een str\u0103in\u0103tate, s\u0103 se \u00eentoarc\u0103 acas\u0103 \u0219i s\u0103 pun\u0103 \u00een aplicare ceea ce a v\u0103zut \u00een institu\u021bii redutabile din \u021b\u0103ri cu democra\u021bii consolidate.<\/em><\/p>\n<p><a href=\"https:\/\/oanastanciulescu.ro\/wp-content\/uploads\/2020\/02\/cristina-orban-1.jpg\"><img decoding=\"async\" loading=\"lazy\" class=\"alignleft size-large wp-image-513\" src=\"https:\/\/oanastanciulescu.ro\/wp-content\/uploads\/2020\/02\/cristina-orban-1-600x400.jpg\" alt=\"\" width=\"600\" height=\"400\" srcset=\"https:\/\/oanastanciulescu.ro\/wp-content\/uploads\/2020\/02\/cristina-orban-1-600x400.jpg 600w, https:\/\/oanastanciulescu.ro\/wp-content\/uploads\/2020\/02\/cristina-orban-1-300x200.jpg 300w, https:\/\/oanastanciulescu.ro\/wp-content\/uploads\/2020\/02\/cristina-orban-1-768x512.jpg 768w, https:\/\/oanastanciulescu.ro\/wp-content\/uploads\/2020\/02\/cristina-orban-1.jpg 960w\" sizes=\"(max-width: 600px) 100vw, 600px\" \/><\/a><\/p>\n<p><em>Dup\u0103 terminarea studiilor, Cristina a mai lucrat pe post de consultant \u00een politici publice (Policy Advisor) \u00een Parlamentul European \u0219i \u00een consultan\u021b\u0103 de management strategic. \u00a0\u00a0<\/em><\/p>\n<p><em>Cristina a absolvit un program de master \u00een economie politic\u0103 \u0219i afaceri europene la London School of Economics (LSE) \u0219i a urmat cursuri de pregatire la Cambridge University \u0219i Georgetown University. A colaborat de-a lungul timpului cu mai multe institute de cercetare \u0219i organiza\u021bii neguvernamentale.<\/em><\/p>\n<p><em>Cristina a reu\u0219it ceea ce \u0219i-a propus &#8211; \u00a0s\u0103 \u00ee\u0219i foloseasc\u0103 cuno\u0219tin\u021bele profesionale dob\u00e2ndite pentru a contribui la dezvoltarea economic\u0103 \u0219i consolidarea democratic\u0103 a Rom\u00e2niei.<\/em><\/p>\n<p><a href=\"https:\/\/oanastanciulescu.ro\/wp-content\/uploads\/2020\/02\/cristina-orban.jpg\"><img decoding=\"async\" loading=\"lazy\" class=\"alignleft size-large wp-image-514\" src=\"https:\/\/oanastanciulescu.ro\/wp-content\/uploads\/2020\/02\/cristina-orban-600x400.jpg\" alt=\"\" width=\"600\" height=\"400\" srcset=\"https:\/\/oanastanciulescu.ro\/wp-content\/uploads\/2020\/02\/cristina-orban-600x400.jpg 600w, https:\/\/oanastanciulescu.ro\/wp-content\/uploads\/2020\/02\/cristina-orban-300x200.jpg 300w, https:\/\/oanastanciulescu.ro\/wp-content\/uploads\/2020\/02\/cristina-orban-768x512.jpg 768w, https:\/\/oanastanciulescu.ro\/wp-content\/uploads\/2020\/02\/cristina-orban.jpg 960w\" sizes=\"(max-width: 600px) 100vw, 600px\" \/><\/a><\/p>\n<p>Trei rom\u00e2ni din Diaspora nu doar c\u0103 s-au \u00eentors acas\u0103, ci au fost coopta\u021bi \u0219i \u00een guvernul Orban, \u00een func\u021bii din care pot s\u0103 aib\u0103 un cuv\u00e2nt de spus. Un \u00eenceput de drum, un exemplu de urmat \u0219i pentru al\u021bi concet\u0103\u021beni care-\u0219i doresc s\u0103 se \u00eentoarc\u0103 acas\u0103.<\/p>\n","protected":false},"excerpt":{"rendered":"<p>Primii trei rom\u00e2ni din diaspora coopta\u021bi \u00een guvernul Orban sunt tineri care au performat \u00een domenii diferite. Cristina Buza\u0219u, Gabriel Stanciu \u0219i Ovidiu Burdu\u0219a munceau anul trecut \u00een Marea Britanie \u0219i Italia, iar acum&#46;&#46;&#46;<\/p>\n","protected":false},"author":2,"featured_media":0,"comment_status":"open","ping_status":"open","sticky":false,"template":"","format":"standard","meta":[],"categories":[2],"tags":[194,246,103],"_links":{"self":[{"href":"https:\/\/oanastanciulescu.ro\/index.php\/wp-json\/wp\/v2\/posts\/509"}],"collection":[{"href":"https:\/\/oanastanciulescu.ro\/index.php\/wp-json\/wp\/v2\/posts"}],"about":[{"href":"https:\/\/oanastanciulescu.ro\/index.php\/wp-json\/wp\/v2\/types\/post"}],"author":[{"embeddable":true,"href":"https:\/\/oanastanciulescu.ro\/index.php\/wp-json\/wp\/v2\/users\/2"}],"replies":[{"embeddable":true,"href":"https:\/\/oanastanciulescu.ro\/index.php\/wp-json\/wp\/v2\/comments?post=509"}],"version-history":[{"count":3,"href":"https:\/\/oanastanciulescu.ro\/index.php\/wp-json\/wp\/v2\/posts\/509\/revisions"}],"predecessor-version":[{"id":517,"href":"https:\/\/oanastanciulescu.ro\/index.php\/wp-json\/wp\/v2\/posts\/509\/revisions\/517"}],"wp:attachment":[{"href":"https:\/\/oanastanciulescu.ro\/index.php\/wp-json\/wp\/v2\/media?parent=509"}],"wp:term":[{"taxonomy":"category","embeddable":true,"href":"https:\/\/oanastanciulescu.ro\/index.php\/wp-json\/wp\/v2\/categories?post=509"},{"taxonomy":"post_tag","embeddable":true,"href":"https:\/\/oanastanciulescu.ro\/index.php\/wp-json\/wp\/v2\/tags?post=509"}],"curies":[{"name":"wp","href":"https:\/\/api.w.org\/{rel}","templated":true}]}}