{"id":586,"date":"2023-03-04T08:39:53","date_gmt":"2023-03-04T08:39:53","guid":{"rendered":"https:\/\/oanastanciulescu.ro\/?p=586"},"modified":"2023-03-04T08:43:22","modified_gmt":"2023-03-04T08:43:22","slug":"politia-romana-te-gaseste-doar-daca-te-intorci-singur-cei-rapiti-sau-ucisi-raman-in-dosare-nerezolvate-unde-este-studenta-din-sibiu","status":"publish","type":"post","link":"https:\/\/oanastanciulescu.ro\/index.php\/2023\/03\/04\/politia-romana-te-gaseste-doar-daca-te-intorci-singur-cei-rapiti-sau-ucisi-raman-in-dosare-nerezolvate-unde-este-studenta-din-sibiu\/","title":{"rendered":"Poli\u021bia Rom\u00e2n\u0103 te g\u0103se\u0219te doar dac\u0103 te \u00eentorci singur. Cei r\u0103pi\u021bi sau uci\u0219i r\u0103m\u00e2n \u00een dosare nerezolvate\/ Unde este studenta din Sibiu?"},"content":{"rendered":"<p>Un caz de dispari\u021bie este tratat \u00een Rom\u00e2nia cu o nefireasc\u0103 nep\u0103sare, chiar \u0219i de societate. Se activeaz\u0103 roti\u021bele doar atunci c\u00e2nd cazul respectiv ajunge \u00een pres\u0103, moment \u00een care poli\u021bia \u00a0desf\u0103\u0219oar\u0103 c\u00e2teva ac\u021biuni de imagine, iar rezultatul aproape c\u0103 nu mai intereseaz\u0103 pe nimeni.<\/p>\n<p>O student\u0103 din Sibiu este c\u0103utat\u0103 dup\u0103 o LUN\u0102 de la dispari\u021bie cu un elicopter, drone \u0219i sute de voluntari. Desigur, dac\u0103 vrei s\u0103-i g\u0103se\u0219ti cadavrul, dar dac\u0103 ar fi \u00een via\u021b\u0103?<\/p>\n<p>Observ c\u0103 aceasta este problema autorit\u0103\u021bilor din Rom\u00e2nia \u2013 sunt preg\u0103tite s\u0103 scoat\u0103 oameni de sub d\u0103r\u00e2m\u0103turi \u00een caz de cutremur, s\u0103 str\u00e2ng\u0103 cadavrele de pe \u0219osele dup\u0103 accidentele rutiere, s\u0103 caute cadavrele din p\u0103dure, dar rareori sunt preocupate s\u0103 nu ajungi \u00een aceast\u0103 situa\u021bie, s\u0103 te salveze, s\u0103 intervin\u0103 \u00eenainte.<\/p>\n<p>\u00cen cazul de fa\u021b\u0103, poli\u021bi\u0219tii, elicoperul \u0219i dronele caut\u0103 o fat\u0103 \u00eentr-o p\u0103dure la o lun\u0103 de la dispari\u021bie. O zi sau mai multe? Au g\u0103sit ceva dronele sau nu? Pur \u0219i simplu este de ne\u00een\u021beles. \u00cen lipsa unei conferin\u021be de pres\u0103 a poli\u021biei \u00een care s\u0103 anun\u021be \u0219i alte m\u0103suri, r\u0103m\u00e2n mai multe \u00eentreb\u0103ri:<\/p>\n<ul>\n<li>S-a discutat cu to\u021bi colegii, profesorii, vecinii, prietenii?<\/li>\n<li>S-au g\u0103sit camere video pe traseu, s-au g\u0103sit imagini?<\/li>\n<li>S-a discutat la frontier\u0103?<\/li>\n<li>Are conturi de socializare?<\/li>\n<li>Are telefon, l-au localizat, e desc\u0103rcat?<\/li>\n<li>Exist\u0103 un fir oric\u00e2t de mic al poli\u021bi\u0219tilor care s\u0103 duc\u0103 la un rezultat?<\/li>\n<\/ul>\n<p>\u00cen Rom\u00e2nia au disp\u0103rut, \u00een ultimii 30 de ani, 87.018 de persoane, dintre care \u00een cazul a 54.689 de persoane au fost revocarea c\u0103ut\u0103rilor, dup\u0103 ce acestea au fost g\u0103site de autorit\u0103\u021bi, de rude, s-au \u00eentors singure sau au fost g\u0103site decedate.<\/p>\n<p>54.214 dintre copiii disp\u0103ru\u021bi sunt minori, iar 32.804 au v\u00e2rsta de peste 18 ani.<\/p>\n<p>Dar nici aceste date nu sunt complete, sunt ani \u00een care nu exist\u0103 nicio situa\u021bia. S\u0103 sper\u0103m c\u0103 studenta din Sibiu nu va devebi o cifr\u0103 \u00een documentele MAI.<\/p>\n","protected":false},"excerpt":{"rendered":"<p>Un caz de dispari\u021bie este tratat \u00een Rom\u00e2nia cu o nefireasc\u0103 nep\u0103sare, chiar \u0219i de societate. Se activeaz\u0103 roti\u021bele doar atunci c\u00e2nd cazul respectiv ajunge \u00een pres\u0103, moment \u00een care poli\u021bia \u00a0desf\u0103\u0219oar\u0103 c\u00e2teva ac\u021biuni&#46;&#46;&#46;<\/p>\n","protected":false},"author":2,"featured_media":588,"comment_status":"open","ping_status":"open","sticky":false,"template":"","format":"standard","meta":[],"categories":[2],"tags":[299,296,298,297,103,295,294],"_links":{"self":[{"href":"https:\/\/oanastanciulescu.ro\/index.php\/wp-json\/wp\/v2\/posts\/586"}],"collection":[{"href":"https:\/\/oanastanciulescu.ro\/index.php\/wp-json\/wp\/v2\/posts"}],"about":[{"href":"https:\/\/oanastanciulescu.ro\/index.php\/wp-json\/wp\/v2\/types\/post"}],"author":[{"embeddable":true,"href":"https:\/\/oanastanciulescu.ro\/index.php\/wp-json\/wp\/v2\/users\/2"}],"replies":[{"embeddable":true,"href":"https:\/\/oanastanciulescu.ro\/index.php\/wp-json\/wp\/v2\/comments?post=586"}],"version-history":[{"count":1,"href":"https:\/\/oanastanciulescu.ro\/index.php\/wp-json\/wp\/v2\/posts\/586\/revisions"}],"predecessor-version":[{"id":587,"href":"https:\/\/oanastanciulescu.ro\/index.php\/wp-json\/wp\/v2\/posts\/586\/revisions\/587"}],"wp:featuredmedia":[{"embeddable":true,"href":"https:\/\/oanastanciulescu.ro\/index.php\/wp-json\/wp\/v2\/media\/588"}],"wp:attachment":[{"href":"https:\/\/oanastanciulescu.ro\/index.php\/wp-json\/wp\/v2\/media?parent=586"}],"wp:term":[{"taxonomy":"category","embeddable":true,"href":"https:\/\/oanastanciulescu.ro\/index.php\/wp-json\/wp\/v2\/categories?post=586"},{"taxonomy":"post_tag","embeddable":true,"href":"https:\/\/oanastanciulescu.ro\/index.php\/wp-json\/wp\/v2\/tags?post=586"}],"curies":[{"name":"wp","href":"https:\/\/api.w.org\/{rel}","templated":true}]}}