{"id":598,"date":"2023-03-05T06:10:34","date_gmt":"2023-03-05T06:10:34","guid":{"rendered":"https:\/\/oanastanciulescu.ro\/?p=598"},"modified":"2023-03-05T06:10:43","modified_gmt":"2023-03-05T06:10:43","slug":"cinci-exemple-care-arata-ca-statul-roman-te-omoara-cu-zile","status":"publish","type":"post","link":"https:\/\/oanastanciulescu.ro\/index.php\/2023\/03\/05\/cinci-exemple-care-arata-ca-statul-roman-te-omoara-cu-zile\/","title":{"rendered":"Cinci exemple care arat\u0103 c\u0103 statul rom\u00e2n te omoar\u0103 cu zile"},"content":{"rendered":"<p>Indolen\u021ba autorit\u0103\u021bilor rom\u00e2ne este pe cale s\u0103 devin\u0103 criminal\u0103.<\/p>\n<p>Tot aud \u00een ultima vreme c\u00e2t de mult sunt preg\u0103tite autort\u0103\u021bie rom\u00e2ne s\u0103 gestioneze situa\u021bia dup\u0103 petrecerea unei catastrofe \u2013 cutremur, r\u0103zboi etc. Sunt preg\u0103tite s\u0103 scoat\u0103 lumea de sub d\u0103r\u00e2m\u0103turi, dar nu fac nimic ca s\u0103 nu ajung\u0103 sub d\u0103r\u00e2m\u0103turi. E valabil pentru orice situa\u021bie. A\u0219teapt\u0103 cu m\u00e2inile \u00een s\u00e2n s\u0103 se petreac\u0103 ca mai apoi s\u0103 arate de bine gestioneaz\u0103 dezastrul. Iat\u0103 doar cinci exemple \u00een care statul rom\u00e2na ar fi trebuit ca dup\u0103 un an de la izbuncnirea r\u0103zboiului la grani\u021b\u0103 s\u0103 se opcupe, iar acum s\u0103 fi anun\u021bat popula\u021bia c\u0103 este \u00een siguran\u021b\u0103, din acest punc de vedere. A fost un an \u00eens\u0103 \u00een care s-au luptat s\u0103-\u0219i acorde salarii mai mari, pensii speciale \u0219i sporuri \u0219i pentru c\u0103 respir\u0103.<\/p>\n<p>1. <strong>Sirene nefunc\u021bionale<\/strong>. Dup\u0103 exerci\u021biul de miercuri, <a href=\"https:\/\/www.digi24.ro\/stiri\/actualitate\/raed-arafat-15-dintre-sirenele-de-avertizare-testate-miercuri-sunt-nefunctionale-2271887\" target=\"_blank\" rel=\"noopener\">Raed Arafa<\/a>t anun\u021b\u0103 cu non\u0219alan\u021b\u0103 c\u0103 15% dintre sirenele de avertizare testate sunt nefunc\u021bionale. Doar c\u0103 astfel de exerci\u021bii au fost f\u0103cute aproape \u00een fiecare an. Cum este posibil ca dup\u0103 izbucnirea r\u0103zboiului \u00een Ucraina, \u00een urm\u0103 cu exect un an, autorit\u0103\u021bile s\u0103 nu rezolve aceast\u0103 problem\u0103.<\/p>\n<p>2.<strong>Sirenele silen\u021bioase<\/strong>. La exerci\u021biul de miercuri, sirenele pe care le autorit\u0103\u021bile consider\u0103 c\u0103 sunt func\u021bionale au, \u00een multe cazuri, aproape silen\u021bioase. Ideea unor astfel de modalit\u0103\u021bi de alermare este s\u0103 fie auzite \u0219i \u00een case, nu doar pe strad\u0103, \u0219i de persoanele \u00een v\u00e2rst\u0103, care au probleme cu auzul, nu doar de cei tineri.<\/p>\n<p><strong>3.Ad\u0103posturi de protec\u021bie civil\u0103<\/strong>. Sub 3% din rom\u00e2ni \u00eencap \u00een ad\u0103posturile de protec\u021bie civil\u0103 \u00een cazul unui dezastru, conform informa\u021biilor colectate de <a href=\"https:\/\/www.info-sud-est.ro\/exclusiv-sub-3-din-romani-incap-in-adaposturile-de-protectie-civila-in-cazul-unui-dezastru-situatia-buncarelor-in-europa-harti-infografice\/\" target=\"_blank\" rel=\"noopener\">Info Sud-Est<\/a> de la toate inspectoratele pentru situa\u021bii de urgen\u021b\u0103 din \u021bar\u0103. Prin compara\u021bie, Finlanda \u0219i Elve\u021bia au capacitatea de a-\u0219i ad\u0103posti aproape to\u021bi locuitorii, Danemarca \u0219i Suedia aproximativ 80% din popula\u021bie, iar Germania a \u00eenceput s\u0103-\u0219i modernizeze ad\u0103posturile \u0219i s\u0103 creasc\u0103 bugetul pentru protec\u021bia civil\u0103, dup\u0103 r\u0103zboiul din Ucraina. Printre ora\u0219ele care nu au alocat niciun leu anul trecut pentru reabilitarea ad\u0103posturilor antiaeriene se afl\u0103 Vaslui, Piatra Neam\u021b, Boto\u0219ani, C\u0103l\u0103ra\u0219i, Sf\u00e2ntu Gheorghe, Giurgiu, Slatina \u0219i Pite\u0219ti.<\/p>\n<p>4.<strong>Spitale care se pr\u0103bu\u0219esc la cutremur.<\/strong> Peste jum\u0103tate dintre spitalele Ministerului S\u0103n\u0103t\u0103\u021bii sunt mai vechi de 60 de ani \u0219i se pot pr\u0103bu\u0219i la cutremur, potrivit <a href=\"https:\/\/www.curteadeconturi.ro\/uploads\/952b0fd4\/f72b73a5\/812f0ac2\/e213dfe9\/89b8d598\/afbd0f06\/36b875cc\/bd7b86ef\/SINTEZA_RAPORT_AUDIT_PERFORM_RUI_MS_24022023__1_.pdf\" target=\"_blank\" rel=\"noopener\">raportului<\/a> Cur\u021bii de Conturi. Pe lista spitalelor cu risc seismic sunt \u0219i spitale cunoscute din Bucure\u0219ti \u0219i c\u0103utate de pacien\u021bi din toat\u0103 \u021bara, precum Spitalul Col\u021bea, Spitalul de Boli Infec\u021bioase Victor Babe\u0219, Maternit\u0103\u021bile Bucur, Giule\u0219ti \u0219i Filantropia \u0219i Spitalul Colentina.<\/p>\n<p>5. <strong>\u0218coli \u0219i gr\u0103dini\u021be care se pr\u0103bu\u0219esc la cutremur<\/strong>. 118\u00a0 institu\u0163ii de \u00eenv\u0103\u0163\u0103m\u00e2nt sunt \u00eencadrate \u00een clasa \u00eent\u00e2i de risc seismic, iar premierul a cerut reabilitarea lor urgent\u0103. Pre\u0219edintele <a href=\"https:\/\/www.hotnews.ro\/stiri-politic-24654054-klaus-iohannis-peste-40-dintre-scoli-sunt-amplasate-zone-risc-seismic-ridicat.htm\" target=\"_blank\" rel=\"noopener\">Klaus Iohannis<\/a> spunea, \u00een martie anul acesta, c\u0103 peste 40% din cl\u0103dirile \u00een care func\u021bioneaz\u0103 \u0219coli se afl\u0103 \u00een zone cu risc seismic ridicat. \u00cen Bucure\u0219ti, mai bine de jum\u0103tate dintre \u0219colile, GR\u0102DINI\u021aELE \u0219i liceele de stat sunt \u00eencadrate \u00een clase de risc.<\/p>\n<p>\u00cen cazul unui cutremur puternic, trei sferturi din popula\u021bia Rom\u00e2niei ar avea de suferit, potrivit unui raport din 2016 al <a href=\"https:\/\/igsu.ro\/Resources\/COJ\/ProgrameStrategii\/pdf24_merged.pdf\" target=\"_blank\" rel=\"noopener\">Inspectoratului General pentru Situa\u021bii de Urgen\u021b\u0103. <\/a><\/p>\n<p>Ce au f\u0103cut autorit\u0103\u021bile din 2016 p\u00e2n\u0103 ast\u0103zi, dac\u0103 ne afl\u0103m \u00een aceea\u0219i situa\u021bie?<\/p>\n<p>Ce fac autorit\u0103\u021bile ast\u0103zi? Sau s\u0103pt\u0103m\u00e2na viitoare?<\/p>\n<p>C\u00e2\u021bi bani vor merge \u00een aceast\u0103 direc\u021bie \u0219i care este calendarul recep\u021biei lucr\u0103rilor?<\/p>\n<p>\u00cei r\u0103m\u00e2ne timp coali\u021biei PNL-PSD s\u0103 rezolve aceste problme urgente pentru popula\u021bie dup\u0103 ce stabile\u0219te listele cu func\u021bii pe care s\u0103 le ocupe 20 de ani de acum \u00eencolo, dac\u0103 o s\u0103 supravie\u021buiasc\u0103?<\/p>\n<p>&nbsp;<\/p>\n<p>&nbsp;<\/p>\n","protected":false},"excerpt":{"rendered":"<p>Indolen\u021ba autorit\u0103\u021bilor rom\u00e2ne este pe cale s\u0103 devin\u0103 criminal\u0103. Tot aud \u00een ultima vreme c\u00e2t de mult sunt preg\u0103tite autort\u0103\u021bie rom\u00e2ne s\u0103 gestioneze situa\u021bia dup\u0103 petrecerea unei catastrofe \u2013 cutremur, r\u0103zboi etc. Sunt preg\u0103tite&#46;&#46;&#46;<\/p>\n","protected":false},"author":2,"featured_media":599,"comment_status":"open","ping_status":"open","sticky":false,"template":"","format":"standard","meta":[],"categories":[2],"tags":[318,317,314,310,312,315,316,313,311,91],"_links":{"self":[{"href":"https:\/\/oanastanciulescu.ro\/index.php\/wp-json\/wp\/v2\/posts\/598"}],"collection":[{"href":"https:\/\/oanastanciulescu.ro\/index.php\/wp-json\/wp\/v2\/posts"}],"about":[{"href":"https:\/\/oanastanciulescu.ro\/index.php\/wp-json\/wp\/v2\/types\/post"}],"author":[{"embeddable":true,"href":"https:\/\/oanastanciulescu.ro\/index.php\/wp-json\/wp\/v2\/users\/2"}],"replies":[{"embeddable":true,"href":"https:\/\/oanastanciulescu.ro\/index.php\/wp-json\/wp\/v2\/comments?post=598"}],"version-history":[{"count":3,"href":"https:\/\/oanastanciulescu.ro\/index.php\/wp-json\/wp\/v2\/posts\/598\/revisions"}],"predecessor-version":[{"id":602,"href":"https:\/\/oanastanciulescu.ro\/index.php\/wp-json\/wp\/v2\/posts\/598\/revisions\/602"}],"wp:featuredmedia":[{"embeddable":true,"href":"https:\/\/oanastanciulescu.ro\/index.php\/wp-json\/wp\/v2\/media\/599"}],"wp:attachment":[{"href":"https:\/\/oanastanciulescu.ro\/index.php\/wp-json\/wp\/v2\/media?parent=598"}],"wp:term":[{"taxonomy":"category","embeddable":true,"href":"https:\/\/oanastanciulescu.ro\/index.php\/wp-json\/wp\/v2\/categories?post=598"},{"taxonomy":"post_tag","embeddable":true,"href":"https:\/\/oanastanciulescu.ro\/index.php\/wp-json\/wp\/v2\/tags?post=598"}],"curies":[{"name":"wp","href":"https:\/\/api.w.org\/{rel}","templated":true}]}}