{"id":603,"date":"2023-03-05T08:00:35","date_gmt":"2023-03-05T08:00:35","guid":{"rendered":"https:\/\/oanastanciulescu.ro\/?p=603"},"modified":"2023-03-05T08:01:08","modified_gmt":"2023-03-05T08:01:08","slug":"cursa-pentru-a-scoate-ultimii-copii-din-bakhmut-din-orasul-devit-iadul-pe-pamant-ingerii-albi-se-ocupa-de-copii-ingerii-negri-de-morti","status":"publish","type":"post","link":"https:\/\/oanastanciulescu.ro\/index.php\/2023\/03\/05\/cursa-pentru-a-scoate-ultimii-copii-din-bakhmut-din-orasul-devit-iadul-pe-pamant-ingerii-albi-se-ocupa-de-copii-ingerii-negri-de-morti\/","title":{"rendered":"Curs\u0103 pentru a scoate ultimii copii din Bakhmut, ora\u0219ul devenit \u201eiadul pe p\u0103m\u00e2nt\u201d\/ \u00cengerii albi se ocup\u0103 de copii, \u00cengerii negri de mor\u021bi"},"content":{"rendered":"<p>Relat\u0103rile jurnali\u0219tilor englezi de pe c\u00e2mpul de lupt\u0103 din Ucraina sunt dezastatoare, pentru c\u0103 este vorba \u00een primul r\u00e2nd despre civili, copiii \u0219i b\u0103tr\u00e2ni, oameni nevinova\u021bi, victime ale atrocit\u0103\u021bilor s\u0103v\u00e2r\u0219ite de soldavii ru\u0219i. Aproape c\u0103 nu mai po\u021bi vorbi despre solda\u021bi c\u00e2nd ai at\u00e2tea tragedii din r\u00e2ndul civililor. Jurnali\u0219tii britanici vorbesc despre metaforele geberate \u00een timpul r\u0103zboiului, cele care au ap\u0103rut pe front pentru a ilustra ceea ce se \u00eent\u00e2mpl\u0103 pe teren.<\/p>\n<p><span class=\"Y2IQFc\" lang=\"ro\">\u00cen b\u0103t\u0103lia pentru ora\u0219ul Bakhmut, amenin\u021bat cu o \u00eencercuire final\u0103 de c\u0103tre for\u021bele ruse dup\u0103 \u0219apte luni de lupte acerbe, au ap\u0103rut dou\u0103 categorii de salvatori- \u201e\u00cengerii albi\u201d \u0219i \u201e\u00cengerii \u00eentuneca\u021bi\u201d. <\/span><\/p>\n<p><span class=\"Y2IQFc\" lang=\"ro\">\u00cengerii albi \u00eel contituie un grup de evacuare a poli\u021biei, care cutreier\u0103 cartierele ora\u0219ului ruinat de obuze pentru a evacua copiii \u0219i b\u0103tr\u00e2nii. Omologul lor, \u00cengerii \u00centuneca\u021bi, \u00eei scot pe mor\u021bi.<\/span><\/p>\n<p>Condi\u021biile de evacuare a civililor sunt extrem de dificile, din mai multe motive. \u00cen primul r\u00e2nd, faptul c\u0103 sunt sub asediu \u0219i pot oric\u00e2nd s\u0103 fie victimele unui atac, c\u0103ile de acces, drumurile, autostrada, toate sunt distruse. \u00cen plus, frica p\u0103rin\u021bilor sau bunicilor, care au \u00een grij\u0103 copii de a se desparte de ei, cu at\u00e2t mai mult cu c\u00e2t au existat zvonuri c\u0103 se vor lua cu for\u021ba. \u00cengerii albi le-au relatat jurnali\u0219tilor britanici c\u0103 doar cei care doresc s\u0103 plece cu copiii sunt evacua\u021bi, nu exist\u0103 obliga\u021bia s\u0103 o fac\u0103. Mul\u021bi dintre ei nu vor s\u0103-\u0219i p\u0103r\u0103seasc\u0103 locuin\u021bele deoarece nu au bani, nu au unde s\u0103 meag\u0103, \u0219i ca atare \u0219i-au improvizat la subsoluri ad\u0103posturi unde \u00ee\u0219i duc copiii. \u00cengerii albi au fost nevoi\u021bi s\u0103 vin\u0103 cu fotografii ale apartamentelor unde vor fi du\u0219i, astfel \u00eenc\u00e2t s\u0103-i lini\u0219teasc\u0103 pe oameni.<\/p>\n<p><span class=\"Y2IQFc\" lang=\"ro\">Centrul de Invincibilitate este locul \u00een care cele c\u00e2teva mii de civili care au r\u0103mas pot g\u0103si ap\u0103 \u0219i m\u00e2ncare cald\u0103 g\u0103tite de voluntarii care au r\u0103mas \u00een ora\u0219, chiar dac\u0103 \u00een ultimele dou\u0103 s\u0103pt\u0103m\u00e2ni s-a confruntat cu o amenin\u021bare tot mai mare.<\/span><\/p>\n<p>\u00cen timp ce for\u021bele ruse se apropie, poli\u021bia \u00eencearc\u0103 s\u0103-i conving\u0103 pe cet\u0103\u021benii r\u0103ma\u0219i s\u0103 ias\u0103, chiar dac\u0103 toate c\u0103ile de acces sunt atacate. Dar s\u0103 r\u0103m\u00e2i nu mai este o solu\u021bie.<\/p>\n<p>Foto- Facebook Radu Hossu<\/p>\n","protected":false},"excerpt":{"rendered":"<p>Relat\u0103rile jurnali\u0219tilor englezi de pe c\u00e2mpul de lupt\u0103 din Ucraina sunt dezastatoare, pentru c\u0103 este vorba \u00een primul r\u00e2nd despre civili, copiii \u0219i b\u0103tr\u00e2ni, oameni nevinova\u021bi, victime ale atrocit\u0103\u021bilor s\u0103v\u00e2r\u0219ite de soldavii ru\u0219i. Aproape&#46;&#46;&#46;<\/p>\n","protected":false},"author":2,"featured_media":604,"comment_status":"open","ping_status":"open","sticky":false,"template":"","format":"standard","meta":[],"categories":[2],"tags":[303,323,145,319,320,321,322,324,301],"_links":{"self":[{"href":"https:\/\/oanastanciulescu.ro\/index.php\/wp-json\/wp\/v2\/posts\/603"}],"collection":[{"href":"https:\/\/oanastanciulescu.ro\/index.php\/wp-json\/wp\/v2\/posts"}],"about":[{"href":"https:\/\/oanastanciulescu.ro\/index.php\/wp-json\/wp\/v2\/types\/post"}],"author":[{"embeddable":true,"href":"https:\/\/oanastanciulescu.ro\/index.php\/wp-json\/wp\/v2\/users\/2"}],"replies":[{"embeddable":true,"href":"https:\/\/oanastanciulescu.ro\/index.php\/wp-json\/wp\/v2\/comments?post=603"}],"version-history":[{"count":4,"href":"https:\/\/oanastanciulescu.ro\/index.php\/wp-json\/wp\/v2\/posts\/603\/revisions"}],"predecessor-version":[{"id":608,"href":"https:\/\/oanastanciulescu.ro\/index.php\/wp-json\/wp\/v2\/posts\/603\/revisions\/608"}],"wp:featuredmedia":[{"embeddable":true,"href":"https:\/\/oanastanciulescu.ro\/index.php\/wp-json\/wp\/v2\/media\/604"}],"wp:attachment":[{"href":"https:\/\/oanastanciulescu.ro\/index.php\/wp-json\/wp\/v2\/media?parent=603"}],"wp:term":[{"taxonomy":"category","embeddable":true,"href":"https:\/\/oanastanciulescu.ro\/index.php\/wp-json\/wp\/v2\/categories?post=603"},{"taxonomy":"post_tag","embeddable":true,"href":"https:\/\/oanastanciulescu.ro\/index.php\/wp-json\/wp\/v2\/tags?post=603"}],"curies":[{"name":"wp","href":"https:\/\/api.w.org\/{rel}","templated":true}]}}