{"id":703,"date":"2023-03-09T03:54:31","date_gmt":"2023-03-09T03:54:31","guid":{"rendered":"https:\/\/oanastanciulescu.ro\/?p=703"},"modified":"2023-03-10T07:05:01","modified_gmt":"2023-03-10T07:05:01","slug":"viteazul-sorin-grindeanu-a-pornit-la-lupta-vietii-lui","status":"publish","type":"post","link":"https:\/\/oanastanciulescu.ro\/index.php\/2023\/03\/09\/viteazul-sorin-grindeanu-a-pornit-la-lupta-vietii-lui\/","title":{"rendered":"Viteazul Sorin Grindeanu a pornit la lupta vie\u021bii lui"},"content":{"rendered":"<p>Ieri, pe toate televiziunile trona \u00een direct Sorin Grindeanu, despre care tot aud c\u0103 este un mare politician, dar mai ales un mare ministru al Transporturilor, f\u0103r\u0103 de care trenurile, avioanele \u0219i navele nu ar mai circula.<\/p>\n<p>M-am g\u00e2ndit c\u0103, \u00een sf\u00e2r\u0219it fie a dragat canalul B\u00e2stroe cu m\u00e2na \u0219i \u0219alupa lui, fie un TGV, un tren de mare vitez\u0103, se apropie de teritoriul Rom\u00e2niei \u0219i e o problem\u0103 de siguran\u021b\u0103 na\u021bional\u0103, deoarece \u0219inele de tren rom\u00e2ne\u0219ti nu ar suporta acest lucru.<\/p>\n<p>\u0218i asta pentru c\u0103 din dou\u0103 \u00een dou\u0103 vorbe spunea \u201e\u00eemi asum\u201d. \u00cemi asum, de\u0219i nu este pe placul opiniei publice, \u00eemi asum de\u0219i nu este pe placul dvs, \u00eemi asum, \u00eemi asum. Mi-am zis \u2013 stai s\u0103 vezi c\u0103 fie \u00ee\u0219i d\u0103 demisia, fie \u00ee\u0219i d\u0103 leafa baban\u0103, fie \u00ee\u0219i d\u0103 pensia special\u0103, fie limuzina. \u0218i asta nu ar fi pe placul altor colegi de-ai s\u0103i, de aceea \u00ee\u0219i asum\u0103 bietul om.<\/p>\n<p>E viteaz! Doar la asta te g\u00e2ndeai \u2013 s\u0103racu b\u0103iat, uite c\u0103 totu\u0219i \u00ee\u0219i asum\u0103.<\/p>\n<p>C\u00e2nd colo, \u00ee\u0219i asuma s\u0103 cumpere o aeronav\u0103 preziden\u021bial\u0103 \u00een care sper\u0103 s\u0103 se l\u0103f\u0103ie el \u0219i cu Marcel Ciolacu, care se viseaz\u0103 pre\u0219edintele Republicii. Dubaiul \u00eei a\u0219teapt\u0103. S\u0103 moar\u0103 de necaz Omar Hayssam!<\/p>\n<p>\u00cenduie\u0219\u0103tor este \u0219i faptul c\u0103 a vrut s\u0103 cumpere pu\u021bin \u0219i presa, pe care promite s\u0103 o \u00eembarce \u00een avionul preziden\u021bial.<\/p>\n<p>Sorin Grindeanu: \u201eO chestiune pe care statul rom\u00e2n, din punctul meu de vedere, trebuie s\u0103 o rezolve &#8211; <strong>\u015fi \u00eemi asum acest lucru<\/strong>, chiar dac\u0103 voi atrage critici. <strong>La fel cum alte state din lumea aceasta<\/strong> au o aeronav\u0103 oficial\u0103, eu cred c\u0103 \u015fi <strong>statul rom\u00e2n e necesar s\u0103 aib\u0103 a\u015fa ceva<\/strong>, care s\u0103 deserveasc\u0103 Administra\u0163ia Preziden\u0163ial\u0103, Guvernul \u015fi celelalte institu\u0163ii, pentru c\u0103 de foarte multe ori, poate e cazul \u015fi acum, la aceast\u0103 vizit\u0103 (a pre\u015fedintelui Klaus Iohannis \u00een Japonia &#8211; n.r.), <strong>inclusiv dumneavoastr\u0103, presa<\/strong>, c\u00e2nd merge\u0163i \u00een anumite deplas\u0103ri, cred c\u0103 ar fi mult mai facil s\u0103 se \u00eent\u00e2mple \u00een mod organizat \u015fi \u00eempreun\u0103 cu toat\u0103 delega\u0163ia oficial\u0103. Eu cred c\u0103 e un standard pe care trebuie s\u0103 \u00eel atingem \u015fi noi \u015fi e nevoie de a\u015fa ceva\u201d, a spus Grindeanu la Palatul Parlamentului.<\/p>\n<p>Sorin Grindeanu: \u201eEu cred c\u0103 e necesar\u0103 aceast\u0103 cheltuial\u0103. \u00cen momentul \u00een care ai o aeronav\u0103 de acest tip, cred c\u0103 lucrurile sunt transparente la maxim, pentru c\u0103 sunt c\u00e2t se poate de clare. De aceea, eu consider c\u0103 &#8211; sigur, nu se poate pe bugetul anului 2023 sau \u00een viitorul imediat apropiat &#8211; \u00een viitor trebuie <strong>s\u0103 ne asum\u0103m lucrurile astea, chiar dac\u0103 ar putea p\u0103rea, dac\u0103 o judeci \u00eentr-o cheie populist\u0103, c\u0103 e un minus. Nu e a\u015fa<\/strong>\u201d.<\/p>\n<p>Foto- Sorin Grindeanu, site ministerul Transporturilor<\/p>\n","protected":false},"excerpt":{"rendered":"<p>Ieri, pe toate televiziunile trona \u00een direct Sorin Grindeanu, despre care tot aud c\u0103 este un mare politician, dar mai ales un mare ministru al Transporturilor, f\u0103r\u0103 de care trenurile, avioanele \u0219i navele nu&#46;&#46;&#46;<\/p>\n","protected":false},"author":2,"featured_media":705,"comment_status":"open","ping_status":"open","sticky":false,"template":"","format":"standard","meta":[],"categories":[2],"tags":[393,391,390,392,389],"_links":{"self":[{"href":"https:\/\/oanastanciulescu.ro\/index.php\/wp-json\/wp\/v2\/posts\/703"}],"collection":[{"href":"https:\/\/oanastanciulescu.ro\/index.php\/wp-json\/wp\/v2\/posts"}],"about":[{"href":"https:\/\/oanastanciulescu.ro\/index.php\/wp-json\/wp\/v2\/types\/post"}],"author":[{"embeddable":true,"href":"https:\/\/oanastanciulescu.ro\/index.php\/wp-json\/wp\/v2\/users\/2"}],"replies":[{"embeddable":true,"href":"https:\/\/oanastanciulescu.ro\/index.php\/wp-json\/wp\/v2\/comments?post=703"}],"version-history":[{"count":2,"href":"https:\/\/oanastanciulescu.ro\/index.php\/wp-json\/wp\/v2\/posts\/703\/revisions"}],"predecessor-version":[{"id":707,"href":"https:\/\/oanastanciulescu.ro\/index.php\/wp-json\/wp\/v2\/posts\/703\/revisions\/707"}],"wp:featuredmedia":[{"embeddable":true,"href":"https:\/\/oanastanciulescu.ro\/index.php\/wp-json\/wp\/v2\/media\/705"}],"wp:attachment":[{"href":"https:\/\/oanastanciulescu.ro\/index.php\/wp-json\/wp\/v2\/media?parent=703"}],"wp:term":[{"taxonomy":"category","embeddable":true,"href":"https:\/\/oanastanciulescu.ro\/index.php\/wp-json\/wp\/v2\/categories?post=703"},{"taxonomy":"post_tag","embeddable":true,"href":"https:\/\/oanastanciulescu.ro\/index.php\/wp-json\/wp\/v2\/tags?post=703"}],"curies":[{"name":"wp","href":"https:\/\/api.w.org\/{rel}","templated":true}]}}