{"id":708,"date":"2023-03-09T04:23:59","date_gmt":"2023-03-09T04:23:59","guid":{"rendered":"https:\/\/oanastanciulescu.ro\/?p=708"},"modified":"2023-03-09T04:23:59","modified_gmt":"2023-03-09T04:23:59","slug":"visul-lui-ciolacu-presedintele-pe-care-noi-l-am-ales-nu-neaparat-cu-votul-nostru-dar-cu-al-cui","status":"publish","type":"post","link":"https:\/\/oanastanciulescu.ro\/index.php\/2023\/03\/09\/visul-lui-ciolacu-presedintele-pe-care-noi-l-am-ales-nu-neaparat-cu-votul-nostru-dar-cu-al-cui\/","title":{"rendered":"Visul lui Ciolacu: \u201ePre\u0219edintele pe care noi l-am ales, nu neap\u0103rat cu votul nostru\/ Dar cu al cui?"},"content":{"rendered":"<p>S-a trezit vorbind \u0219i Marcel Ciolacu \u00een chestiunea avionului preziden\u021bial. \u00cen dubla calitate de pre\u0219edinte de partid, dar \u0219i de omul trei \u00een stat, iar dac\u0103 \u00eel ajut\u0103 prietenii poate avansa chiar pe prima pozi\u021bie. Zice Marcelino c\u0103 Rom\u00e2nia merit\u0103 o aeronav\u0103 preziden\u021bial\u0103. Total de acord cu el. Dar Rom\u00e2nia merit\u0103 \u0219i un guvern, ni\u0219te politicieni, mini\u0219tri, directori prin institu\u021bii ale statului cu cap, Rom\u00e2nia merit\u0103 s\u0103 aib\u0103 o infrastruct\u0103 decent\u0103, spitale care nu cad \u00een capul pacien\u021bilor, \u0219coli care nu se pr\u0103bu\u0219esc pe copii, merit\u0103 s\u0103 nu mai fie ultima g\u0103in\u0103 din Gostat. Da, Rom\u00e2nia merit\u0103 mai mult dec\u00e2t Ciolacu, Ciuc\u0103, Bode, Grindeanu \u0219i toat\u0103 \u0219leahta asta care nu face dec\u00e2t s\u0103 se viseze pe via\u021b\u0103 la putere. \u0218i apropo de asta, vede\u021bi c\u0103 avionul lui Ceau\u0219escu nu a p\u0103r\u0103sit \u021bara, a fost donat acum doi ani Muzeului Na\u021bional al Avia\u021biei Rom\u00e2ne, e p\u0103cat s\u0103 stea nefolosit.<\/p>\n<p>Interesant\u0103 \u0219i formularea lui Ciolacu \u2013 \u201e<strong>pentru c\u0103 este pre\u015fedintele pe care noi l-am ales, nu neap\u0103rat cu votul nostru\u201d.<\/strong> Da, desigur, se referea la faptul c\u0103 \u0219i cei care nu-l vor vota ar trebui s\u0103-\u0219i doreasc\u0103 pentru pre\u0219edintele Republicii Ciolacu \u0219i mai mult confort \u0219i bog\u0103\u021bie. Sau poate nu?<\/p>\n<p>Marcel Ciolacu: \u201eCe ne dorim de la Rom\u00e2nia \u00een viitor? Ne dorim o Rom\u00e2nie normal\u0103, \u00een care pre\u015fedintele statului are o aeronav\u0103 \u015fi, cu demnitate, reprezint\u0103 Rom\u00e2nia, <strong>pentru c\u0103 este pre\u015fedintele pe care noi l-am ales, nu neap\u0103rat cu votul nostru,<\/strong> dar majoritatea a ales acest pre\u015fedinte? Eu cred c\u0103 un stat de m\u0103rimea, de preten\u0163iile \u015fi de pozi\u0163ia Rom\u00e2niei \u00een interiorul UE \u015fi NATO merit\u0103 s\u0103 aib\u0103 o aeronav\u0103 preziden\u0163ial\u0103. Ca s\u0103 \u00een\u0163elegem foarte clar &#8211; aeronav\u0103 preziden\u0163ial\u0103 nu \u00eenseamn\u0103 c\u0103 merge numai pre\u015fedintele \u00een deplas\u0103rile externe, ci o aeronav\u0103 care se pune la dispozi\u0163ia statului rom\u00e2n, unde cheltuielile sunt deschise. A\u015fa consider eu, c\u0103 a venit momentul s\u0103 lu\u0103m \u015fi aceast\u0103 decizie\u201d.<\/p>\n","protected":false},"excerpt":{"rendered":"<p>S-a trezit vorbind \u0219i Marcel Ciolacu \u00een chestiunea avionului preziden\u021bial. \u00cen dubla calitate de pre\u0219edinte de partid, dar \u0219i de omul trei \u00een stat, iar dac\u0103 \u00eel ajut\u0103 prietenii poate avansa chiar pe prima&#46;&#46;&#46;<\/p>\n","protected":false},"author":2,"featured_media":709,"comment_status":"open","ping_status":"open","sticky":false,"template":"","format":"standard","meta":[],"categories":[2],"tags":[203,395,398,397,283,394,396,399],"_links":{"self":[{"href":"https:\/\/oanastanciulescu.ro\/index.php\/wp-json\/wp\/v2\/posts\/708"}],"collection":[{"href":"https:\/\/oanastanciulescu.ro\/index.php\/wp-json\/wp\/v2\/posts"}],"about":[{"href":"https:\/\/oanastanciulescu.ro\/index.php\/wp-json\/wp\/v2\/types\/post"}],"author":[{"embeddable":true,"href":"https:\/\/oanastanciulescu.ro\/index.php\/wp-json\/wp\/v2\/users\/2"}],"replies":[{"embeddable":true,"href":"https:\/\/oanastanciulescu.ro\/index.php\/wp-json\/wp\/v2\/comments?post=708"}],"version-history":[{"count":1,"href":"https:\/\/oanastanciulescu.ro\/index.php\/wp-json\/wp\/v2\/posts\/708\/revisions"}],"predecessor-version":[{"id":710,"href":"https:\/\/oanastanciulescu.ro\/index.php\/wp-json\/wp\/v2\/posts\/708\/revisions\/710"}],"wp:featuredmedia":[{"embeddable":true,"href":"https:\/\/oanastanciulescu.ro\/index.php\/wp-json\/wp\/v2\/media\/709"}],"wp:attachment":[{"href":"https:\/\/oanastanciulescu.ro\/index.php\/wp-json\/wp\/v2\/media?parent=708"}],"wp:term":[{"taxonomy":"category","embeddable":true,"href":"https:\/\/oanastanciulescu.ro\/index.php\/wp-json\/wp\/v2\/categories?post=708"},{"taxonomy":"post_tag","embeddable":true,"href":"https:\/\/oanastanciulescu.ro\/index.php\/wp-json\/wp\/v2\/tags?post=708"}],"curies":[{"name":"wp","href":"https:\/\/api.w.org\/{rel}","templated":true}]}}