{"id":751,"date":"2023-03-13T13:00:58","date_gmt":"2023-03-13T13:00:58","guid":{"rendered":"https:\/\/oanastanciulescu.ro\/?p=751"},"modified":"2023-03-13T13:01:18","modified_gmt":"2023-03-13T13:01:18","slug":"ucraina-soldatul-executat-in-timp-ce-fuma-era-original-din-republica-moldova-presedintele-ucrainei-volodimir-zelenski-l-a-decorat-post-mortem-pe-alexander-macievski-cu-titlul-de-erou-al-ucrainei-c","status":"publish","type":"post","link":"https:\/\/oanastanciulescu.ro\/index.php\/2023\/03\/13\/ucraina-soldatul-executat-in-timp-ce-fuma-era-original-din-republica-moldova-presedintele-ucrainei-volodimir-zelenski-l-a-decorat-post-mortem-pe-alexander-macievski-cu-titlul-de-erou-al-ucrainei-c\/","title":{"rendered":"Ucraina. Soldatul executat \u00een timp ce fuma era originar din Republica Moldova\/ Pre\u0219edintele Ucrainei, Volodimir Zelenski l-a decorat post-mortem pe Alexander Macievski cu titlul de Erou al Ucrainei, cea mai \u00eenalt\u0103 distinc\u021bie a statului"},"content":{"rendered":"<p>Crimele abominabile continu\u0103 s\u0103 zguduie Ucraina. Cum se poate numi atunci c\u00e2nd un militar este executat cu s\u00e2nge rece, \u00eentr-un moment \u00een care nu putea s\u0103 atace, nu avea dec\u00e2t o \u021bigar\u0103? Nu are leg\u0103tur\u0103 nici m\u0103car cu un r\u0103zboi unde exist\u0103 reguli, unde \u00eentr-o situa\u021bie similar\u0103 po\u021bi s\u0103-l iei prizonier \u0219i s\u0103-i respec\u021bi drepturile de care beneficiaz\u0103 ca prizonier, nu s\u0103-l execu\u021bi.<\/p>\n<p>Serviciul secret al Ucrainei, SBU, a confirmat duminic\u0103 sear\u0103 identitatea soldatului ucrainean executat \u00een timp ce fuma, cu \u021bigara \u00een gur\u0103, \u00een p\u0103dure de c\u0103tre ru\u0219i, dup\u0103 ce a spus \u201eGlorie Ucrainei!\u201d. Imaginile cu el executat \u00een timp ce fuma au ap\u0103rut pe re\u021belel de socializare \u0219i au \u00eengrozit pe toat\u0103 lumea, iar soldatul a devenit simbolul rezisten\u021bei \u00een fa\u021ba invaziei ruse.<\/p>\n<p>Militarul este Alexander Macievski, originar din Republica Moldova,\u00a0 \u0219i a fost ucis pe 30 decembrie 2022, moment din care nu s-a mai \u0219tiut nimic de el, fiind dat disp\u0103rut, trupul s\u0103u fiind returnat Ucrainei \u00een februarie anul acesta.<\/p>\n<p><strong>Ministerul Afacerilor Externe \u015fi Integr\u0103rii Europene de la Chi\u015fin\u0103u a declarat luni dup\u0103 vestea c\u0103 soldatul Oleksandr Ma\u0163ievski era originar din Republica Moldova cp\u00a0 \u00a0circumstan\u0163ele mor\u0163ii lui pot fi calificate drept \u201ecrim\u0103 de r\u0103zboi\u201d.<\/strong><\/p>\n<p>Ini\u021bial, Brigada 30 Mecanizat\u0103 a transmis o alt\u0103 identitate a soldatului, crez\u00e2nd c\u0103 este vorba despre un camarad de-ai lor, Timofei \u0218adura, disp\u0103rut pe front la \u00eenceputul lui februarie. Serviciul ucrainean de informa\u021bii a mai anun\u021bat c\u0103 este \u00een c\u0103utarea celor care l-au executat pe Alexander Macievski, lunetist \u00een cadrul Batalionului 163 din Brigada 119.<\/p>\n<p>Pre\u0219edintele Ucrainei, Volodimir Zelenski, a anun\u021bat, duminic\u0103 seara, c\u0103 l-a decorat post-mortem pe Alexander Macievski cu titlul de Erou al Ucrainei, cea mai \u00eenalt\u0103 distinc\u021bie a statului.<\/p>\n<blockquote><p>\u201eUn lupt\u0103tor ucrainean. Un om care va fi cunoscut \u0219i amintit pentru totdeauna. Pentru curajul s\u0103u, pentru \u00eencrederea lui \u00een Ucraina \u0219i pentru strig\u0103tul s\u0103u \u00abGlorie Ucrainei!\u00bb. Glorie eroului! Glorie eroilor! Glorie Ucrainei!\u201d, a transmis Volodimir Zelenski \u00eentr-un mesaj pe Twitter.<\/p><\/blockquote>\n<p>Ucraina a organizat ceremonii pentru militarii c\u0103zu\u021bi, la care au participat pre\u0219edintele Volodimir Zelenski \u0219i \u00eentreaga conducere a armatei, dar \u0219i Sanna Marin, premierul Finlandei, aflat\u0103 \u00een vizit\u0103 la Kiev. Ceremonia a fost<\/p>\n","protected":false},"excerpt":{"rendered":"<p>Crimele abominabile continu\u0103 s\u0103 zguduie Ucraina. Cum se poate numi atunci c\u00e2nd un militar este executat cu s\u00e2nge rece, \u00eentr-un moment \u00een care nu putea s\u0103 atace, nu avea dec\u00e2t o \u021bigar\u0103? Nu are&#46;&#46;&#46;<\/p>\n","protected":false},"author":2,"featured_media":752,"comment_status":"open","ping_status":"open","sticky":false,"template":"","format":"standard","meta":[],"categories":[2],"tags":[427,429,430,428,425,431,426],"_links":{"self":[{"href":"https:\/\/oanastanciulescu.ro\/index.php\/wp-json\/wp\/v2\/posts\/751"}],"collection":[{"href":"https:\/\/oanastanciulescu.ro\/index.php\/wp-json\/wp\/v2\/posts"}],"about":[{"href":"https:\/\/oanastanciulescu.ro\/index.php\/wp-json\/wp\/v2\/types\/post"}],"author":[{"embeddable":true,"href":"https:\/\/oanastanciulescu.ro\/index.php\/wp-json\/wp\/v2\/users\/2"}],"replies":[{"embeddable":true,"href":"https:\/\/oanastanciulescu.ro\/index.php\/wp-json\/wp\/v2\/comments?post=751"}],"version-history":[{"count":3,"href":"https:\/\/oanastanciulescu.ro\/index.php\/wp-json\/wp\/v2\/posts\/751\/revisions"}],"predecessor-version":[{"id":755,"href":"https:\/\/oanastanciulescu.ro\/index.php\/wp-json\/wp\/v2\/posts\/751\/revisions\/755"}],"wp:featuredmedia":[{"embeddable":true,"href":"https:\/\/oanastanciulescu.ro\/index.php\/wp-json\/wp\/v2\/media\/752"}],"wp:attachment":[{"href":"https:\/\/oanastanciulescu.ro\/index.php\/wp-json\/wp\/v2\/media?parent=751"}],"wp:term":[{"taxonomy":"category","embeddable":true,"href":"https:\/\/oanastanciulescu.ro\/index.php\/wp-json\/wp\/v2\/categories?post=751"},{"taxonomy":"post_tag","embeddable":true,"href":"https:\/\/oanastanciulescu.ro\/index.php\/wp-json\/wp\/v2\/tags?post=751"}],"curies":[{"name":"wp","href":"https:\/\/api.w.org\/{rel}","templated":true}]}}