{"id":775,"date":"2023-03-16T07:15:16","date_gmt":"2023-03-16T07:15:16","guid":{"rendered":"https:\/\/oanastanciulescu.ro\/?p=775"},"modified":"2023-03-16T07:15:16","modified_gmt":"2023-03-16T07:15:16","slug":"somnul-ratiunii-naste-monstri-de-la-goya-la-piata-universitatii-cat-de-actuala-mai-este-lozinca","status":"publish","type":"post","link":"https:\/\/oanastanciulescu.ro\/index.php\/2023\/03\/16\/somnul-ratiunii-naste-monstri-de-la-goya-la-piata-universitatii-cat-de-actuala-mai-este-lozinca\/","title":{"rendered":"\u201eSomnul ra\u0163iunii na\u015fte mon\u015ftri\u201d. De la Goya, la Pia\u021ba Universit\u0103\u021bii. C\u00e2t de actual\u0103 mai este lozinca"},"content":{"rendered":"<p><strong>\u201cSomnul ra\u0163iunii na\u015fte mon\u015ftri\u201d<\/strong> este o expresie care apar\u021bine pictorului spaniol\u00a0<strong>Francisco Goya, <\/strong>folosit\u0103 \u00een secolul al XVIII-lea \u0219i cunoscut\u0103 opiniei publice rom\u00e2ne\u0219ti \u00een ultimii 30 de ani din Pia\u021ba Universit\u0103\u021bii.<\/p>\n<p>\u00cen prim\u0103vara anului 1990 ia na\u0219tere Fenomenul Pia\u021ba Universit\u0103\u021bii, din disperarea celor care au \u00een\u021beles c\u0103 cei care s-au coco\u021bat \u00een spatele Revolu\u021biei nu vor dec\u00e2t s\u0103-i \u00eenlocuiasc\u0103 pe Ceau\u0219e\u0219ti \u0219i pe camarila acestora. La vremuri noi, tot ei. \u00cen aceast\u0103 situa\u021bie, sute de tineri sau mai pu\u021bin tineri au ocupat Pia\u021ba, \u00eencep\u00e2nd un protest extrem, \u00een care solicit\u0103rile aveau darul de a nu arunca Rom\u00e2nia din nou \u00een negura timpului. Manifestan\u021bii, numi\u021bi \u201eGolani\u201d de Ion Ilierscu, \u0219i-au f\u0103cut cunoscute cererile \u00een prima lor Declaratie, \u0219i anume:<\/p>\n<ul>\n<li>scoaterea \u00een afara legii a oric\u0103rui partid de tip comunist<\/li>\n<li>\u00eenl\u0103turarea din func\u021biile de conducere a celor care au f\u0103cut parte din nomenclatura comunist\u0103<\/li>\n<li>\u00eenl\u0103turarea din func\u021biile de conducere a celor care au f\u0103cut parte din aparatul de represiune \u00een perioada 1945-1989<\/li>\n<li>sustinerea punctului 8 al Proclamatiei de la Timisoara<\/li>\n<\/ul>\n<p>Toate solicit\u0103rile p\u0103reau fire\u0219ti pentru cei care au crezut c\u0103 Revolu\u021bia din 1989 te scap\u0103 de comuni\u0219ti, nu aduce al\u021bi comuni\u0219ti cu fa\u021b\u0103 uman\u0103 la conducere.<\/p>\n<p>Pe pancartele \u201egolanilor\u201d scria\u00a0 \u201cSomnul ratiunii naste monstri\u201d, \u201cLibertate te iubim, ori invingem, ori murim\u201d, \u201cNu plecam acasa, mortii nu ne lasa\u201d, \u201cVom muri si vom fi liberi\u201d, \u201cIeri huligani, azi golani\u201d.<\/p>\n<p>De o vreme, societatea civil\u0103 rom\u00e2neasc\u0103 s-a culcat pe o ureche, genera\u021biile tinere de ast\u0103zi crez\u00e2nd probabil c\u0103 ceea ce s-a c\u00e2\u0219tigat \u00een 1989 este definitiv, nimeni nu va mai putea s\u0103 le ia drepturile \u0219i liber\u0103\u021bile. Ceea ce este posibil s\u0103 nu \u0219tie este c\u0103 nimic nu este definitiv, ireversibil, \u0219i c\u0103 \u00een continuare \u201cSomnul ratiunii naste monstri\u201d. Cum vor alege, \u00eens\u0103, s\u0103 ac\u021biuneze este dreptul lor.<\/p>\n<p><strong>\u201eSomnul ra\u021biunii na\u0219te mon\u0219tri\u201d<\/strong><\/p>\n<p>\u201eSomnul ra\u0163iunii na\u015fte mon\u015ftri\u201d este o expresie folosit\u0103 de Goya \u00een\u00a0secolul al XVIII-lea,\u00a0.<\/p>\n<p>Acesta expune, \u00een 1799, o serie de 80 de gravuri, cu titlul \u201eLos Caprichos\u201d (Capriciile), \u201c<strong>Somnul ra\u0163iunii na\u015fte mon\u015ftri<\/strong>\u201d fiind a 43-a.<\/p>\n<p>Goya era de p\u0103rere c\u0103 \u201copresiunea, servitutea, obliga\u0163ia de a urma un anumit drum, trasat de al\u0163ii\u201d reprezint\u0103 un obstacol care nu trebuie ignorat. Capriciile au fost o satir\u0103 la adresa societ\u0103\u021bii spaniole din acea vreme, dar \u0219i un semnal pe care artistul l-a tras, chiar dac\u0103 opera folosit\u0103 \u00een acest scop a avut destui critici.<\/p>\n","protected":false},"excerpt":{"rendered":"<p>\u201cSomnul ra\u0163iunii na\u015fte mon\u015ftri\u201d este o expresie care apar\u021bine pictorului spaniol\u00a0Francisco Goya, folosit\u0103 \u00een secolul al XVIII-lea \u0219i cunoscut\u0103 opiniei publice rom\u00e2ne\u0219ti \u00een ultimii 30 de ani din Pia\u021ba Universit\u0103\u021bii. \u00cen prim\u0103vara anului 1990&#46;&#46;&#46;<\/p>\n","protected":false},"author":2,"featured_media":779,"comment_status":"open","ping_status":"open","sticky":false,"template":"","format":"standard","meta":[],"categories":[2],"tags":[441,440],"_links":{"self":[{"href":"https:\/\/oanastanciulescu.ro\/index.php\/wp-json\/wp\/v2\/posts\/775"}],"collection":[{"href":"https:\/\/oanastanciulescu.ro\/index.php\/wp-json\/wp\/v2\/posts"}],"about":[{"href":"https:\/\/oanastanciulescu.ro\/index.php\/wp-json\/wp\/v2\/types\/post"}],"author":[{"embeddable":true,"href":"https:\/\/oanastanciulescu.ro\/index.php\/wp-json\/wp\/v2\/users\/2"}],"replies":[{"embeddable":true,"href":"https:\/\/oanastanciulescu.ro\/index.php\/wp-json\/wp\/v2\/comments?post=775"}],"version-history":[{"count":4,"href":"https:\/\/oanastanciulescu.ro\/index.php\/wp-json\/wp\/v2\/posts\/775\/revisions"}],"predecessor-version":[{"id":780,"href":"https:\/\/oanastanciulescu.ro\/index.php\/wp-json\/wp\/v2\/posts\/775\/revisions\/780"}],"wp:featuredmedia":[{"embeddable":true,"href":"https:\/\/oanastanciulescu.ro\/index.php\/wp-json\/wp\/v2\/media\/779"}],"wp:attachment":[{"href":"https:\/\/oanastanciulescu.ro\/index.php\/wp-json\/wp\/v2\/media?parent=775"}],"wp:term":[{"taxonomy":"category","embeddable":true,"href":"https:\/\/oanastanciulescu.ro\/index.php\/wp-json\/wp\/v2\/categories?post=775"},{"taxonomy":"post_tag","embeddable":true,"href":"https:\/\/oanastanciulescu.ro\/index.php\/wp-json\/wp\/v2\/tags?post=775"}],"curies":[{"name":"wp","href":"https:\/\/api.w.org\/{rel}","templated":true}]}}