{"id":784,"date":"2023-03-16T11:29:30","date_gmt":"2023-03-16T11:29:30","guid":{"rendered":"https:\/\/oanastanciulescu.ro\/?p=784"},"modified":"2023-03-16T11:29:30","modified_gmt":"2023-03-16T11:29:30","slug":"premiera-politica-surse-pnl-nu-va-avea-candidat-pentru-cotroceni-si-il-va-sustine-pe-marcel-ciolac","status":"publish","type":"post","link":"https:\/\/oanastanciulescu.ro\/index.php\/2023\/03\/16\/premiera-politica-surse-pnl-nu-va-avea-candidat-pentru-cotroceni-si-il-va-sustine-pe-marcel-ciolac\/","title":{"rendered":"Premier\u0103 politic\u0103, surse: PNL NU va avea candidat pentru Cotroceni \u0219i \u00eel va sus\u021bine pe Marcel Ciolac"},"content":{"rendered":"<p>Cine ar fi putut crede \u00een 2017, 2018, c\u00e2nd sute de mii de oameni au ie\u0219it \u00een strad\u0103 s\u0103 apere \u021bara de \u201eciuma ro\u0219ie\u201d, \u00een frunte chiar cu domnul pre\u0219edinte Iohannis, c\u0103 lucrurile vor lua o asemenea \u00eentors\u0103tur\u0103.<\/p>\n<p>Dup\u0103 toate socotelile politice, se pare c\u0103 PNL nu va avea anul viitor candidat la alegerile preziden\u021biale. Cel pu\u021bin a\u0219a sus\u021bin surse din cadrul coali\u021biei PSD-PNL, care precizeaz\u0103 c\u0103 vor fi ceva turbulen\u021be la PNL-i\u0219ti, dar mici. Argumentul principal al lui Nicoale Ciuc\u0103, cel care ar fi clocit \u00eempreun\u0103 cu Marcel Ciolacu acest plan, vine din sondajele de opinie, cele adev\u0103rate, care spun c\u0103 PNL va ajunge, cel mai probabil pe locul 3, dup\u0103 AUR, dar \u0219i c\u0103 rom\u00e2nii vor fi at\u00e2t de \u201e\u00eenc\u00e2nta\u021bi\u201d de Ciolacu \u00een postura de prim ministru \u00eenc\u00e2t PSD va fi \u00een picaj \u00een urm\u0103toarele 24 de luni.<\/p>\n<p>Desigur, cel mai probabil Marcel Ciolacu s-a gr\u0103bit s\u0103 anun\u021be primul o asemenea groz\u0103vie, \u00eenainte ca PNL-i\u0219ii s\u0103 fie fezanda\u021bi. Se pare c\u0103 dup\u0103 c\u00e2teva lacrimi de sup\u0103rare vor veni multe de bucurie: \u00een sf\u00e2r\u0219it, PNL-i\u0219ii vor sta \u0219i ei lini\u0219ti\u021bi \u00een remorcu\u021b\u0103, tra\u0219i de locomotiva din Buz\u0103u.<\/p>\n<p>Pare un scenariu nerealist, nu? O fabula\u021bie! Ei, bine, potrivit declara\u021biei oficiale a lui Marcel Ciolacu, dar \u0219i a surselor din cadrul coali\u021biei, sunt toate condi\u021biile ca anul viitor s\u0103 asist\u0103m la o premier\u0103 politic\u0103- PNL NU va avea candidat pentru Cotrocni \u0219i va sus\u021bine candidatul PSD.<\/p>\n","protected":false},"excerpt":{"rendered":"<p>Cine ar fi putut crede \u00een 2017, 2018, c\u00e2nd sute de mii de oameni au ie\u0219it \u00een strad\u0103 s\u0103 apere \u021bara de \u201eciuma ro\u0219ie\u201d, \u00een frunte chiar cu domnul pre\u0219edinte Iohannis, c\u0103 lucrurile vor&#46;&#46;&#46;<\/p>\n","protected":false},"author":2,"featured_media":709,"comment_status":"open","ping_status":"open","sticky":false,"template":"","format":"standard","meta":[],"categories":[2],"tags":[444,445,443,394,442],"_links":{"self":[{"href":"https:\/\/oanastanciulescu.ro\/index.php\/wp-json\/wp\/v2\/posts\/784"}],"collection":[{"href":"https:\/\/oanastanciulescu.ro\/index.php\/wp-json\/wp\/v2\/posts"}],"about":[{"href":"https:\/\/oanastanciulescu.ro\/index.php\/wp-json\/wp\/v2\/types\/post"}],"author":[{"embeddable":true,"href":"https:\/\/oanastanciulescu.ro\/index.php\/wp-json\/wp\/v2\/users\/2"}],"replies":[{"embeddable":true,"href":"https:\/\/oanastanciulescu.ro\/index.php\/wp-json\/wp\/v2\/comments?post=784"}],"version-history":[{"count":2,"href":"https:\/\/oanastanciulescu.ro\/index.php\/wp-json\/wp\/v2\/posts\/784\/revisions"}],"predecessor-version":[{"id":786,"href":"https:\/\/oanastanciulescu.ro\/index.php\/wp-json\/wp\/v2\/posts\/784\/revisions\/786"}],"wp:featuredmedia":[{"embeddable":true,"href":"https:\/\/oanastanciulescu.ro\/index.php\/wp-json\/wp\/v2\/media\/709"}],"wp:attachment":[{"href":"https:\/\/oanastanciulescu.ro\/index.php\/wp-json\/wp\/v2\/media?parent=784"}],"wp:term":[{"taxonomy":"category","embeddable":true,"href":"https:\/\/oanastanciulescu.ro\/index.php\/wp-json\/wp\/v2\/categories?post=784"},{"taxonomy":"post_tag","embeddable":true,"href":"https:\/\/oanastanciulescu.ro\/index.php\/wp-json\/wp\/v2\/tags?post=784"}],"curies":[{"name":"wp","href":"https:\/\/api.w.org\/{rel}","templated":true}]}}