{"id":790,"date":"2023-03-16T13:14:47","date_gmt":"2023-03-16T13:14:47","guid":{"rendered":"https:\/\/oanastanciulescu.ro\/?p=790"},"modified":"2023-03-16T13:18:55","modified_gmt":"2023-03-16T13:18:55","slug":"parlamentul-european-alarmat-de-incarcerarea-laureatilor-nobel-si-a-jurnalistilor-solicita-sanctiuni-suplimentare-impotriva-acestei-tari","status":"publish","type":"post","link":"https:\/\/oanastanciulescu.ro\/index.php\/2023\/03\/16\/parlamentul-european-alarmat-de-incarcerarea-laureatilor-nobel-si-a-jurnalistilor-solicita-sanctiuni-suplimentare-impotriva-acestei-tari\/","title":{"rendered":"Parlamentul European, alarmat de \u00eencarcerarea laurea\u021bilor Nobel \u0219i a jurnali\u0219tilor din Belarus\/ Solicit\u0103 sanc\u021biuni suplimentare \u00eempotriva acestei \u021b\u0103ri"},"content":{"rendered":"<p>Parlamentul European\u00a0<a href=\"https:\/\/www.europarl.europa.eu\/news\/ro\/press-room\/20230310IPR77231\/parliament-slams-repression-and-show-trials-in-belarus\" target=\"_blank\" rel=\"noopener\">a adoptat<\/a> o rezolu\u021bie care condamn\u0103 represiunea sistematic\u0103 \u0219i continu\u0103 a regimului belarus \u00eempotriva popula\u021biei \u021b\u0103rii \u0219i a vocilor disidente, inclusiv prin procese cu u\u0219ile \u00eenchise \u0219i motivate politic, pe care eurodeputa\u021bii le consider\u0103 \u00eenc\u0103lc\u0103ri grave ale drepturilor omului.<\/p>\n<p>Eurodeputa\u021bii sunt alarma\u021bi de represiunea \u00een derulare \u00een Belarus, inclusiv de \u00eencarcerarea laurea\u021bilor Nobel \u0219i a jurnali\u0219tilor, \u0219i solicit\u0103 sanc\u021biuni suplimentare \u00eempotriva acestei \u021b\u0103ri.<\/p>\n<p>ParlamentulEurodeputa\u021bii sunt alarma\u021bi de represiunea \u00een derulare \u00een Belarus, inclusiv de \u00eencarcerarea laurea\u021bilor Nobel \u0219i a jurnali\u0219tilor, \u0219i solicit\u0103 sanc\u021biuni suplimentare \u00eempotriva acestei \u021b\u0103ri. European denun\u021b\u0103 cu fermitate recenta condamnare a jurnalistului Andrzej Poczobut \u0219i a laureatului Premiului Nobel pentru Pace, Ales Bialatski, precum \u0219i a altor persoane. Aceste condamn\u0103ri arat\u0103 eforturile regimului de a suprima orice angajament civic \u00een ap\u0103rarea drepturilor omului \u0219i toate mijloacele de informare independente din \u021bar\u0103.<\/p>\n","protected":false},"excerpt":{"rendered":"<p>Parlamentul European\u00a0a adoptat o rezolu\u021bie care condamn\u0103 represiunea sistematic\u0103 \u0219i continu\u0103 a regimului belarus \u00eempotriva popula\u021biei \u021b\u0103rii \u0219i a vocilor disidente, inclusiv prin procese cu u\u0219ile \u00eenchise \u0219i motivate politic, pe care eurodeputa\u021bii le&#46;&#46;&#46;<\/p>\n","protected":false},"author":2,"featured_media":0,"comment_status":"open","ping_status":"open","sticky":false,"template":"","format":"standard","meta":[],"categories":[2],"tags":[452,453,451,455,450,454,456],"_links":{"self":[{"href":"https:\/\/oanastanciulescu.ro\/index.php\/wp-json\/wp\/v2\/posts\/790"}],"collection":[{"href":"https:\/\/oanastanciulescu.ro\/index.php\/wp-json\/wp\/v2\/posts"}],"about":[{"href":"https:\/\/oanastanciulescu.ro\/index.php\/wp-json\/wp\/v2\/types\/post"}],"author":[{"embeddable":true,"href":"https:\/\/oanastanciulescu.ro\/index.php\/wp-json\/wp\/v2\/users\/2"}],"replies":[{"embeddable":true,"href":"https:\/\/oanastanciulescu.ro\/index.php\/wp-json\/wp\/v2\/comments?post=790"}],"version-history":[{"count":3,"href":"https:\/\/oanastanciulescu.ro\/index.php\/wp-json\/wp\/v2\/posts\/790\/revisions"}],"predecessor-version":[{"id":793,"href":"https:\/\/oanastanciulescu.ro\/index.php\/wp-json\/wp\/v2\/posts\/790\/revisions\/793"}],"wp:attachment":[{"href":"https:\/\/oanastanciulescu.ro\/index.php\/wp-json\/wp\/v2\/media?parent=790"}],"wp:term":[{"taxonomy":"category","embeddable":true,"href":"https:\/\/oanastanciulescu.ro\/index.php\/wp-json\/wp\/v2\/categories?post=790"},{"taxonomy":"post_tag","embeddable":true,"href":"https:\/\/oanastanciulescu.ro\/index.php\/wp-json\/wp\/v2\/tags?post=790"}],"curies":[{"name":"wp","href":"https:\/\/api.w.org\/{rel}","templated":true}]}}