{"id":802,"date":"2023-03-17T20:51:56","date_gmt":"2023-03-17T20:51:56","guid":{"rendered":"https:\/\/oanastanciulescu.ro\/?p=802"},"modified":"2023-03-17T20:52:41","modified_gmt":"2023-03-17T20:52:41","slug":"mandatul-de-arestare-al-lui-putin-emis-pentru-acuzatii-de-crime-de-razboi-si-deportarea-copiilor-din-ucraina","status":"publish","type":"post","link":"https:\/\/oanastanciulescu.ro\/index.php\/2023\/03\/17\/mandatul-de-arestare-al-lui-putin-emis-pentru-acuzatii-de-crime-de-razboi-si-deportarea-copiilor-din-ucraina\/","title":{"rendered":"Mandatul de arestare al lui Putin, emis pentru acuza\u021bii de crime de r\u0103zboi \u0219i deportarea copiilor din Ucraina"},"content":{"rendered":"<p>Curtea Penal\u0103 Interna\u021bional\u0103 (CPI) a emis un mandat de arestare pentru pre\u0219edintele rus Vladimir Putin, relateaz\u0103 <a href=\"https:\/\/www.bbc.com\/news\/world-europe-64992727?at_bbc_team=editorial&amp;at_campaign=Social_Flow&amp;at_link_type=web_link&amp;at_campaign_type=owned&amp;at_link_origin=BBC_News&amp;at_medium=social&amp;at_format=link&amp;at_ptr_name=facebook_page&amp;at_link_id=3811C108-C4D9-11ED-9330-88C5AD7C7D13&amp;fbclid=IwAR0kPiA2lnKzEAGuqam-Yv6Lezgal-FIw-yihxUU-ewfQLQlb2ppkwLC03k\" target=\"_blank\" rel=\"noopener\">BBC.<\/a><\/p>\n<p>Instan\u021ba consider\u0103 c\u0103 Putin este responsabil pentru crime de r\u0103zboi \u0219i pentru deportarea ilegal\u0103 a copiilor din Ucraina \u00een Rusia.<\/p>\n<p>Crimelele au fost comise \u00een Ucraina \u00eencep\u00e2nd\u00a0 din 24 februarie 2022, prima zi de r\u0103zboi c\u00e2nd Rusia a invadat Ucraina, un stat independent.<\/p>\n<p>Moscova a negat acuza\u021biile \u0219i a etichetat mandatul\u00a0 drept \u201erevolt\u0103tor\u201d.<\/p>\n<p>&nbsp;<\/p>\n<p>&nbsp;<\/p>\n","protected":false},"excerpt":{"rendered":"<p>Curtea Penal\u0103 Interna\u021bional\u0103 (CPI) a emis un mandat de arestare pentru pre\u0219edintele rus Vladimir Putin, relateaz\u0103 BBC. Instan\u021ba consider\u0103 c\u0103 Putin este responsabil pentru crime de r\u0103zboi \u0219i pentru deportarea ilegal\u0103 a copiilor din&#46;&#46;&#46;<\/p>\n","protected":false},"author":2,"featured_media":803,"comment_status":"open","ping_status":"open","sticky":false,"template":"","format":"standard","meta":[],"categories":[2],"tags":[466,467,465,464],"_links":{"self":[{"href":"https:\/\/oanastanciulescu.ro\/index.php\/wp-json\/wp\/v2\/posts\/802"}],"collection":[{"href":"https:\/\/oanastanciulescu.ro\/index.php\/wp-json\/wp\/v2\/posts"}],"about":[{"href":"https:\/\/oanastanciulescu.ro\/index.php\/wp-json\/wp\/v2\/types\/post"}],"author":[{"embeddable":true,"href":"https:\/\/oanastanciulescu.ro\/index.php\/wp-json\/wp\/v2\/users\/2"}],"replies":[{"embeddable":true,"href":"https:\/\/oanastanciulescu.ro\/index.php\/wp-json\/wp\/v2\/comments?post=802"}],"version-history":[{"count":3,"href":"https:\/\/oanastanciulescu.ro\/index.php\/wp-json\/wp\/v2\/posts\/802\/revisions"}],"predecessor-version":[{"id":806,"href":"https:\/\/oanastanciulescu.ro\/index.php\/wp-json\/wp\/v2\/posts\/802\/revisions\/806"}],"wp:featuredmedia":[{"embeddable":true,"href":"https:\/\/oanastanciulescu.ro\/index.php\/wp-json\/wp\/v2\/media\/803"}],"wp:attachment":[{"href":"https:\/\/oanastanciulescu.ro\/index.php\/wp-json\/wp\/v2\/media?parent=802"}],"wp:term":[{"taxonomy":"category","embeddable":true,"href":"https:\/\/oanastanciulescu.ro\/index.php\/wp-json\/wp\/v2\/categories?post=802"},{"taxonomy":"post_tag","embeddable":true,"href":"https:\/\/oanastanciulescu.ro\/index.php\/wp-json\/wp\/v2\/tags?post=802"}],"curies":[{"name":"wp","href":"https:\/\/api.w.org\/{rel}","templated":true}]}}