{"id":81,"date":"2015-08-16T09:13:55","date_gmt":"2015-08-16T09:13:55","guid":{"rendered":"http:\/\/oanastanciulescu.ro\/?p=81"},"modified":"2015-08-16T09:13:55","modified_gmt":"2015-08-16T09:13:55","slug":"exclusiv-cercetator-ioan-rosca-domnule-ciorbea-aveti-datoria-sa-denuntati-neconstitutionalitatea-legii-217-nu-va-puteti-ascunde-las-atunci-cind-romania-e-tratata-ca-o-colonie","status":"publish","type":"post","link":"https:\/\/oanastanciulescu.ro\/index.php\/2015\/08\/16\/exclusiv-cercetator-ioan-rosca-domnule-ciorbea-aveti-datoria-sa-denuntati-neconstitutionalitatea-legii-217-nu-va-puteti-ascunde-las-atunci-cind-romania-e-tratata-ca-o-colonie\/","title":{"rendered":"EXCLUSIV. Cercet\u0103tor Ioan Ro\u0219ca: Domnule Ciorbea, ave\u021bi DATORIA s\u0103 denun\u021ba\u021bi neconstitu\u021bionalitatea legii 217. Nu v\u0103 pute\u0163i ascunde la\u015f atunci c\u00eend Romania e tratat\u0103 ca o colonie"},"content":{"rendered":"<div id=\"yui_3_16_0_1_1439705726925_36720\" class=\"yiv7437522589\"><span id=\"yui_3_16_0_1_1439705726925_36719\" class=\"yiv7437522589\"><span id=\"yui_3_16_0_1_1439705726925_36718\" class=\"yiv7437522589\" lang=\"RO\"><span id=\"yui_3_16_0_1_1439705726925_36717\" class=\"yiv7437522589\">Cercet\u0103torul Ioan Ro\u0219ca face apel la Avocatul Poporului pentru a denun\u021ba caracterul neconstitu\u021bional al legii 217\/2015 , denumit\u0103 \u0219i antlegionar\u0103. V\u0103 prezent\u0103m mai jos sesizarea trimis\u0103 de domnul Ro\u0219ca lui Victor Ciorbea.<br \/>\n<\/span><\/span><\/span><\/div>\n<div class=\"yiv7437522589\"><\/div>\n<div class=\"yiv7437522589\"><span id=\"yui_3_16_0_1_1439705726925_36719\" class=\"yiv7437522589\"><span id=\"yui_3_16_0_1_1439705726925_36718\" class=\"yiv7437522589\" lang=\"RO\"><span id=\"yui_3_16_0_1_1439705726925_36717\" class=\"yiv7437522589\"> <\/span>Domnule Ciorbea, <\/span><\/span><\/div>\n<div id=\"yiv7437522589yui_3_16_0_1_1439704396478_68569\" class=\"yiv7437522589\"><span id=\"yiv7437522589yui_3_16_0_1_1439704396478_68568\" class=\"yiv7437522589\"><span id=\"yui_3_16_0_1_1439705726925_36646\" class=\"yiv7437522589\" lang=\"RO\">V\u0103<span id=\"yui_3_16_0_1_1439705726925_36645\" class=\"yiv7437522589\">\u00a0 <\/span>semnal\u0103m c\u0103 ave\u0163i datoria legal\u0103 \u015fi moral\u0103 de a denun\u0163a neconstitu\u0163ionalitatea <\/span>legii 217\/2015 (care completeaz\u0103 \u015fi modific\u0103 OUG nr.31\/2002- o norm\u0103 care era la r\u00eendul s\u0103u acut neconstitu\u0163ional\u0103).<span class=\"yiv7437522589\">\u00a0 <\/span>Nu v\u0103 pute\u0163i ascunde la\u015f atunci c\u00eend Romania e tratat\u0103 ca o colonie \u00een care b\u0103\u015ftina\u015fii s\u00eent priva\u0163i de libertate, ca o \u0163ar\u0103 \u00eenvins\u0103 \u00een 1944 \u015fi ocupat\u0103 p\u00een\u0103 azi.<\/span><\/div>\n<div id=\"yui_3_16_0_1_1439705726925_36649\" class=\"yiv7437522589\"><span id=\"yui_3_16_0_1_1439705726925_36648\" class=\"yiv7437522589\"><span id=\"yui_3_16_0_1_1439705726925_36647\" class=\"yiv7437522589\" lang=\"RO\"><span class=\"yiv7437522589\">\u00a0\u00a0\u00a0\u00a0\u00a0\u00a0\u00a0\u00a0\u00a0\u00a0\u00a0 <\/span>Dac\u0103 v\u0103 ve\u0163i deroba acum de la responsabilitatea de a ap\u0103ra libert\u0103\u0163ile cet\u0103\u0163ene\u015fti- ce v\u0103 revine ca Avocat al Poporului, ve\u0163i p\u0103c\u0103tui fatal fa\u0163\u0103 de libertatea de con\u015ftiin\u0163\u0103 a urma\u015filor celor care s-au sacrificat, \u00eencerc\u00eend s\u0103-\u015fi<span class=\"yiv7437522589\">\u00a0 <\/span>apere \u0163ara \u015fi demnitatea de urgia comunist\u0103. <\/span><\/span><\/div>\n<div id=\"yui_3_16_0_1_1439705726925_36716\" class=\"yiv7437522589\"><span id=\"yui_3_16_0_1_1439705726925_36715\" class=\"yiv7437522589\"><span id=\"yui_3_16_0_1_1439705726925_36714\" class=\"yiv7437522589\" lang=\"RO\">A venit momentul s\u0103 v\u0103 dovedi\u0163i buna credin\u0163\u0103 sau s\u0103 v\u0103 dezonora\u0163i iremediabil. <\/span><\/span><\/div>\n<div id=\"yiv7437522589yui_3_16_0_1_1439704396478_68619\" class=\"yiv7437522589\"><span id=\"yiv7437522589yui_3_16_0_1_1439704396478_68618\" class=\"yiv7437522589\"><span id=\"yiv7437522589yui_3_16_0_1_1439704396478_68617\" class=\"yiv7437522589\" lang=\"RO\">V-a\u0163i cl\u0103dit cariera pretinzindu-v\u0103 un ap\u0103r\u0103tor al democra\u0163iei, na\u0163ionalismului, cre\u015ftinismului \u015fi memoriei fo\u015ftilor de\u0163inu\u0163i politici\/ lupt\u0103tori anticomuni\u015fti, urc\u00eend spre putere pe \u201eculoarul\u201d PNTcd. Ve\u0163i permite acum ca victimele comunismului s\u0103 fie re-incriminate, \u00eentru protec\u0163ia c\u0103l\u0103ilor \u015fi mo\u015ftenitorilor lor, prin impunerea unor legi nocive, para\u015futate dinafara Rom\u00e2niei? <\/span><\/span><\/div>\n<div id=\"yiv7437522589yui_3_16_0_1_1439704396478_68620\" class=\"yiv7437522589\"><span id=\"yiv7437522589yui_3_16_0_1_1439704396478_68622\" class=\"yiv7437522589\"><span id=\"yiv7437522589yui_3_16_0_1_1439704396478_68621\" class=\"yiv7437522589\" lang=\"RO\">V\u0103 cerem s\u0103 face\u0163i demersurile de rigoare, fa\u0163\u0103 de toate institu\u0163iile care se pot implica la un moment dat \u00een corectarea situa\u0163iei (\u00een primul r\u00eend Curtea Constitu\u0163ional\u0103, dar \u015fi ICCJ\/CSM, parlament, pres\u0103 etc.).<\/span><\/span><\/div>\n<div id=\"yui_3_16_0_1_1439705726925_36725\" class=\"yiv7437522589\"><span class=\"yiv7437522589\"><span class=\"yiv7437522589\" lang=\"RO\"><span class=\"yiv7437522589\">\u00a0<\/span><span class=\"yiv7437522589\">\u00a0\u00a0\u00a0\u00a0\u00a0\u00a0\u00a0\u00a0\u00a0\u00a0 <\/span><\/span><\/span><\/div>\n<div id=\"yui_3_16_0_1_1439705726925_36728\" class=\"yiv7437522589\"><span id=\"yui_3_16_0_1_1439705726925_36727\" class=\"yiv7437522589\"><span id=\"yui_3_16_0_1_1439705726925_36726\" class=\"yiv7437522589\" lang=\"RO\">Deschiz\u00eend lista de semn\u0103turi: Ioan Ro\u015fca, cercet\u0103tor interdiciplinar, purt\u0103tor de cuv\u00eent al Comitetului de Reprezentare a Victimelor Comunismului <\/span><\/span><\/div>\n<div id=\"yui_3_16_0_1_1439705726925_36729\" class=\"yiv7437522589\"><span class=\"yiv7437522589\"><span class=\"yiv7437522589\" lang=\"RO\">\u00a0<\/span><\/span><\/div>\n<div id=\"yui_3_16_0_1_1439705726925_36730\" class=\"yiv7437522589\"><span class=\"yiv7437522589\"><span class=\"yiv7437522589\" lang=\"RO\">Semnaturile se pot adauga la adresa:<\/span><\/span><\/div>\n<div id=\"yui_3_16_0_1_1439705726925_36731\" dir=\"ltr\"><span id=\"yui_3_16_0_1_1439705726925_36734\" class=\"yiv7437522589\"><span id=\"yui_3_16_0_1_1439705726925_36733\" class=\"yiv7437522589\"><a id=\"yui_3_16_0_1_1439705726925_36732\" class=\"yiv7437522589\" href=\"https:\/\/www.petitieonline.com\/legea_217_nu_este_constituionala\" target=\"_blank\" rel=\"nofollow noopener\">https:\/\/www.petitieonline.com\/legea_217_nu_este_constituionala<\/a><\/span><\/span><\/div>\n<div dir=\"ltr\">Sursa-<a href=\"https:\/\/www.expresmagazin.ro\/exclusiv-apel-pentru-avocatul-poporului-pentru-declararea-legii-antilegionare-ca-fiind-neconstitutionala\/\" target=\"_blank\" rel=\"noopener\"> www.expresmagazin.ro<\/a><\/div>\n","protected":false},"excerpt":{"rendered":"<p>Cercet\u0103torul Ioan Ro\u0219ca face apel la Avocatul Poporului pentru a denun\u021ba caracterul neconstitu\u021bional al legii 217\/2015 , denumit\u0103 \u0219i antlegionar\u0103. V\u0103 prezent\u0103m mai jos sesizarea trimis\u0103 de domnul Ro\u0219ca lui Victor Ciorbea. Domnule Ciorbea,&#46;&#46;&#46;<\/p>\n","protected":false},"author":2,"featured_media":82,"comment_status":"open","ping_status":"open","sticky":false,"template":"","format":"standard","meta":[],"categories":[2],"tags":[39,38,36,41,37,40],"_links":{"self":[{"href":"https:\/\/oanastanciulescu.ro\/index.php\/wp-json\/wp\/v2\/posts\/81"}],"collection":[{"href":"https:\/\/oanastanciulescu.ro\/index.php\/wp-json\/wp\/v2\/posts"}],"about":[{"href":"https:\/\/oanastanciulescu.ro\/index.php\/wp-json\/wp\/v2\/types\/post"}],"author":[{"embeddable":true,"href":"https:\/\/oanastanciulescu.ro\/index.php\/wp-json\/wp\/v2\/users\/2"}],"replies":[{"embeddable":true,"href":"https:\/\/oanastanciulescu.ro\/index.php\/wp-json\/wp\/v2\/comments?post=81"}],"version-history":[{"count":1,"href":"https:\/\/oanastanciulescu.ro\/index.php\/wp-json\/wp\/v2\/posts\/81\/revisions"}],"predecessor-version":[{"id":83,"href":"https:\/\/oanastanciulescu.ro\/index.php\/wp-json\/wp\/v2\/posts\/81\/revisions\/83"}],"wp:featuredmedia":[{"embeddable":true,"href":"https:\/\/oanastanciulescu.ro\/index.php\/wp-json\/wp\/v2\/media\/82"}],"wp:attachment":[{"href":"https:\/\/oanastanciulescu.ro\/index.php\/wp-json\/wp\/v2\/media?parent=81"}],"wp:term":[{"taxonomy":"category","embeddable":true,"href":"https:\/\/oanastanciulescu.ro\/index.php\/wp-json\/wp\/v2\/categories?post=81"},{"taxonomy":"post_tag","embeddable":true,"href":"https:\/\/oanastanciulescu.ro\/index.php\/wp-json\/wp\/v2\/tags?post=81"}],"curies":[{"name":"wp","href":"https:\/\/api.w.org\/{rel}","templated":true}]}}