{"id":828,"date":"2023-03-21T06:28:59","date_gmt":"2023-03-21T06:28:59","guid":{"rendered":"https:\/\/oanastanciulescu.ro\/?p=828"},"modified":"2023-03-21T06:43:34","modified_gmt":"2023-03-21T06:43:34","slug":"o-noua-categorie-de-speciali-civilii-care-lucreaza-in-armata-politie-si-servicii-secrete-cine-a-decis-retragerea-proiectului","status":"publish","type":"post","link":"https:\/\/oanastanciulescu.ro\/index.php\/2023\/03\/21\/o-noua-categorie-de-speciali-civilii-care-lucreaza-in-armata-politie-si-servicii-secrete-cine-a-decis-retragerea-proiectului\/","title":{"rendered":"O nou\u0103 categorie de speciali: civilii care lucreaz\u0103 \u00een armat\u0103, poli\u021bie \u0219i servicii secrete\/Cine a sunat s\u0103 se retrag\u0103 proiectul"},"content":{"rendered":"<p>\u00cen Rom\u00e2nia exist\u0103 dou\u0103 ctegorii de cet\u0103\u021beni: cei speciali \u0219i cei obi\u0219nui\u021bi. Prima categorie este semnificativ\u0103 \u0219i \u00een acest moment, dar probabil c\u0103 va c\u0103p\u0103ta propor\u021bii considerabile \u00een timp. Aproape c\u0103 uitasem cum se nume\u0219te ministrul Ap\u0103r\u0103rii p\u00e2n\u0103 vineri c\u00e2nd a pus \u00een dezbatere un proiect de lege care ar fi dus la apari\u021bia unei noi categorii de pensionari special, \u0219i anume angaja\u021bii civili din institu\u021biile militare, care se vor putea pensiona anticipat, potrivit g4media.<\/p>\n<p>Interesant este faptul c\u0103, potrivit ministerului Ap\u0103r\u0103rii, acest proiect a fost clocit de institu\u0163iile de ap\u0103rare, ordine public\u0103 \u015fi securitate na\u0163ional\u0103, ceea ce \u00eenseamn\u0103 Armata, Poli\u021bia, Jandarmeria \u0219i serviciile secrete. Cu alte cuvinte, \u00een loc s\u0103 o g\u0103seasc\u0103 pe fata disp\u0103rut\u0103 din Sibiu, al\u021bi violatori \u0219i criminali, \u00een loc s\u0103-l caute pe Ionel Arsene, angaja\u021bi ai Poli\u021biei, Jandarmeriei, SRI \u0219i probabil \u0219i din alte servicii secrete, ai Armatei s-au a\u0219ezat to\u021bi la mas\u0103 ca s\u0103 g\u0103seasc\u0103 ce beneficii s\u0103-\u0219i mai voteze. Este halucinant, dar \u0219i \u00eensp\u0103im\u00e2nt\u0103tor. S\u0103 te g\u00e2nde\u0219ti doar la ce mai iei, ce ce-\u021bi mai aprobi pentru tine, la ce beneficii s\u0103 mai adaugi, este revolt\u0103tor \u0219i probabil caz unic \u00een Uniunea European\u0103.<\/p>\n<p>\u00cen acest moment sunt c\u00e2teva \u00eentreb\u0103ri f\u0103r\u0103 r\u0103spuns:<\/p>\n<ul>\n<li>Cine a avut aceast\u0103 ideea &#8211; SRI, ministerul de Intersa sau cel al Ap\u0103r\u0103rii?<\/li>\n<li>Cine \u0219i-a dat acordul ca o duzin\u0103 de salaria\u021bi s\u0103 conceap\u0103 acest proiect de lege?<\/li>\n<li>Proiectul s-a discutat \u00een marea \u0219i patrioata coali\u021bie de guvern\u0103m\u00e2nt?<\/li>\n<li>pre\u0219edintele Klaus Iohannis, ca \u0219ef al CSAT, a fost consultat\/informat?<\/li>\n<\/ul>\n<p>Proiectul a fost pus \u00een dezbatere public\u0103 la \u00eenceputul weekendului, iar la sf\u00e2r\u0219itul lui a fost retras invoc\u00e2nd mesaje primite s\u00e2mb\u0103t\u0103 \u0219i duminic\u0103. Ministerul Ap\u0103r\u0103rii nu doar c\u0103 minte, mai este \u0219i penibil. Iat\u0103 alte \u00eentreb\u0103ri pentru ministerul de la care te a\u0219tep\u021bi s\u0103 se g\u00e2ndeasc\u0103 la strategii de ap\u0103rare, av\u00e2nd r\u0103zboiul la u\u0219\u0103, nu la bani pentru prorpiile buzunare.<\/p>\n<ul>\n<li>Cine a trabnsmis puncte de vedere s\u00e2mb\u0103t\u0103 \u0219i duminic\u0103?<\/li>\n<li>C\u00e2te ONG-uri \u0219o care sunt acelea<\/li>\n<li>Dar mai ales <strong>cine a sunat ca acest proiect de lege s\u0103 fie retras?<\/strong><\/li>\n<\/ul>\n<p>Eu a\u0219 paria pe Bruxelles. Este foarte posibil ca cei de la Bruxelles, care a\u0219teapt\u0103 rezolvarea pensiilor speciale pentru a ne aproba urm\u0103toarea tran\u0219\u0103 de bani, s\u0103-\u0219i fi f\u0103cut cruce \u0219i s\u0103 fi sunat.<\/p>\n<p>&nbsp;<\/p>\n","protected":false},"excerpt":{"rendered":"<p>\u00cen Rom\u00e2nia exist\u0103 dou\u0103 ctegorii de cet\u0103\u021beni: cei speciali \u0219i cei obi\u0219nui\u021bi. Prima categorie este semnificativ\u0103 \u0219i \u00een acest moment, dar probabil c\u0103 va c\u0103p\u0103ta propor\u021bii considerabile \u00een timp. Aproape c\u0103 uitasem cum se&#46;&#46;&#46;<\/p>\n","protected":false},"author":2,"featured_media":832,"comment_status":"open","ping_status":"open","sticky":false,"template":"","format":"standard","meta":[],"categories":[2],"tags":[484,487,485,297,486,11],"_links":{"self":[{"href":"https:\/\/oanastanciulescu.ro\/index.php\/wp-json\/wp\/v2\/posts\/828"}],"collection":[{"href":"https:\/\/oanastanciulescu.ro\/index.php\/wp-json\/wp\/v2\/posts"}],"about":[{"href":"https:\/\/oanastanciulescu.ro\/index.php\/wp-json\/wp\/v2\/types\/post"}],"author":[{"embeddable":true,"href":"https:\/\/oanastanciulescu.ro\/index.php\/wp-json\/wp\/v2\/users\/2"}],"replies":[{"embeddable":true,"href":"https:\/\/oanastanciulescu.ro\/index.php\/wp-json\/wp\/v2\/comments?post=828"}],"version-history":[{"count":3,"href":"https:\/\/oanastanciulescu.ro\/index.php\/wp-json\/wp\/v2\/posts\/828\/revisions"}],"predecessor-version":[{"id":831,"href":"https:\/\/oanastanciulescu.ro\/index.php\/wp-json\/wp\/v2\/posts\/828\/revisions\/831"}],"wp:featuredmedia":[{"embeddable":true,"href":"https:\/\/oanastanciulescu.ro\/index.php\/wp-json\/wp\/v2\/media\/832"}],"wp:attachment":[{"href":"https:\/\/oanastanciulescu.ro\/index.php\/wp-json\/wp\/v2\/media?parent=828"}],"wp:term":[{"taxonomy":"category","embeddable":true,"href":"https:\/\/oanastanciulescu.ro\/index.php\/wp-json\/wp\/v2\/categories?post=828"},{"taxonomy":"post_tag","embeddable":true,"href":"https:\/\/oanastanciulescu.ro\/index.php\/wp-json\/wp\/v2\/tags?post=828"}],"curies":[{"name":"wp","href":"https:\/\/api.w.org\/{rel}","templated":true}]}}