{"id":837,"date":"2023-03-29T06:50:18","date_gmt":"2023-03-29T06:50:18","guid":{"rendered":"https:\/\/oanastanciulescu.ro\/?p=837"},"modified":"2023-03-29T06:50:18","modified_gmt":"2023-03-29T06:50:18","slug":"comisia-europeana-vrea-sa-taie-si-din-beneficiile-actuale-ale-specialilor-romani-nu-doar-din-cele-viitoare-politicienii-s-au-prin-cu-catuse-de-privilegii","status":"publish","type":"post","link":"https:\/\/oanastanciulescu.ro\/index.php\/2023\/03\/29\/comisia-europeana-vrea-sa-taie-si-din-beneficiile-actuale-ale-specialilor-romani-nu-doar-din-cele-viitoare-politicienii-s-au-prin-cu-catuse-de-privilegii\/","title":{"rendered":"Comisia European\u0103 vrea s\u0103 taie \u0219i din beneficiile actuale ale \u201especialilor\u201d rom\u00e2ni, nu doar din cele viitoare\/ Politicienii s-au prin cu c\u0103tu\u0219e de privilegii"},"content":{"rendered":"<p>Comisia European\u0103 a pus \u00een discu\u021bie o chestiune extrem de interesant\u0103, care \u00een Rom\u00e2nia este subiect tabu, \u0219i anume recalcularea pensiilor speciale care sunt deja \u00een plat\u0103. De c\u00e2te ori se vorbe\u0219te despre un drept financiar se men\u021bioneaz\u0103 faptul c\u0103 reglement\u0103rile privind drepturile financiare nu sunt retroactive, privesc doar viitorul- \u201ec\u0103 a\u0219a este legea\u201d, spun politicienii. Nu se poate atinge nimeni de pensiile sau salariile deja \u00een plat\u0103, de sporurile \u0219i alte beneficii, pe care s-au gr\u0103bit s\u0103 \u0219i le aloce, pentru c\u0103 a\u0219a este legea, un drept odat\u0103 alocat este alocat p\u00e2n\u0103 la moarte. Cel pu\u021bin a\u0219a se prop\u0103v\u0103duie\u0219te zilnic la TV.<\/p>\n<p>Iat\u0103 c\u0103 vine Comisia European\u0103 \u0219i le spune marilor politicieni rom\u00e2ni \u00een func\u021bii s\u0103 mai reduc\u0103 \u0219i din pensiile care sunt deja \u00een plat\u0103. Iat\u0103 declara\u021bia ministrul Investi\u021biilor \u0219i Proiectelor Europene, Marcel Bolo\u0219, pentru Europa Liber\u0103:<\/p>\n<div id=\"article-content\" class=\"content-floated-wrap fb-quotable\">\n<div class=\"wsw\">\n<p><strong>\u201eComisia solicit\u0103 inclusiv recalcularea pensiilor \u00een plat\u0103 pe care le avem, ceea ce creeaz\u0103 dificult\u0103\u021bi \u00een implementarea acestei reforme.(\u2026) 250 de mii de beneficiari sunt acum. (\u2026) Avem de\u00a0ales \u00eentre a nu face reforma pensiilor\u00a0speciale \u0219i a pierde banii din Planul Na\u021bional de Redresare \u0219i Rezilien\u021b\u0103.\u201d<\/strong><\/p>\n<p>Doar c\u0103 \u00een Rom\u00e2nia nu s-a deschis niciodat\u0103 acest subiect, niciun politician nu a scos un sunet, dar\u0103mite s\u0103 emit\u0103 o opinie sau, Doamne fere\u0219te, s\u0103 propun\u0103 o ini\u021biativ\u0103 legislativ\u0103, pe acest subiect.<\/p>\n<p>\u00cen acest moment, tran\u0219a a treia din\u00a0 Planul Na\u021bional de Redresare \u0219i Rezilien\u021b\u0103 (PNRR) asumat de Rom\u00e2nia pare pierdut\u0103 definitiv, prin decizia politicienilor rom\u00e2ni de a periclita bun\u0103starea cet\u0103\u021benilor doar pentru ca ei s\u0103 r\u0103m\u00e2n\u0103 cu pensiile \u0219i salariile intacte.<\/p>\n<\/div>\n<\/div>\n","protected":false},"excerpt":{"rendered":"<p>Comisia European\u0103 a pus \u00een discu\u021bie o chestiune extrem de interesant\u0103, care \u00een Rom\u00e2nia este subiect tabu, \u0219i anume recalcularea pensiilor speciale care sunt deja \u00een plat\u0103. De c\u00e2te ori se vorbe\u0219te despre un&#46;&#46;&#46;<\/p>\n","protected":false},"author":2,"featured_media":599,"comment_status":"open","ping_status":"open","sticky":false,"template":"","format":"standard","meta":[],"categories":[2],"tags":[491,495,493,492,494],"_links":{"self":[{"href":"https:\/\/oanastanciulescu.ro\/index.php\/wp-json\/wp\/v2\/posts\/837"}],"collection":[{"href":"https:\/\/oanastanciulescu.ro\/index.php\/wp-json\/wp\/v2\/posts"}],"about":[{"href":"https:\/\/oanastanciulescu.ro\/index.php\/wp-json\/wp\/v2\/types\/post"}],"author":[{"embeddable":true,"href":"https:\/\/oanastanciulescu.ro\/index.php\/wp-json\/wp\/v2\/users\/2"}],"replies":[{"embeddable":true,"href":"https:\/\/oanastanciulescu.ro\/index.php\/wp-json\/wp\/v2\/comments?post=837"}],"version-history":[{"count":1,"href":"https:\/\/oanastanciulescu.ro\/index.php\/wp-json\/wp\/v2\/posts\/837\/revisions"}],"predecessor-version":[{"id":838,"href":"https:\/\/oanastanciulescu.ro\/index.php\/wp-json\/wp\/v2\/posts\/837\/revisions\/838"}],"wp:featuredmedia":[{"embeddable":true,"href":"https:\/\/oanastanciulescu.ro\/index.php\/wp-json\/wp\/v2\/media\/599"}],"wp:attachment":[{"href":"https:\/\/oanastanciulescu.ro\/index.php\/wp-json\/wp\/v2\/media?parent=837"}],"wp:term":[{"taxonomy":"category","embeddable":true,"href":"https:\/\/oanastanciulescu.ro\/index.php\/wp-json\/wp\/v2\/categories?post=837"},{"taxonomy":"post_tag","embeddable":true,"href":"https:\/\/oanastanciulescu.ro\/index.php\/wp-json\/wp\/v2\/tags?post=837"}],"curies":[{"name":"wp","href":"https:\/\/api.w.org\/{rel}","templated":true}]}}