{"id":843,"date":"2023-03-29T15:08:54","date_gmt":"2023-03-29T15:08:54","guid":{"rendered":"https:\/\/oanastanciulescu.ro\/?p=843"},"modified":"2023-03-29T15:08:54","modified_gmt":"2023-03-29T15:08:54","slug":"ce-se-intampla-cu-creierul-senatorilor","status":"publish","type":"post","link":"https:\/\/oanastanciulescu.ro\/index.php\/2023\/03\/29\/ce-se-intampla-cu-creierul-senatorilor\/","title":{"rendered":"Ce se \u00eent\u00e2mpl\u0103 cu creierul senatorilor"},"content":{"rendered":"<p>Toat\u0103 lumea \u0219tie deja c\u0103 majoritatea parlamentarilor voteaz\u0103 a\u0219a cum li se spune de la partid, nu cum le spune con\u0219tiin\u021ba, dac\u0103 aceasta le spune ceva. Iat\u0103 vine \u0219i confirmarea acestui fapt chiar de la pre\u0219edintele comisiei juridice din Senat, Cristian \u021a\u0103g\u00e2rla\u0219, PNL, care a declarat miercuri la Digi24 c\u0103 amendamentele privind pragul de 250.000 de lei pentru infrac\u021biunea de abuz \u00een serviciu le-a primit pe mail, nu a \u00eentrebat nimic, le-a comunicat mai departe \u0219i toat\u0103 lumea a t\u0103cut m\u00e2lc, au ridicat m\u00e2na a\u0219a cum li s-a spus \u0219i au votat. \u0218i ce dac\u0103 era copiat\u0103 Ordonan\u021ba 13 pentru care peneli\u0219tii ie\u0219iser\u0103 \u00een strad\u0103 s\u0103 protesteze?<\/p>\n<p>\u201eDecizia (privind introducerea unui prag &#8211; n.r.) a fost luat\u0103 duminic\u0103 sear\u0103 \u00een cadrul coali\u021biei, v\u0103 poate confirma \u0219i ministrul (C\u0103t\u0103lin) Predoiu. Amendamentele mi-au fost comunicate pe mail. Au fost discutate \u0219i cu domnul (Robert) Cazanciuc. Imediat ce le-am primit le-am comunicat mai departe membrilor comisiei\u201d, a mai ar\u0103tat \u021a\u0103g\u00e2rla\u0219.<\/p>\n<p>reamintim c\u0103 Senatul a votat \u00een \u015fedin\u0163a de plen de miercuri proiectul de lege al Guvernului prin care pragul pentru abuzul \u00een serviciu, care se pedepse\u015fte cu \u00eenchisoare de la 2 la 7 ani, se stabile\u015fte la 250.000 de lei.<\/p>\n<p>\u201eFapta func\u0163ionarului public, care cu \u015ftiin\u0163\u0103 \u00een exercitarea atribu\u0163iilor de serviciu nu \u00eendepline\u015fte un act prev\u0103zut de o lege (&#8230;) ori \u00eel \u00eendepline\u015fte cu \u00eenc\u0103lcarea unei dispozi\u0163ii cuprinse \u00eentr-un astfel de act normativ cauz\u00e2nd astfel o pagub\u0103 mai mare sau egal\u0103 cu 250.000 de lei ori o v\u0103t\u0103mare grav\u0103 a drepturilor sau intereselor legitime ale unei persoane fizice sau ale unei persoane juridice se pedepse\u015fte cu \u00eenchisoarea de la 2 la 7 ani \u015fi interzicerea exercit\u0103rii dreptului de a ocupa o func\u0163ie public\u0103. Dispozi\u0163iile privind condi\u0163ia ca paguba s\u0103 fie mai mare de 250.000 lei nu se aplic\u0103 dac\u0103 f\u0103ptuitorul a mai s\u0103v\u00e2r\u015fit o frac\u0163iune de abuz \u00een serviciu ori pe neglijen\u0163\u0103 \u00een serviciu, \u00eentr-un interval de cinci ani de la data r\u0103m\u00e2nerii definitive a hot\u0103r\u00e2ri judec\u0103tore\u015fti de condamnare\u201d, se arat\u0103 \u00een amendamentul adoptat de Senat, potrivit digi24.<\/p>\n","protected":false},"excerpt":{"rendered":"<p>Toat\u0103 lumea \u0219tie deja c\u0103 majoritatea parlamentarilor voteaz\u0103 a\u0219a cum li se spune de la partid, nu cum le spune con\u0219tiin\u021ba, dac\u0103 aceasta le spune ceva. Iat\u0103 vine \u0219i confirmarea acestui fapt chiar de&#46;&#46;&#46;<\/p>\n","protected":false},"author":2,"featured_media":0,"comment_status":"open","ping_status":"open","sticky":false,"template":"","format":"standard","meta":[],"categories":[2],"tags":[],"_links":{"self":[{"href":"https:\/\/oanastanciulescu.ro\/index.php\/wp-json\/wp\/v2\/posts\/843"}],"collection":[{"href":"https:\/\/oanastanciulescu.ro\/index.php\/wp-json\/wp\/v2\/posts"}],"about":[{"href":"https:\/\/oanastanciulescu.ro\/index.php\/wp-json\/wp\/v2\/types\/post"}],"author":[{"embeddable":true,"href":"https:\/\/oanastanciulescu.ro\/index.php\/wp-json\/wp\/v2\/users\/2"}],"replies":[{"embeddable":true,"href":"https:\/\/oanastanciulescu.ro\/index.php\/wp-json\/wp\/v2\/comments?post=843"}],"version-history":[{"count":1,"href":"https:\/\/oanastanciulescu.ro\/index.php\/wp-json\/wp\/v2\/posts\/843\/revisions"}],"predecessor-version":[{"id":844,"href":"https:\/\/oanastanciulescu.ro\/index.php\/wp-json\/wp\/v2\/posts\/843\/revisions\/844"}],"wp:attachment":[{"href":"https:\/\/oanastanciulescu.ro\/index.php\/wp-json\/wp\/v2\/media?parent=843"}],"wp:term":[{"taxonomy":"category","embeddable":true,"href":"https:\/\/oanastanciulescu.ro\/index.php\/wp-json\/wp\/v2\/categories?post=843"},{"taxonomy":"post_tag","embeddable":true,"href":"https:\/\/oanastanciulescu.ro\/index.php\/wp-json\/wp\/v2\/tags?post=843"}],"curies":[{"name":"wp","href":"https:\/\/api.w.org\/{rel}","templated":true}]}}