{"id":845,"date":"2023-03-29T15:22:20","date_gmt":"2023-03-29T15:22:20","guid":{"rendered":"https:\/\/oanastanciulescu.ro\/?p=845"},"modified":"2023-03-29T15:22:20","modified_gmt":"2023-03-29T15:22:20","slug":"29-de-senatori-pnl-au-votat-ordonanta-dragnea-rares-bogdan-sa-fie-limpede-pnl-nu-sustine-introducerea-unui-prag-pentru-abuz-in-serviciu","status":"publish","type":"post","link":"https:\/\/oanastanciulescu.ro\/index.php\/2023\/03\/29\/29-de-senatori-pnl-au-votat-ordonanta-dragnea-rares-bogdan-sa-fie-limpede-pnl-nu-sustine-introducerea-unui-prag-pentru-abuz-in-serviciu\/","title":{"rendered":"29 de senatori PNL au votat ordonan\u021ba Dragnea\/ Rare\u0219 Bogdan: S\u0103 fie limpede, PNL nu sus\u021bine introducerea unui prag pentru abuz \u00een serviciu"},"content":{"rendered":"<div class=\"x11i5rnm xat24cr x1mh8g0r x1vvkbs xdj266r x126k92a\">\n<div dir=\"auto\">29 de senatori PNL au votat cu neru\u0219inare dezincriminarea abuzului \u0219i neglijen\u021bei \u00een serviciu \u00een cazul unui prejudiciu mai mic de 250.000 de lei, adic\u0103 vechea ordona\u021b\u0103 de urgen\u021b\u0103 13 asumat\u0103 de Liviu Dragnea, doar cu alte sume, indexate cu infla\u021bia. \u00cen ciuda eviden\u021bei, prim vicepre\u0219edintele PNL, Rare\u0219 Bogdan, continu\u0103 aburelile pe pagina lui de Facebook, poate-poate mai reu\u0219e\u0219te s\u0103 p\u0103c\u0103leasc\u0103 pe cineva.<\/div>\n<div dir=\"auto\"><\/div>\n<div dir=\"auto\">\u201eS\u0103 fie limpede, PNL nu sus\u021bine introducerea unui prag pentru abuz \u00een serviciu\u201d, scrie \u0219eful de la PNL pe Facebook.<\/div>\n<\/div>\n<div dir=\"auto\"><\/div>\n<div dir=\"auto\"><\/div>\n<div class=\"x11i5rnm xat24cr x1mh8g0r x1vvkbs xdj266r x126k92a\">\n<div dir=\"auto\"><\/div>\n<\/div>\n<div class=\"x11i5rnm xat24cr x1mh8g0r x1vvkbs xtlvy1s x126k92a\">\n<div dir=\"auto\"><\/div>\n<\/div>\n","protected":false},"excerpt":{"rendered":"<p>29 de senatori PNL au votat cu neru\u0219inare dezincriminarea abuzului \u0219i neglijen\u021bei \u00een serviciu \u00een cazul unui prejudiciu mai mic de 250.000 de lei, adic\u0103 vechea ordona\u021b\u0103 de urgen\u021b\u0103 13 asumat\u0103 de Liviu Dragnea,&#46;&#46;&#46;<\/p>\n","protected":false},"author":2,"featured_media":544,"comment_status":"open","ping_status":"open","sticky":false,"template":"","format":"standard","meta":[],"categories":[2],"tags":[500,187,501,370,499],"_links":{"self":[{"href":"https:\/\/oanastanciulescu.ro\/index.php\/wp-json\/wp\/v2\/posts\/845"}],"collection":[{"href":"https:\/\/oanastanciulescu.ro\/index.php\/wp-json\/wp\/v2\/posts"}],"about":[{"href":"https:\/\/oanastanciulescu.ro\/index.php\/wp-json\/wp\/v2\/types\/post"}],"author":[{"embeddable":true,"href":"https:\/\/oanastanciulescu.ro\/index.php\/wp-json\/wp\/v2\/users\/2"}],"replies":[{"embeddable":true,"href":"https:\/\/oanastanciulescu.ro\/index.php\/wp-json\/wp\/v2\/comments?post=845"}],"version-history":[{"count":2,"href":"https:\/\/oanastanciulescu.ro\/index.php\/wp-json\/wp\/v2\/posts\/845\/revisions"}],"predecessor-version":[{"id":847,"href":"https:\/\/oanastanciulescu.ro\/index.php\/wp-json\/wp\/v2\/posts\/845\/revisions\/847"}],"wp:featuredmedia":[{"embeddable":true,"href":"https:\/\/oanastanciulescu.ro\/index.php\/wp-json\/wp\/v2\/media\/544"}],"wp:attachment":[{"href":"https:\/\/oanastanciulescu.ro\/index.php\/wp-json\/wp\/v2\/media?parent=845"}],"wp:term":[{"taxonomy":"category","embeddable":true,"href":"https:\/\/oanastanciulescu.ro\/index.php\/wp-json\/wp\/v2\/categories?post=845"},{"taxonomy":"post_tag","embeddable":true,"href":"https:\/\/oanastanciulescu.ro\/index.php\/wp-json\/wp\/v2\/tags?post=845"}],"curies":[{"name":"wp","href":"https:\/\/api.w.org\/{rel}","templated":true}]}}