{"id":848,"date":"2023-03-29T15:38:53","date_gmt":"2023-03-29T15:38:53","guid":{"rendered":"https:\/\/oanastanciulescu.ro\/?p=848"},"modified":"2023-03-29T15:38:53","modified_gmt":"2023-03-29T15:38:53","slug":"kovesi-despre-pragul-de-50-de-mii-de-euro-pentru-abuzul-in-serviciu-daca-aceste-modificari-ar-fi-adoptate-ar-afecta-investigatiile-eppo-si-ar-scadea-nivelul-existent-de-protectie-a-intereselor-fina","status":"publish","type":"post","link":"https:\/\/oanastanciulescu.ro\/index.php\/2023\/03\/29\/kovesi-despre-pragul-de-50-de-mii-de-euro-pentru-abuzul-in-serviciu-daca-aceste-modificari-ar-fi-adoptate-ar-afecta-investigatiile-eppo-si-ar-scadea-nivelul-existent-de-protectie-a-intereselor-fina\/","title":{"rendered":"Kovesi, despre pragul de 50 de mii de euro pentru abuzul \u00een serviciu: Dac\u0103 aceste modific\u0103ri ar fi adoptate, ar afecta investiga\u021biile EPPO \u0219i ar sc\u0103dea nivelul existent de protec\u021bie a intereselor financiare ale UE \u00een Rom\u00e2nia"},"content":{"rendered":"<p>\u0218efa Parchetulul European, Laura Codru\u021ba Kovesi, a declarat pentru <a href=\"https:\/\/www.g4media.ro\/laura-codruta-kovesi-despre-pragul-de-50-de-mii-de-euro-pentru-abuzul-in-serviciu-este-intentia-de-a-dezincrimina-partial-infractiunea-de-abuz-in-functie-daca-aceste-modificari-ar-fi-adoptate-ar-a.html\" target=\"_blank\" rel=\"noopener\">G4Media.ro<\/a> c\u0103 impunerea unui prag de 50 de mii de euro pentru ca abuzul \u00een serviciu s\u0103 fie considerat infrac\u021biune reprezint\u0103 o \u201dinten\u021bie de a dezincrimina par\u021bial infrac\u021biunea de abuz \u00een func\u021bie\u201d.<\/p>\n<p>\u201dDac\u0103 aceste modific\u0103ri ar fi adoptate, ar afecta investiga\u021biile EPPO \u0219i ar sc\u0103dea nivelul existent de protec\u021bie a intereselor financiare ale UE \u00een Rom\u00e2nia\u201d, a declarat Kovesi pentru G4Media.ro<\/p>\n","protected":false},"excerpt":{"rendered":"<p>\u0218efa Parchetulul European, Laura Codru\u021ba Kovesi, a declarat pentru G4Media.ro c\u0103 impunerea unui prag de 50 de mii de euro pentru ca abuzul \u00een serviciu s\u0103 fie considerat infrac\u021biune reprezint\u0103 o \u201dinten\u021bie de a&#46;&#46;&#46;<\/p>\n","protected":false},"author":2,"featured_media":849,"comment_status":"open","ping_status":"open","sticky":false,"template":"","format":"standard","meta":[],"categories":[2],"tags":[459,502],"_links":{"self":[{"href":"https:\/\/oanastanciulescu.ro\/index.php\/wp-json\/wp\/v2\/posts\/848"}],"collection":[{"href":"https:\/\/oanastanciulescu.ro\/index.php\/wp-json\/wp\/v2\/posts"}],"about":[{"href":"https:\/\/oanastanciulescu.ro\/index.php\/wp-json\/wp\/v2\/types\/post"}],"author":[{"embeddable":true,"href":"https:\/\/oanastanciulescu.ro\/index.php\/wp-json\/wp\/v2\/users\/2"}],"replies":[{"embeddable":true,"href":"https:\/\/oanastanciulescu.ro\/index.php\/wp-json\/wp\/v2\/comments?post=848"}],"version-history":[{"count":1,"href":"https:\/\/oanastanciulescu.ro\/index.php\/wp-json\/wp\/v2\/posts\/848\/revisions"}],"predecessor-version":[{"id":850,"href":"https:\/\/oanastanciulescu.ro\/index.php\/wp-json\/wp\/v2\/posts\/848\/revisions\/850"}],"wp:featuredmedia":[{"embeddable":true,"href":"https:\/\/oanastanciulescu.ro\/index.php\/wp-json\/wp\/v2\/media\/849"}],"wp:attachment":[{"href":"https:\/\/oanastanciulescu.ro\/index.php\/wp-json\/wp\/v2\/media?parent=848"}],"wp:term":[{"taxonomy":"category","embeddable":true,"href":"https:\/\/oanastanciulescu.ro\/index.php\/wp-json\/wp\/v2\/categories?post=848"},{"taxonomy":"post_tag","embeddable":true,"href":"https:\/\/oanastanciulescu.ro\/index.php\/wp-json\/wp\/v2\/tags?post=848"}],"curies":[{"name":"wp","href":"https:\/\/api.w.org\/{rel}","templated":true}]}}