{"id":858,"date":"2023-03-31T06:38:09","date_gmt":"2023-03-31T06:38:09","guid":{"rendered":"https:\/\/oanastanciulescu.ro\/?p=858"},"modified":"2023-03-31T06:38:09","modified_gmt":"2023-03-31T06:38:09","slug":"ce-au-decis-psd-si-pnl-un-special-se-va-pensiona-tot-la-45-de-ani-un-roman-obisnuit-la-65","status":"publish","type":"post","link":"https:\/\/oanastanciulescu.ro\/index.php\/2023\/03\/31\/ce-au-decis-psd-si-pnl-un-special-se-va-pensiona-tot-la-45-de-ani-un-roman-obisnuit-la-65\/","title":{"rendered":"Ce au decis PSD \u0219i PNL: Un \u201especial\u201d se va pensiona tot la 45 de ani, un rom\u00e2n obi\u0219nuit la 65"},"content":{"rendered":"<p><strong>Senatorii de la PSD-PNL-UDMR au votat \u00een plenul Senatului proiectul pensiilor speciale, \u00een forma decis\u0103 <a class=\"wsw__a\" href=\"https:\/\/romania.europalibera.org\/a\/amendamente-pensii-speciale-comisii\/32337626.html\" target=\"_blank\" rel=\"noopener\">\u00a0<\/a>\u00een comisiile de specialitate. Legea a fost votat\u0103 cu 79 de voturi \u201epentru\u201d \u0219i 37 \u201e\u00eempotriv\u0103\u201d. Doar c\u0103 nu s-au schimbat prea multe. De fapt, PSD \u0219i PNL au ignorat tot ceea ce a solicitat Comisia European\u0103, de la eliminarea pension\u0103rii la 45 de ani, la calculul pensiei \u00een func\u021bie de contributivitate.\u00a0<\/strong><\/p>\n<h3 class=\"wsw__h3\"><strong>Ce a cerut <a href=\"https:\/\/romania.europalibera.org\/a\/coalitie-amendamente-pensii-speciale-comisia-europeana\/32336245.html\" target=\"_blank\" rel=\"noopener\">Comisia European\u0103<\/a><\/strong><\/h3>\n<p><strong>Recomand\u0103rile \u00een privin\u021ba pensiilor magistra\u021bilor:<\/strong><\/p>\n<ul>\n<li>Alinierea cre\u0219terii pensiilor la sistemul contributiv;<\/li>\n<li>Cre\u0219terea vechimii \u00een munc\u0103-eliminarea posibilit\u0103\u021bii pension\u0103rii anticipate la v\u00e2rsta de 45 de ani;<\/li>\n<li>Calculul pensiei s\u0103 se raporteze la veniturile din \u00eentreaga carier\u0103 \u0219i nu la cele din ultimele 12 luni de munc\u0103;<\/li>\n<li>Rat\u0103 de \u00eenlocuire mai mic\u0103, de maximum 45% din veniturile salariale \u0219i nu de 80%;<\/li>\n<li>S\u0103 nu mai existe pensie mai mare dec\u00e2t salariul;<\/li>\n<\/ul>\n<p><strong>Recomand\u0103rile cu privire la pensiile militare:<\/strong><\/p>\n<ul>\n<li>Rata de \u00eenlocuire s\u0103 fie 45% din veniturile salariale, fa\u021b\u0103 de 65% c\u00e2t e \u00een prezent;<\/li>\n<li>Calculul pensiilor speciale s\u0103 se bazeze pe veniturile din \u00eentreaga carier\u0103;<\/li>\n<li>Cre\u0219terii pensiilor s\u0103 fie la fel ca \u00een sistemul contributiv, \u00een func\u021bie de infla\u021bie;<\/li>\n<\/ul>\n<p>\u00cen concluzi, pensionarea anticipat\u0103 r\u0103m\u00e2ne \u00een vigoare, \u0219i pe viitor vom g\u0103si tineri pensiona\u021bi la 45 de ani, reangaja\u021bi la stat. \u00cen tot acest timp, un rom\u00e2n obi\u0219nuit va merge la munc\u0103 \u00een plus \u00eenc\u0103 20 de ani.<\/p>\n<p>&nbsp;<\/p>\n","protected":false},"excerpt":{"rendered":"<p>Senatorii de la PSD-PNL-UDMR au votat \u00een plenul Senatului proiectul pensiilor speciale, \u00een forma decis\u0103 \u00a0\u00een comisiile de specialitate. Legea a fost votat\u0103 cu 79 de voturi \u201epentru\u201d \u0219i 37 \u201e\u00eempotriv\u0103\u201d. Doar c\u0103 nu&#46;&#46;&#46;<\/p>\n","protected":false},"author":2,"featured_media":599,"comment_status":"open","ping_status":"open","sticky":false,"template":"","format":"standard","meta":[],"categories":[2],"tags":[491,508,511,507,509,334,510],"_links":{"self":[{"href":"https:\/\/oanastanciulescu.ro\/index.php\/wp-json\/wp\/v2\/posts\/858"}],"collection":[{"href":"https:\/\/oanastanciulescu.ro\/index.php\/wp-json\/wp\/v2\/posts"}],"about":[{"href":"https:\/\/oanastanciulescu.ro\/index.php\/wp-json\/wp\/v2\/types\/post"}],"author":[{"embeddable":true,"href":"https:\/\/oanastanciulescu.ro\/index.php\/wp-json\/wp\/v2\/users\/2"}],"replies":[{"embeddable":true,"href":"https:\/\/oanastanciulescu.ro\/index.php\/wp-json\/wp\/v2\/comments?post=858"}],"version-history":[{"count":2,"href":"https:\/\/oanastanciulescu.ro\/index.php\/wp-json\/wp\/v2\/posts\/858\/revisions"}],"predecessor-version":[{"id":860,"href":"https:\/\/oanastanciulescu.ro\/index.php\/wp-json\/wp\/v2\/posts\/858\/revisions\/860"}],"wp:featuredmedia":[{"embeddable":true,"href":"https:\/\/oanastanciulescu.ro\/index.php\/wp-json\/wp\/v2\/media\/599"}],"wp:attachment":[{"href":"https:\/\/oanastanciulescu.ro\/index.php\/wp-json\/wp\/v2\/media?parent=858"}],"wp:term":[{"taxonomy":"category","embeddable":true,"href":"https:\/\/oanastanciulescu.ro\/index.php\/wp-json\/wp\/v2\/categories?post=858"},{"taxonomy":"post_tag","embeddable":true,"href":"https:\/\/oanastanciulescu.ro\/index.php\/wp-json\/wp\/v2\/tags?post=858"}],"curies":[{"name":"wp","href":"https:\/\/api.w.org\/{rel}","templated":true}]}}