{"id":876,"date":"2023-04-03T07:47:01","date_gmt":"2023-04-03T07:47:01","guid":{"rendered":"https:\/\/oanastanciulescu.ro\/?p=876"},"modified":"2023-04-03T07:49:39","modified_gmt":"2023-04-03T07:49:39","slug":"3000-de-romani-masacrati-de-sovietici-la-fantana-alba-de-ce-nu-prezinta-interes-pentru-profesori-si-politicieni","status":"publish","type":"post","link":"https:\/\/oanastanciulescu.ro\/index.php\/2023\/04\/03\/3000-de-romani-masacrati-de-sovietici-la-fantana-alba-de-ce-nu-prezinta-interes-pentru-profesori-si-politicieni\/","title":{"rendered":"3000 de rom\u00e2ni, masacra\u021bi de sovietici la F\u00e2nt\u00e2na Alb\u0103\/ De ce nu prezint\u0103 interes pentru profesori \u0219i politicieni"},"content":{"rendered":"<p><strong>\u00cen duminica Pa\u0219telui din 1941, care a c\u0103zut pe 1 aprilie, <\/strong><strong>3.000 de rom\u00e2ni din nordul Bucovinei, din satele de pe valea Siretului, au fost executa\u021bi de sovietici \u0219i arunca\u021bi \u00eentr-o groap\u0103 comun\u0103, chiar dac\u0103 unii \u00eenc\u0103 nu muriser\u0103, nu \u00eenainte ca cei care mai erau \u00een via\u021b\u0103 s\u0103 fie tortura\u021bi.\u00a0<\/strong><\/p>\n<p><strong>\u00cen duminica Pa\u0219telui din 1941, 3000 de rom\u00e2ni au pornit spre grani\u021ba cu Rom\u00e2nia, flutur\u00e2nd \u00een primele r\u00e2nduri ale coloanei un steag alb \u0219i av\u00e2nd zeci de icoane, prapuri \u0219i cruci din cetin\u0103, ca \u00eentr-o zi de s\u0103rb\u0103toare.\u00a0<\/strong><strong>NKVD-ul lansase zvonuri c\u0103 rom\u00e2nii care voiau s\u0103 se \u00eentoarc\u0103 \u00een \u021bar\u0103 vor fi l\u0103sa\u021bi s\u0103 o fac\u0103, doar pentru a putea s\u0103-i omoare.\u00a0<\/strong><\/p>\n<p><strong>\u00cen duminica Pa\u0219telui, la aproape 3 km de grani\u021ba cu Rom\u00e2nia,\u00a0\u00a0la F\u00e2nt\u00e2na Alb\u0103cei cei 3000 de rom\u00e2ni au fost secera\u021bi de gr\u0103nicerii sovietici, arunca\u021bi \u00eentr-o groap\u0103 comun\u0103, pe care au pus var stins.<\/strong><\/p>\n<p><strong>Masacrul de la F\u00e2nt\u00e2na Alb\u0103 din Bucovina de Nord, c\u00e2nd sovieticii au m\u0103cel\u0103rit, torturat, 3000 de rom\u00e2ni de toate v\u00e2rstele\u00a0 a fost \u021binut secret \u00een perioada comunist\u0103, \u00eens\u0103 pare c\u0103 nici acum nu prezint\u0103 prea mare interes.\u00a0<\/strong><\/p>\n<p><strong>De altfel, masacrul de la F\u00e2nt\u00e2na Alb\u0103 nu apare \u00een c\u0103r\u021bile de istorie \u0219i nu am auzit s\u0103 fie predat elevilor, nici la \u0219coala general\u0103, nici la liceu. Dup\u0103 45 de ani de t\u0103cere, este nedrept ca acest episod tragic s\u0103 nu fie prezentat, s\u0103 nu se \u00eencerce s\u0103 se aduc\u0103 la lumin\u0103 mai multe documente de arhiv\u0103. Din p\u0103cate, \u00een ziua de azi se fac doar sondaje de opinie pentru a vedea care este procentul rom\u00e2nilor rusofili, f\u0103r\u0103 s\u0103 se \u00eentreprind\u0103 nimic \u00een acest sens.<\/strong><\/p>\n<p><strong>Masacrul de la F\u00e2nt\u00e2na Alb\u0103 a avut loc dup\u0103 ce Basarabia \u0219i Bucovina de Nord au fost anexate de URSS, \u00een urma pactului Ribbentrop-Molotov semnat la Moscova la 23 august 1939. Co\u0219marul rom\u00e2nilor din acele teritorii nu poate fi descris.\u00a0<\/strong><\/p>\n<p>Foto- Memorialul Sighet<\/p>\n","protected":false},"excerpt":{"rendered":"<p>\u00cen duminica Pa\u0219telui din 1941, care a c\u0103zut pe 1 aprilie, 3.000 de rom\u00e2ni din nordul Bucovinei, din satele de pe valea Siretului, au fost executa\u021bi de sovietici \u0219i arunca\u021bi \u00eentr-o groap\u0103 comun\u0103, chiar&#46;&#46;&#46;<\/p>\n","protected":false},"author":2,"featured_media":878,"comment_status":"open","ping_status":"open","sticky":false,"template":"","format":"standard","meta":[],"categories":[2],"tags":[518,516,515,519,517,363],"_links":{"self":[{"href":"https:\/\/oanastanciulescu.ro\/index.php\/wp-json\/wp\/v2\/posts\/876"}],"collection":[{"href":"https:\/\/oanastanciulescu.ro\/index.php\/wp-json\/wp\/v2\/posts"}],"about":[{"href":"https:\/\/oanastanciulescu.ro\/index.php\/wp-json\/wp\/v2\/types\/post"}],"author":[{"embeddable":true,"href":"https:\/\/oanastanciulescu.ro\/index.php\/wp-json\/wp\/v2\/users\/2"}],"replies":[{"embeddable":true,"href":"https:\/\/oanastanciulescu.ro\/index.php\/wp-json\/wp\/v2\/comments?post=876"}],"version-history":[{"count":1,"href":"https:\/\/oanastanciulescu.ro\/index.php\/wp-json\/wp\/v2\/posts\/876\/revisions"}],"predecessor-version":[{"id":877,"href":"https:\/\/oanastanciulescu.ro\/index.php\/wp-json\/wp\/v2\/posts\/876\/revisions\/877"}],"wp:featuredmedia":[{"embeddable":true,"href":"https:\/\/oanastanciulescu.ro\/index.php\/wp-json\/wp\/v2\/media\/878"}],"wp:attachment":[{"href":"https:\/\/oanastanciulescu.ro\/index.php\/wp-json\/wp\/v2\/media?parent=876"}],"wp:term":[{"taxonomy":"category","embeddable":true,"href":"https:\/\/oanastanciulescu.ro\/index.php\/wp-json\/wp\/v2\/categories?post=876"},{"taxonomy":"post_tag","embeddable":true,"href":"https:\/\/oanastanciulescu.ro\/index.php\/wp-json\/wp\/v2\/tags?post=876"}],"curies":[{"name":"wp","href":"https:\/\/api.w.org\/{rel}","templated":true}]}}