{"id":884,"date":"2023-04-05T18:13:03","date_gmt":"2023-04-05T18:13:03","guid":{"rendered":"https:\/\/oanastanciulescu.ro\/?p=884"},"modified":"2023-04-05T18:13:03","modified_gmt":"2023-04-05T18:13:03","slug":"nesimtitii-din-coalitia-psd-pnl-udmr-comisia-europeana-avertisment-modificati-legea-pensiilor-speciale","status":"publish","type":"post","link":"https:\/\/oanastanciulescu.ro\/index.php\/2023\/04\/05\/nesimtitii-din-coalitia-psd-pnl-udmr-comisia-europeana-avertisment-modificati-legea-pensiilor-speciale\/","title":{"rendered":"Nesim\u021bi\u021bii din coali\u021bia PSD-PNL-UDMR. Comisia European\u0103, avertisment: Modifica\u021bi legea pensiilor speciale"},"content":{"rendered":"<p>Coali\u021bia PSD-PNL-UDMR pune pre\u021b mai mare pe pensiile speciale dec\u00e2t pe miliardele de euro de la Uniunea European\u0103, pe care am putea s\u0103 le primim din PNRR.<\/p>\n<p>Coali\u021bia PSD-PNL-UDMR dup\u0103 aceast\u0103 decizie, parafat\u0103 prin vot la Senat zilele trecute c\u00e2nd parlamentarii s-au pref\u0103cut c\u0103 fac reforma pensiilor speciale, ar trebuie s\u0103 fie moart\u0103 din punct de vedere politic.<\/p>\n<p>Coali\u021bia PSD-PNL-UDMR a crezut c\u0103 dac\u0103 proste\u0219te milioane de rom\u00e2ni, poate s\u0103 prosteasc\u0103 \u0219i Uniunea European\u0103. Sau poate a \u0219tiut exact c\u0103 nu p\u0103c\u0103le\u0219te oficialii reuropeni, \u00eens\u0103 pu\u021bin le pas\u0103 liderilor politici care conduc aceast\u0103 adun\u0103tur\u0103.<\/p>\n<p>Presa prezint\u0103 ast\u0103zi, pe surse, faptul c\u0103 de la Bruxelles li s-ar fi transmis c\u0103 au \u00een\u021beles perfect faptul c\u0103 mimeaz\u0103 reforma pensiilor speciale \u0219i, \u00een consecin\u021b\u0103, au fost avertiza\u021bi &#8211; dac\u0103 nu modifica\u021bi \u00een Camera Deputa\u021bilor proiectul privind pensiile speciale, nu primi\u021bi niciun ban.<\/p>\n<p>R\u0103m\u00e2ne de v\u0103zut dac\u0103 marii politicieni d\u00e2mbovi\u021beni se vor speria sau vor merge cu nesim\u021bire \u00eenainte.<\/p>\n<p>&nbsp;<\/p>\n","protected":false},"excerpt":{"rendered":"<p>Coali\u021bia PSD-PNL-UDMR pune pre\u021b mai mare pe pensiile speciale dec\u00e2t pe miliardele de euro de la Uniunea European\u0103, pe care am putea s\u0103 le primim din PNRR. Coali\u021bia PSD-PNL-UDMR dup\u0103 aceast\u0103 decizie, parafat\u0103 prin&#46;&#46;&#46;<\/p>\n","protected":false},"author":2,"featured_media":599,"comment_status":"open","ping_status":"open","sticky":false,"template":"","format":"standard","meta":[],"categories":[2],"tags":[491,13,508,334],"_links":{"self":[{"href":"https:\/\/oanastanciulescu.ro\/index.php\/wp-json\/wp\/v2\/posts\/884"}],"collection":[{"href":"https:\/\/oanastanciulescu.ro\/index.php\/wp-json\/wp\/v2\/posts"}],"about":[{"href":"https:\/\/oanastanciulescu.ro\/index.php\/wp-json\/wp\/v2\/types\/post"}],"author":[{"embeddable":true,"href":"https:\/\/oanastanciulescu.ro\/index.php\/wp-json\/wp\/v2\/users\/2"}],"replies":[{"embeddable":true,"href":"https:\/\/oanastanciulescu.ro\/index.php\/wp-json\/wp\/v2\/comments?post=884"}],"version-history":[{"count":2,"href":"https:\/\/oanastanciulescu.ro\/index.php\/wp-json\/wp\/v2\/posts\/884\/revisions"}],"predecessor-version":[{"id":886,"href":"https:\/\/oanastanciulescu.ro\/index.php\/wp-json\/wp\/v2\/posts\/884\/revisions\/886"}],"wp:featuredmedia":[{"embeddable":true,"href":"https:\/\/oanastanciulescu.ro\/index.php\/wp-json\/wp\/v2\/media\/599"}],"wp:attachment":[{"href":"https:\/\/oanastanciulescu.ro\/index.php\/wp-json\/wp\/v2\/media?parent=884"}],"wp:term":[{"taxonomy":"category","embeddable":true,"href":"https:\/\/oanastanciulescu.ro\/index.php\/wp-json\/wp\/v2\/categories?post=884"},{"taxonomy":"post_tag","embeddable":true,"href":"https:\/\/oanastanciulescu.ro\/index.php\/wp-json\/wp\/v2\/tags?post=884"}],"curies":[{"name":"wp","href":"https:\/\/api.w.org\/{rel}","templated":true}]}}