{"id":891,"date":"2023-04-07T06:02:39","date_gmt":"2023-04-07T06:02:39","guid":{"rendered":"https:\/\/oanastanciulescu.ro\/?p=891"},"modified":"2023-04-07T06:07:25","modified_gmt":"2023-04-07T06:07:25","slug":"israelul-loveste-libanul-si-gaza-dupa-un-mare-atac-cu-rachete","status":"publish","type":"post","link":"https:\/\/oanastanciulescu.ro\/index.php\/2023\/04\/07\/israelul-loveste-libanul-si-gaza-dupa-un-mare-atac-cu-rachete\/","title":{"rendered":"Israelul love\u0219te Libanul \u0219i Gaza dup\u0103 un mare atac cu rachete"},"content":{"rendered":"<p><strong>Pe scurt:<\/strong><\/p>\n<p><strong>*Armata israelian\u0103 a lovit \u021binte legate de Hamas \u00een Liban \u0219i peste F\u00e2\u0219ia Gaza<\/strong><\/p>\n<p><strong>*Ramadanul \u0219i Pa\u0219tele ridic\u0103 tensiuni \u00een locul sf\u00e2nt al Ierusalimului<\/strong><br \/>\n<strong>*Violen\u021b\u0103 \u00een timp ce poli\u021bia israelian\u0103 atac\u0103 moscheea al-Aqsa<\/strong><\/p>\n<p>Armata israelian\u0103 declar\u0103 c\u0103 a lovit \u021binte legate de gruparea militant\u0103 palestinian\u0103 Hamas \u00een Liban \u0219i peste F\u00e2\u0219ia Gaza, relateaz\u0103 <a href=\"https:\/\/www.bbc.com\/news\/world-middle-east-65210045\" target=\"_blank\" rel=\"noopener\">BBC<\/a>.<\/p>\n<p>Atacurile vin dup\u0103 un bombardament major cu rachete asupra Israelului din Liban, pentru care israelienii au \u00eenvinuit Hamas-ul.<\/p>\n<p>For\u021bele de Ap\u0103rare Israeliene (IDF) au declarat c\u0103 infrastructura \u201eterorist\u0103\u201d a Hamas a fost lovit\u0103 \u00een sudul Libanului.<\/p>\n<p>Tensiunile sunt mari dup\u0103 ce poli\u021bia israelian\u0103 a perchezi\u021bionat moscheea al-Aqsa din Ierusalim mai multe nop\u021bi consecutive, la \u00eenceputul acestei s\u0103pt\u0103m\u00e2ni.<\/p>\n<p>Moscheea este al treilea loc sf\u00e2nt al islamului, iar raidurile israeliene au declan\u0219at confrunt\u0103ri violente cu palestinienii din interior \u0219i au provocat indignare \u00een \u00eentreaga regiune.<\/p>\n<p>\u0218eful Hamas Ismail Haniyeh, care se afla \u00een Liban c\u00e2nd au fost lansate rachetele, a spus c\u0103 palestinienii nu vor \u201esta cu bra\u021bele \u00eencruci\u0219ate\u201d \u00een fa\u021ba agresiunii israeliene.<\/p>\n<p>IDF a ad\u0103ugat c\u0103 nu va permite Hamas s\u0103 opereze din Liban \u0219i a considerat Libanul \u201eresponsabil pentru fiecare incendiu direc\u021bionat emanat de pe teritoriul s\u0103u\u201d.<\/p>\n","protected":false},"excerpt":{"rendered":"<p>Pe scurt: *Armata israelian\u0103 a lovit \u021binte legate de Hamas \u00een Liban \u0219i peste F\u00e2\u0219ia Gaza *Ramadanul \u0219i Pa\u0219tele ridic\u0103 tensiuni \u00een locul sf\u00e2nt al Ierusalimului *Violen\u021b\u0103 \u00een timp ce poli\u021bia israelian\u0103 atac\u0103 moscheea&#46;&#46;&#46;<\/p>\n","protected":false},"author":2,"featured_media":0,"comment_status":"open","ping_status":"open","sticky":false,"template":"","format":"standard","meta":[],"categories":[2],"tags":[525,523,242,524,517,526],"_links":{"self":[{"href":"https:\/\/oanastanciulescu.ro\/index.php\/wp-json\/wp\/v2\/posts\/891"}],"collection":[{"href":"https:\/\/oanastanciulescu.ro\/index.php\/wp-json\/wp\/v2\/posts"}],"about":[{"href":"https:\/\/oanastanciulescu.ro\/index.php\/wp-json\/wp\/v2\/types\/post"}],"author":[{"embeddable":true,"href":"https:\/\/oanastanciulescu.ro\/index.php\/wp-json\/wp\/v2\/users\/2"}],"replies":[{"embeddable":true,"href":"https:\/\/oanastanciulescu.ro\/index.php\/wp-json\/wp\/v2\/comments?post=891"}],"version-history":[{"count":3,"href":"https:\/\/oanastanciulescu.ro\/index.php\/wp-json\/wp\/v2\/posts\/891\/revisions"}],"predecessor-version":[{"id":894,"href":"https:\/\/oanastanciulescu.ro\/index.php\/wp-json\/wp\/v2\/posts\/891\/revisions\/894"}],"wp:attachment":[{"href":"https:\/\/oanastanciulescu.ro\/index.php\/wp-json\/wp\/v2\/media?parent=891"}],"wp:term":[{"taxonomy":"category","embeddable":true,"href":"https:\/\/oanastanciulescu.ro\/index.php\/wp-json\/wp\/v2\/categories?post=891"},{"taxonomy":"post_tag","embeddable":true,"href":"https:\/\/oanastanciulescu.ro\/index.php\/wp-json\/wp\/v2\/tags?post=891"}],"curies":[{"name":"wp","href":"https:\/\/api.w.org\/{rel}","templated":true}]}}