{"id":915,"date":"2023-06-30T07:06:39","date_gmt":"2023-06-30T07:06:39","guid":{"rendered":"https:\/\/oanastanciulescu.ro\/?p=915"},"modified":"2023-06-30T07:49:09","modified_gmt":"2023-06-30T07:49:09","slug":"mergeti-sa-vedeti-documentarul-cazul-inginerului-ursu-pe-4-iulie-vom-afla-cat-de-adanci-sunt-radacinile-securitatii","status":"publish","type":"post","link":"https:\/\/oanastanciulescu.ro\/index.php\/2023\/06\/30\/mergeti-sa-vedeti-documentarul-cazul-inginerului-ursu-pe-4-iulie-vom-afla-cat-de-adanci-sunt-radacinile-securitatii\/","title":{"rendered":"Merge\u021bi s\u0103 vede\u021bi documentarul \u201eCazul inginerului Ursu\u201d\/ Pe 4 iulie vom afla c\u00e2t de ad\u00e2nci sunt r\u0103d\u0103cinile Securit\u0103\u021bii"},"content":{"rendered":"<p>Am fost asear\u0103 la avanpremiera filmului \u2018Cazul inginerului Ursu\u2019, la cinema Muzeul \u0162\u0103ranului, \u0219i am avut aceea\u0219i senza\u021bie pe care o avusesem cu aproape 30 de ani \u00een urm\u0103 c\u00e2nd am fost la cinema Scala s\u0103 v\u0103d filmul \u201ePia\u021ba Universit\u0103\u021bii\u201d a lui Stere Gulea &#8211; c\u0103 sunt \u00een siguran\u021b\u0103, c\u0103 m\u0103 aflu printre prieteni, printre oameni care v\u0103d lucrurile la fel, dar care sunt din ce \u00een ce mai pu\u021bini \u0219i mai izola\u021bi.<\/p>\n<p>La finalul documentarului m-a \u00eencercat un sentiment de neputin\u021b\u0103 \u0219i de furie &#8211; cum naiba este posibil ca o persoan\u0103 s\u0103 se bat\u0103 cu statul rom\u00e2n 33 de ani pentru a se face dreptate? \u00cen ce \u021bar\u0103 autentic democratic\u0103 se \u00eent\u00e2mp\u0103 a\u0219a ceva? C\u00e2t de puternice s\u0103 fie r\u0103d\u0103cinile Securit\u0103\u021bii ca s\u0103 fie nevoie ca Andrei Ursu s\u0103 intre de dou\u0103 ori \u00een greva foamei pentru a nu se \u00eenchide definitiv acest dosar, pentru a se \u00eengropa adev\u0103rul, iar tor\u021bionarii s\u0103-\u0219i tr\u0103iasc\u0103 traiul de pensionari speciali lini\u0219ti\u021bi. Sentin\u021ba definitiv\u0103 \u00een acest dosar, al asasin\u0103rii inginerului Gheorghe Ursu, se va da pe 4 iulie 2023. Atunci vom afla \u0219i r\u0103spunsul la aceast\u0103 \u00eentrebare.<\/p>\n<p>\u201e\u00centrebarea este de ce, dup\u0103 at\u00e2tea crime \u2013 \u00eei mai ascult pe doi tor\u0163ionari care au o anumit\u0103 v\u00e2rst\u0103, cel pu\u0163in unul din ei, ajuns la 80 de ani \u2013 ce putere mai au securi\u015ftii, cum reu\u015fesc s\u0103 influen\u0163eze pozitiv, asta e terminologia securit\u0103\u0163ii, magistra\u0163i, cum e posibil ca justi\u0163ia, \u00eenc\u0103 la 33 de ani (mai t\u00e2rziu \u2013 n.r.) s\u0103 \u015fchioapete \u00een halul \u0103sta, c\u00e2nd probele sunt at\u00e2t de concludente?\u201d, a spus Andrei Ursu.<\/p>\n<p>\u00cen cazul lui Gheorghe Ursu exist\u0103 la dosar \u201ezeci de m\u0103rturii scrise, \u00eenregistrate\u201d, care par c\u0103 nu au impresionat judec\u0103torii p\u00e2n\u0103 acum.<\/p>\n<p>Nu doar tat\u0103l s\u0103u a fost torturat, ci \u0219i muncitorii de la Bra\u015fov, dup\u0103 revolta din 1987, care au fost b\u0103tu\u021bi \u0219i schingiui\u021bi, a\u0219a cum proceda, de altfel, Securitatea.<\/p>\n<p>\u201eCam asta este miza, ace\u015fti fo\u015fti tor\u0163ionari nu sunt doar P\u00eervulescu\u00a0 \u015fi Hodi\u015f. Sunt sute. Fiindc\u0103 la Bra\u015fov au fost \u2013 \u015ftim \u015fi avem pe list\u0103 \u2013 am g\u0103sit lista ofi\u0163erilor de Securitate care i-au scos pe bra\u015foveni la anchet\u0103, de la CNSAS. \u00cei \u015ftim, cu nume \u015fi prenume, cum \u00eei scoteau nop\u0163ile, ore \u00eentregi \u015fi martori, victimele, povestesc cum erau b\u0103tu\u0163i \u00eentr-un mod bestial, cum spun ei, \u00een mod stalinist sau medieval. Torturi medievale, \u00een 1987. Oamenii \u0103\u015ftia sunt printre noi, tor\u0163ionarii. Dac\u0103 \u00eei condamn\u0103 pe ace\u015fti doi, \u00eenseamn\u0103 c\u0103 a existat situa\u0163ia \u2013 premis\u0103. \u00censeamn\u0103 c\u0103 a fost, \u00eentr-adev\u0103r, un regim criminal \u015fi dup\u0103 1965. \u015ei p\u00e2n\u0103 la urm\u0103, de aia noi rom\u00e2nii am acceptat un regim care ducea \u0163ara de r\u00e2p\u0103 \u015fi ne umilea cultul personalit\u0103\u0163ii lui Ceau\u015fescu \u2013 nu de frica lui Ceau\u015fescu, de frica Securit\u0103\u0163ii, cei 500.000 de informatori. Asta e miza\u201d, a spus Andrei Ursu.<\/p>\n<p>De deznod\u0103m\u00e2ntul acestui caz, pe care \u00eel vor decide judec\u0103torii pe 4 iulie, depinde \u0219i cum va ar\u0103ta Rom\u00e2nia de acum \u00eenainte. Cazul inginerului Gheorghe Ursu omor\u00e2t \u00een b\u0103taie \u00een beciurile Securit\u0103\u021bii, \u00eens\u0103 cu criminalii \u00een libertate, ar trebui s\u0103 intereseze \u00eentreaga societate.<\/p>\n<p>\u201eMarea miz\u0103 a filmului, deoarece nu este vorba doar de Gheorghe Ursu \u0219i de odiseea lui Andrei Ursu, ele sunt doar o exemplificare a unei probleme ale societ\u0103\u021bii, este vorba despre crimele comunismului. Ar fi bine s\u0103 ne amintim c\u0103 \u00een cei 33 de ani de la Revolu\u021bie nu mai exist\u0103 niciun ofi\u021ber de Securitate condamnat pentru vreo fapt\u0103 comis\u0103 p\u00e2n\u0103 \u00een 1989, niciunul, niciunul\u201d, a spus \u0219i Liviu Tofan, cel care a realizat acest film documentar, al\u0103turi de \u0218erban Gerogescu.<\/p>\n<p><strong>Mic istoric<\/strong><\/p>\n<p>Inginer constructor \u015fi poet, Gheorghe Ursu a fost ucis \u00een arestul Securit\u0103\u0163ii, \u00een noiembrie 1985, ca urmare a unei scrisori trimis\u0103 la Europa Liber\u0103 prin care denun\u0163a decizia lui Nicolae Ceau\u015fescu de a opri consolidarea cl\u0103dirilor afectate de cutremurul din 4 martie 1977. Realizat de Liviu Tofan \u015fi \u015eerban Georgescu (Kolectiv film), filmul reconstituie cazul Gheorghe Ursu prin nara\u0163iunea lui Andrei Ursu \u2013 martor al evenimentelor de atunci \u015fi erou principal al \u00eent\u00e2mpl\u0103rilor de acum. Pe data de 1 iulie Gheorghe Ursu ar fi \u00eemplinit 97 de ani, iar pe data de 4 iulie se \u00eencheie, prin verdictul final, procesul ini\u0163iat, cu mai bine de 30 ani \u00een urm\u0103, de fiul lui Gheorghe Ursu. Acest verdict ar putea fi un act de justi\u0163ie deopotriv\u0103 personal\u0103 \u015fi na\u0163ional\u0103, pentru c\u0103 finalizarea procesului prin condamnarea vinova\u0163ilor ar reprezenta \u015fi prima condamnare a unor tor\u0163ionari comuni\u015fti din anii 1980. Acest fapt ar putea constitui un precedent relevant pentru alte dosare importante ale rom\u00e2nilor, precum Dosarul Revolu\u0163iei (1989) sau Dosarul Revoltei de la Bra\u015fov (1987).<\/p>\n<p><a href=\"https:\/\/oanastanciulescu.ro\/wp-content\/uploads\/2023\/06\/film.jpg\"><img decoding=\"async\" loading=\"lazy\" class=\"alignleft size-large wp-image-916\" src=\"https:\/\/oanastanciulescu.ro\/wp-content\/uploads\/2023\/06\/film-450x600.jpg\" alt=\"\" width=\"450\" height=\"600\" srcset=\"https:\/\/oanastanciulescu.ro\/wp-content\/uploads\/2023\/06\/film-450x600.jpg 450w, https:\/\/oanastanciulescu.ro\/wp-content\/uploads\/2023\/06\/film-225x300.jpg 225w, https:\/\/oanastanciulescu.ro\/wp-content\/uploads\/2023\/06\/film-768x1024.jpg 768w, https:\/\/oanastanciulescu.ro\/wp-content\/uploads\/2023\/06\/film.jpg 810w\" sizes=\"(max-width: 450px) 100vw, 450px\" \/><\/a><\/p>\n","protected":false},"excerpt":{"rendered":"<p>Am fost asear\u0103 la avanpremiera filmului \u2018Cazul inginerului Ursu\u2019, la cinema Muzeul \u0162\u0103ranului, \u0219i am avut aceea\u0219i senza\u021bie pe care o avusesem cu aproape 30 de ani \u00een urm\u0103 c\u00e2nd am fost la cinema&#46;&#46;&#46;<\/p>\n","protected":false},"author":2,"featured_media":917,"comment_status":"open","ping_status":"open","sticky":false,"template":"","format":"standard","meta":[],"categories":[2],"tags":[115,539,540],"_links":{"self":[{"href":"https:\/\/oanastanciulescu.ro\/index.php\/wp-json\/wp\/v2\/posts\/915"}],"collection":[{"href":"https:\/\/oanastanciulescu.ro\/index.php\/wp-json\/wp\/v2\/posts"}],"about":[{"href":"https:\/\/oanastanciulescu.ro\/index.php\/wp-json\/wp\/v2\/types\/post"}],"author":[{"embeddable":true,"href":"https:\/\/oanastanciulescu.ro\/index.php\/wp-json\/wp\/v2\/users\/2"}],"replies":[{"embeddable":true,"href":"https:\/\/oanastanciulescu.ro\/index.php\/wp-json\/wp\/v2\/comments?post=915"}],"version-history":[{"count":7,"href":"https:\/\/oanastanciulescu.ro\/index.php\/wp-json\/wp\/v2\/posts\/915\/revisions"}],"predecessor-version":[{"id":924,"href":"https:\/\/oanastanciulescu.ro\/index.php\/wp-json\/wp\/v2\/posts\/915\/revisions\/924"}],"wp:featuredmedia":[{"embeddable":true,"href":"https:\/\/oanastanciulescu.ro\/index.php\/wp-json\/wp\/v2\/media\/917"}],"wp:attachment":[{"href":"https:\/\/oanastanciulescu.ro\/index.php\/wp-json\/wp\/v2\/media?parent=915"}],"wp:term":[{"taxonomy":"category","embeddable":true,"href":"https:\/\/oanastanciulescu.ro\/index.php\/wp-json\/wp\/v2\/categories?post=915"},{"taxonomy":"post_tag","embeddable":true,"href":"https:\/\/oanastanciulescu.ro\/index.php\/wp-json\/wp\/v2\/tags?post=915"}],"curies":[{"name":"wp","href":"https:\/\/api.w.org\/{rel}","templated":true}]}}